{"id":59373,"date":"2024-04-22T09:00:51","date_gmt":"2024-04-22T07:00:51","guid":{"rendered":"https:\/\/solarchitecture.ch\/raggruppamento-ai-fini-del-consumo-proprio-rcp-di-cosa-si-tratta\/"},"modified":"2024-09-16T11:15:04","modified_gmt":"2024-09-16T09:15:04","slug":"raggruppamento-ai-fini-del-consumo-proprio-rcp-di-cosa-si-tratta","status":"publish","type":"post","link":"https:\/\/solarchitecture.ch\/it\/raggruppamento-ai-fini-del-consumo-proprio-rcp-di-cosa-si-tratta\/","title":{"rendered":"Raggruppamento ai fini del Consumo Proprio (RCP) \u2013 di cosa si tratta?"},"content":{"rendered":"<div class=\"wpb-content-wrapper\"><p>[vc_row][vc_column offset=&#8221;vc_hidden-lg vc_hidden-md vc_hidden-sm vc_hidden-xs&#8221;][vc_acf field_group=&#8221;30126&#8243; field_from_30126=&#8221;field_5c079de146ee1&#8243;][\/vc_column][\/vc_row][vc_row][vc_column]<div class=\"dfd-spacer-module\"  data-units=\"px\" data-wide_resolution=\"1280\" data-wide_size=\"100\" data-normal_resolution=\"1024\" data-normal_size=\"100\" data-tablet_resolution=\"800\" data-tablet_size=\"50\" data-mobile_resolution=\"480\" data-mobile_size=\"50\" style=\"height: 100px;\"><\/div>[\/vc_column][\/vc_row][vc_row][vc_column width=&#8221;3\/4&#8243; dfd_column_responsive_enable=&#8221;dfd-column-responsive-enable&#8221; css=&#8221;.vc_custom_1548941680917{border-right-width: 1px !important;padding-right: 25px !important;padding-left: 25px !important;border-right-color: #000000 !important;border-right-style: solid !important;}&#8221; responsive_styles=&#8221;border_right_mobile:0&#8243;]<div class=\"dfd-heading-shortcode\"><div class=\"dfd-heading-module-wrap  text-left style_01 cr-animate-gen dfd-heading-69f0ef657fe4d dfd-enable-resposive-headings\" id=\"dfd-heading-69f0ef657fe4d\" data-animate-type = \"transition.slideLeftIn\" ><div class=\"inline-block\"><div class=\"dfd-heading-module\"><div class=\"widget-title dfd-title block-title\" style=\"font-family:Montserrat; font-weight:700; font-style:normal; font-size: 35px; color: #000000 !important; line-height: 45px; letter-spacing: 0px; \">Raggruppamento ai fini del Consumo Proprio (RCP) \u2013 di cosa si tratta?<\/div><\/div><\/div><\/div><script type=\"text\/javascript\">\r\n\t\t\t\t\t\t\t\t\t(function($) {\r\n\t\t\t\t\t\t\t\t\t\t$(\"head\").append(\"<style>.dfd-heading-69f0ef657fe4d.dfd-heading-module-wrap .dfd-heading-module .dfd-heading-delimiter {margin-top:10px;margin-bottom:10px;}@media (max-width: 1279px) and (min-width: 1024px){.dfd-heading-69f0ef657fe4d .dfd-title{font-size: 40px !important;letter-spacing: 0px !important;line-height: 45px !important;}}@media (max-width: 1023px) and (min-width: 800px){.dfd-heading-69f0ef657fe4d .dfd-title{font-size: 35px !important;letter-spacing: 0px !important;line-height: 40px !important;}}@media (max-width: 799px){.dfd-heading-69f0ef657fe4d .dfd-title{font-size: 30px !important;letter-spacing: 0px !important;line-height: 35px !important;}}<\/style>\");\r\n\t\t\t\t\t\t\t\t\t})(jQuery);\r\n\t\t\t\t\t\t\t\t<\/script><\/div>[vc_column_text css=&#8221;.vc_custom_1712745022732{padding-bottom: 30px !important;}&#8221;]22 aprile 2024[\/vc_column_text][vc_single_image image=&#8221;59360&#8243; img_size=&#8221;full&#8221;][vc_column_text css=&#8221;.vc_custom_1713163182224{padding-top: 10px !important;padding-bottom: 10px !important;}&#8221;]<\/p>\n<h3 style=\"text-align: left;\">L&#8217;associazione per l&#8217;autoconsumo Zimel (ZEV Zimel) \u00e8 in cantiere sul terreno edificabile della societ\u00e0 Unter\u00e4geri dalla primavera del 2020. Il sito comprende attualmente 12 edifici con 101 appartamenti. Attualmente sono in costruzione altri cinque condomini per un totale di 48 appartamenti. L&#8217;approvvigionamento energetico del sito \u00e8 il pi\u00f9 possibile locale. Fonte: \u00a9 smart-me.<\/h3>\n<p>[\/vc_column_text][vc_column_text css=&#8221;.vc_custom_1726326314712{padding-top: 25px !important;}&#8221;]La realizzazione di un impianto fotovoltaico \u00e8 un primo passo verso l\u2019abbandono dei combustibili fossili. Per sfruttare appieno i benefici dell\u2019energia fotovoltaica diventa per\u00f2 sostanziale massimizzare l&#8217;efficienza dell\u2019impianto attraverso un consumo razionale e una strategia di raggruppamento delle utenze ai fini del consumo proprio.<\/p>\n<p>&nbsp;<\/p>\n<p><strong>Definizione:<\/strong><br \/>\n<em>Per \u00abconsumo proprio\u00bb si intende il consumo diretto di energia elettrica sul luogo di produzione, contemporaneamente alla produzione, oppure il contemporaneo accumulo e successivo consumo sul luogo di produzione.<\/em><\/p>\n<p>&nbsp;<\/p>\n<p>Obiettivo di un RCP (raggruppamento ai fini del consumo proprio) \u00e8 quello di ridurre il quantitativo di energia elettrica acquistata dalla rete e di ottimizzare\/massimizzare l\u2019utilizzo in loco di energia elettrica fotovoltaica (autoconsumo).<\/p>\n<p>&nbsp;<\/p>\n<p>Lo sfasamento tra la produzione di energia fotovoltaica e il fabbisogno delle utenze porta a tassi relativamente modesti di autoconsumo, a meno che non siano disponibili localmente costose soluzioni di accumulo. Un&#8217;alternativa alle batterie \u00e8 l&#8217;aggregazione della domanda di diversi prosumer (consumatori), in quanto il diagramma di carico collettivo pu\u00f2 adattarsi meglio alla disponibilit\u00e0 di energia fotovoltaica.[\/vc_column_text]<div class=\"dfd-spacer-module\"  data-units=\"px\" data-wide_resolution=\"1280\" data-wide_size=\"50\" data-normal_resolution=\"1024\" data-normal_size=\"50\" data-tablet_resolution=\"800\" data-tablet_size=\"25\" data-mobile_resolution=\"480\" data-mobile_size=\"25\" style=\"height: 50px;\"><\/div>[vc_single_image image=&#8221;59371&#8243; img_size=&#8221;full&#8221;][vc_column_text css=&#8221;.vc_custom_1713163344799{padding-top: 10px !important;padding-bottom: 10px !important;}&#8221;]<\/p>\n<h3 style=\"text-align: left;\">Diagramma giornaliero schematico per la produzione e il consumo con un impianto fotovoltaico. \u00a9 Basler &amp; Hofmann AG.<\/h3>\n<p>[\/vc_column_text][vc_column_text css=&#8221;.vc_custom_1712756762590{padding-top: 25px !important;}&#8221;]Generalmente ad ogni utente viene assegnato un proprio contatore e abbonamento per la fornitura di energia elettrica. A seguito della creazione di un RCP viene invece installato un contatore generale per l&#8217;intera comunit\u00e0 energetica. L&#8217;azienda elettrica gestir\u00e0 solo questo contatore, mentre il proprietario dell&#8217;impianto si occuper\u00e0 della lettura e della fatturazione dei singoli contatori privati degli utenti.<\/p>\n<p>&nbsp;<\/p>\n<p>I costi per gli utenti sono solitamente inferiori rispetto alla tariffa media dell&#8217;azienda elettrica in quanto i costi amministrativi sono inferiori. Viene stipulato un unico abbonamento con l\u2019azienda elettrica concernente il contatore generale assegnato al RCP. Inoltre il costo dell\u2019elettricit\u00e0 fornita non pu\u00f2 in nessun caso superare quello del prodotto equivalente fornito dall\u2019azienda elettrica locale.<\/p>\n<p>&nbsp;<\/p>\n<p>Considerando che le aziende elettriche locali sono si tenute ad acquistare e rimunerare l\u2019elettricit\u00e0 prodotta in eccedenza, ma che le tariffe di rimunerazione sono generalmente molto inferiori rispetto al costo dell\u2019elettricit\u00e0 che fornisce l\u2019azienda stessa, maggiore sar\u00e0 la quota parte di energia autoprodotta che un RCP riesce a consumare in loco, minore sar\u00e0 il fabbisogno di energia elettrica da acquistare dalla rete.<\/p>\n<p>&nbsp;<\/p>\n<p>In sostanza, un raggruppamento ai fini del consumo proprio \u00e8 vantaggioso sia per il cliente, che paga meno la corrente elettrica, sia per il proprietario dell&#8217;impianto, che vende l&#8217;energia prodotta dal suo impianto ad un prezzo superiore rispetto a quello di acquisto da parte dell&#8217;azienda elettrica. Ricordiamo che la rimunerazione dell&#8217;energia e dei certificati \u00e8 definita annualmente dalle aziende elettriche cantonali in considerazione dell&#8217;evoluzione dell&#8217;indice della borsa elettrica svizzera Swissix e dei prezzi delle Garanzie di origine (GO).<\/p>\n<p>&nbsp;<\/p>\n<p>Prendendo l\u2019esempio ticinese, ad eccezione del record di 22 cts\/kWh visto nel 2022 a causa della forte instabilit\u00e0 del mercato energetico dovuta alla guerra in Ucraina e ai relativi problemi di fornitura di gas, queste tariffe si assestano pi\u00f9 realisticamente sotto ai 10 cts\/kWh (8.5 cts\/kWh nel 2023).<\/p>\n<p>&nbsp;<\/p>\n<p>Ergo: si tratta di un\u2019operazione che \u00e8 finanziariamente interessante sia per le propriet\u00e0 per piani che per gli edifici a reddito.<\/p>\n<p>&nbsp;<\/p>\n<p>Per maggiori informazioni segnaliamo il documento \u201cGuida pratica per il consumo proprio\u201d elaborato su incarico di SvizzeraEnergia da Swissolar, Associazione Svizzera Proprietari Fondiari (APF Svizzera), Associazione Svizzera Inquilini (ASI) con coinvolgimento dell\u2019Associazione delle aziende elettriche svizzere (AES).[\/vc_column_text]<div class=\"dfd-spacer-module\"  data-units=\"px\" data-wide_resolution=\"1280\" data-wide_size=\"50\" data-normal_resolution=\"1024\" data-normal_size=\"49\" data-tablet_resolution=\"800\" data-tablet_size=\"25\" data-mobile_resolution=\"480\" data-mobile_size=\"25\" style=\"height: 50px;\"><\/div>[vc_single_image image=&#8221;59346&#8243; img_size=&#8221;full&#8221;][vc_column_text css=&#8221;.vc_custom_1712756925498{padding-top: 10px !important;padding-bottom: 10px !important;}&#8221;]<\/p>\n<h3 style=\"text-align: left;\">Dal 2018 la Legge federale sull\u2019energia consente la costituzione di RCP, permettendo di fatto a pi\u00f9 utenti di condividere l&#8217;energia prodotta da uno o pi\u00f9 impianti fotovoltaici. Fonte: \u00a9 Solarspar.<\/h3>\n<p>[\/vc_column_text][vc_column_text css=&#8221;.vc_custom_1712755035194{padding-top: 25px !important;}&#8221;]<strong>Un esempio: Lugaggia Innovation Community (LIC)<\/strong><\/p>\n<p>&nbsp;<\/p>\n<p>In Ticino, il progetto \u201cLugaggia Innovation Community\u201d ha avuto grande risalto e sta dando origine a ulteriori iniziative simili.<br \/>\nIl progetto pilota ha raggruppato 18 proprietari di case unifamiliari, di cui sei con impianti fotovoltaici (per un totale di 72 kWp), formando un RCP comprendente anche la produzione fotovoltaica scaturita dell\u2019impianto presso la vicina scuola dell&#8217;infanzia (30 kWp). \u00c8 stata inoltre integrata una batteria di quartiere (60 kWh) e un meccanismo di controllo basato su blockchain.<\/p>\n<p>&nbsp;<\/p>\n<p>Grazie alla batteria e alla gestione del carico, l&#8217;autoconsumo \u00e8 aumentato significativamente, raggiungendo una quota del 94%. Ci\u00f2 alleggerisce la rete di distribuzione locale e rende pi\u00f9 redditizio l&#8217;utilizzo dell&#8217;energia solare autoprodotta per gli utenti del RCP. Le utenze domestiche RCP ricevono l&#8217;energia a un costo medio inferiore a 16 centesimi per kWh rispetto a quelle non facenti parte del RCP. I proprietari degli impianti fotovoltaici all&#8217;interno del RCP possono inoltre vendere la loro energia a prezzi migliori rispetto alle tariffe di remunerazione generalmente applicate all&#8217;azienda elettrica locale.<\/p>\n<p>&nbsp;<\/p>\n<p>Il progetto ha ricevuto il sostegno dell&#8217;Ufficio federale dell&#8217;energia dal 2019 al 2021 e ha vinto il Watt d\u2019Or nel 2023.[\/vc_column_text]<div class=\"dfd-spacer-module\"  data-units=\"px\" data-wide_resolution=\"1280\" data-wide_size=\"50\" data-normal_resolution=\"1024\" data-normal_size=\"49\" data-tablet_resolution=\"800\" data-tablet_size=\"25\" data-mobile_resolution=\"480\" data-mobile_size=\"25\" style=\"height: 50px;\"><\/div>[vc_single_image image=&#8221;59355&#8243; img_size=&#8221;full&#8221;][vc_column_text css=&#8221;.vc_custom_1712758180733{padding-top: 10px !important;padding-bottom: 10px !important;}&#8221;]<\/p>\n<h3 style=\"text-align: left;\">IL RCP di Lugaggia riunisce sei impianti fotovoltaici (identificati con un sole). Sull\u2019area della scuola dell\u2019infanzia (in alto) \u00e8 installata anche una batteria di accumulo. Fonte: SUPSI.<\/h3>\n<p>[\/vc_column_text][\/vc_column][vc_column width=&#8221;1\/4&#8243; dfd_column_responsive_enable=&#8221;dfd-column-responsive-enable&#8221; css=&#8221;.vc_custom_1548941751542{padding-right: 25px !important;padding-left: 25px !important;}&#8221; responsive_styles=&#8221;padding_top_mobile:80&#8243;]<div class=\"dfd-heading-shortcode\"><div class=\"dfd-heading-module-wrap  text-left style_01 dfd-heading-69f0ef65800ce dfd-enable-resposive-headings\" id=\"dfd-heading-69f0ef65800ce\" ><div class=\"inline-block\"><div class=\"dfd-heading-module\"><div class=\"widget-title dfd-title block-title\" style=\"font-size: 25px; font-family: MontserratBold; color: #000000 !important; line-height: 32px; letter-spacing: 0px; \">Vedi anche<\/div><\/div><\/div><\/div><script type=\"text\/javascript\">\r\n\t\t\t\t\t\t\t\t\t(function($) {\r\n\t\t\t\t\t\t\t\t\t\t$(\"head\").append(\"<style>.dfd-heading-69f0ef65800ce .dfd-heading-module .widget-title {margin-bottom:15px;}.dfd-heading-69f0ef65800ce.dfd-heading-module-wrap .dfd-heading-module .dfd-heading-delimiter {margin-top:10px;margin-bottom:10px;}<\/style>\");\r\n\t\t\t\t\t\t\t\t\t})(jQuery);\r\n\t\t\t\t\t\t\t\t<\/script><\/div>[vc_row_inner][vc_column_inner css=&#8221;.vc_custom_1583843692171{padding-top: 25px !important;}&#8221; col_inner_shadow=&#8221;box_shadow_enable:disable|shadow_horizontal:0|shadow_vertical:15|shadow_blur:50|shadow_spread:0|box_shadow_color:rgba(0%2C0%2C0%2C0.35)&#8221; col_inner_shadow_hover=&#8221;box_shadow_enable:disable|shadow_horizontal:0|shadow_vertical:15|shadow_blur:50|shadow_spread:0|box_shadow_color:rgba(0%2C0%2C0%2C0.35)&#8221;]<div id=\"idinfobox69f0ef65801c7\" class=\"dfd-info-box clearfix style-01 layout-04  idinfobox69f0ef65801c7 cr-animate-gen\" data-animate-item=\".dfd-animate-container\" data-animate-type = \"transition.slideUpIn\" ><div class=\"dfd-animate-container\"><div class=\"icon-wrapper\"><div class=\"module-icon\" style=\"border-radius:px;font-size:65px;\"><div class=\"hover-layer\" ><\/div><img decoding=\"async\" src=\"https:\/\/solarchitecture.ch\/wp-content\/uploads\/2023\/05\/energieschweiz-logo-130x130.png\" alt=\"Image icon\" style=\"width: 65px;opacity: 1;\" \/><\/div><\/div><div class=\"content-wrap ovh\"><div class=\"info-box-title feature-title\" style=\"font-size: 14px; color: #000000 !important; line-height: 20px; \">SvizzeraEnergia<\/div><div class=\"info-box-subtitle subtitle\" style=\"font-size: 14px; color: #000000 !important; line-height: 20px; font-style:italic; \">Strumenti e documenti<\/div><div class=\"description\" style=\"\"><\/div><\/div><a href=\"https:\/\/www.svizzeraenergia.ch\/edifici\/consumo-proprio\/?pk_vid=b46e9c772145c6701685563934918178\"  target=\"_blank\" class=\"full-box-link\"><\/a><\/div><\/div><div id=\"idinfobox69f0ef65808b1\" class=\"dfd-info-box clearfix style-01 layout-04  idinfobox69f0ef65808b1 cr-animate-gen\" data-animate-item=\".dfd-animate-container\" data-animate-type = \"transition.slideUpIn\" ><div class=\"dfd-animate-container\"><div class=\"icon-wrapper\"><div class=\"module-icon\" style=\"border-radius:px;font-size:65px;\"><div class=\"hover-layer\" ><\/div><img decoding=\"async\" src=\"https:\/\/solarchitecture.ch\/wp-content\/uploads\/2024\/04\/userguideicon-130x130.png\" alt=\"Image icon\" style=\"width: 65px;opacity: 1;\" \/><\/div><\/div><div class=\"content-wrap ovh\"><div class=\"info-box-title feature-title\" style=\"font-size: 14px; color: #000000 !important; line-height: 20px; \">Guida pratica per il consumo proprio<\/div><div class=\"info-box-subtitle subtitle\" style=\"font-size: 14px; color: #000000 !important; line-height: 20px; font-style:italic; \">Download PDF (IT)<\/div><div class=\"description\" style=\"\"><\/div><\/div><a href=\"https:\/\/solarchitecture.ch\/wp-content\/uploads\/2024\/04\/9329-2023.09.10_Leitfaden-Eigenverbrauch_3.0_final_IT-5.pdf\"  target=\"_blank\" class=\"full-box-link\"><\/a><\/div><\/div>[\/vc_column_inner][\/vc_row_inner]<div class=\"dfd-spacer-module\"  data-units=\"px\" data-wide_resolution=\"1280\" data-wide_size=\"80\" data-normal_resolution=\"1024\" data-normal_size=\"80\" data-tablet_resolution=\"800\" data-tablet_size=\"80\" data-mobile_resolution=\"480\" data-mobile_size=\"80\" style=\"height: 80px;\"><\/div><div class=\"dfd-shar-module-cover\"><div class=\"dfd-new-share-module  text-left style-6 horizontal   \" ><div class=\"module module-entry-share\" id=\"dfd_share_69f0ef6580f18\"><ul class=\"module-entry-share-links-list rrssb-buttons\" data-directory=\"https:\/\/solarchitecture.ch\/wp-content\/themes\/dfd-ronneby\"><li class=\"rrssb-facebook\"><a class=\"module-entry-share-link-facebook feature-title\" data-title=\"Solarchitecture\" data-url=\"https:\/\/solarchitecture.ch\" data-media=\"\" href=\"https:\/\/www.facebook.com\/sharer\/sharer.php?u=https:\/\/solarchitecture.ch\"  style=\"border-radius: 1px; font-size: 14px; \"><span class=\"dfd-share-icon\" style=\"width: 30px; height: 30px; line-height: 30px;\"><\/span><\/a><\/li><li class=\"rrssb-linkedin\"><a class=\"module-entry-share-link-linkedin feature-title\" data-title=\"Solarchitecture\" data-url=\"https:\/\/solarchitecture.ch\" data-media=\"\" href=\"http:\/\/www.linkedin.com\/shareArticle?mini=true&#038;url=https:\/\/solarchitecture.ch\"  style=\"border-radius: 1px; font-size: 14px; \"><span class=\"dfd-share-icon\" style=\"width: 30px; height: 30px; line-height: 30px;\"><\/span><\/a><\/li><li class=\"rrssb-pinterest\"><a class=\"module-entry-share-link-pinterest feature-title\" data-title=\"Solarchitecture\" data-url=\"https:\/\/solarchitecture.ch\" data-media=\"\" href=\"http:\/\/pinterest.com\/pin\/create\/button\/?url=https:\/\/solarchitecture.ch&#038;image_url=https:\/\/solarchitecture.ch\/wp-content\/uploads\/2024\/04\/ZEV-Zimel.jpeg\"  style=\"border-radius: 1px; font-size: 14px; \"><span class=\"dfd-share-icon\" style=\"width: 30px; height: 30px; line-height: 30px;\"><\/span><\/a><\/li><\/ul><\/div><\/div>\t\t\t<script type=\"text\/javascript\">\r\n\t\t\t\t(function ($) {\r\n\t\t\t\t\t\"use strict\";\r\n\t\t\t\t\t$(document).ready(function () {\r\n\t\t\t\t\t\tvar $share_container = $('#dfd_share_69f0ef6580f18 .module-entry-share-links-list li');\r\n\t\t\t\t\t\tvar parent = $share_container.parent().parent().parent();\r\n\t\t\t\t\t\tif ($share_container.length > 0) {\r\n\t\t\t\t\t\t\tvar scrollbarWidth;\r\n\t\t\t\t\t\t\tvar div = document.createElement('div');\r\n\t\t\t\t\t\t\tdiv.style.overflowY = 'scroll';\r\n\t\t\t\t\t\t\tdiv.style.width = '50px';\r\n\t\t\t\t\t\t\tdiv.style.height = '50px';\r\n\t\t\t\t\t\t\tdiv.style.visibility = 'hidden';\r\n\t\t\t\t\t\t\tdocument.body.appendChild(div);\r\n\t\t\t\t\t\t\tscrollbarWidth = div.offsetWidth - div.clientWidth;\r\n\t\t\t\t\t\t\tdocument.body.removeChild(div);\r\n\t\t\t\t\t\t\tvar setShareWidth = function () {\r\n\t\t\t\t\t\t\t\tif (($(window).width() + scrollbarWidth) >= 800) {\r\n\t\t\t\t\t\t\t\t\tif (parent.hasClass(\"style-6\") || parent.hasClass(\"style-7\") || parent.hasClass(\"vertical\")) {\r\n\t\t\t\t\t\t\t\t\t\t$share_container.width('auto');\r\n\t\t\t\t\t\t\t\t\t} else {\r\n\t\t\t\t\t\t\t\t\t\t$share_container.dfdEqWidth();\r\n\t\t\t\t\t\t\t\t\t}\r\n\t\t\t\t\t\t\t\t} else {\r\n\t\t\t\t\t\t\t\t\tif (parent.hasClass(\"style-6\") || parent.hasClass(\"style-7\") || parent.hasClass(\"vertical\")) {\r\n\t\t\t\t\t\t\t\t\t\t$share_container.width('auto');\r\n\t\t\t\t\t\t\t\t\t} else {\r\n\t\t\t\t\t\t\t\t\t\t$share_container.width('100%');\r\n\t\t\t\t\t\t\t\t\t}\r\n\t\t\t\t\t\t\t\t}\r\n\t\t\t\t\t\t\t};\r\n\t\t\t\t\t\t\tsetShareWidth();\r\n\t\t\t\t\t\t\t$(window).resize(setShareWidth);\r\n\t\t\t\t\t\t}\r\n\t\t\t\t\t});\r\n\t\t\t\t\t\t\t\t\t$('head').append('<style type=\"text\/css\">.dfd-new-share-module.style-6 #dfd_share_69f0ef6580f18 ul li a {border-style: solid;border-width: 1px;border-color: #000000;background: #ffffff;color: #000000;}<\/style>');\r\n\t\t\t\t\t\t\t})(jQuery);\r\n\t\t\t<\/script>\r\n\r\n\t\t\t<\/div>[\/vc_column][\/vc_row][vc_row][vc_column]<div class=\"dfd-spacer-module\"  data-units=\"px\" data-wide_resolution=\"1280\" data-wide_size=\"100\" data-normal_resolution=\"1024\" data-normal_size=\"100\" data-tablet_resolution=\"800\" data-tablet_size=\"100\" data-mobile_resolution=\"480\" data-mobile_size=\"100\" style=\"height: 100px;\"><\/div>[\/vc_column][\/vc_row]<\/p>\n<\/div>","protected":false},"excerpt":{"rendered":"<p>[vc_row][vc_column offset=&#8221;vc_hidden-lg vc_hidden-md vc_hidden-sm vc_hidden-xs&#8221;][vc_acf field_group=&#8221;30126&#8243; field_from_30126=&#8221;field_5c079de146ee1&#8243;][\/vc_column][\/vc_row][vc_row][vc_column][\/vc_column][\/vc_row][vc_row][vc_column width=&#8221;3\/4&#8243; dfd_column_responsive_enable=&#8221;dfd-column-responsive-enable&#8221; css=&#8221;.vc_custom_1548941680917{border-right-width: 1px !important;padding-right: 25px !important;padding-left: 25px !important;border-right-color: #000000 !important;border-right-style: solid !important;}&#8221; responsive_styles=&#8221;border_right_mobile:0&#8243;][vc_column_text css=&#8221;.vc_custom_1712745022732{padding-bottom: 30px !important;}&#8221;]22 aprile 2024[\/vc_column_text][vc_single_image image=&#8221;59360&#8243; img_size=&#8221;full&#8221;][vc_column_text css=&#8221;.vc_custom_1713163182224{padding-top: 10px<\/p>\n","protected":false},"author":2021,"featured_media":59360,"comment_status":"closed","ping_status":"closed","sticky":false,"template":"","format":"standard","meta":{"_acf_changed":false,"inline_featured_image":false,"footnotes":""},"categories":[461],"tags":[],"class_list":["post-59373","post","type-post","status-publish","format-standard","has-post-thumbnail","hentry","category-formazione"],"acf":[],"yoast_head":"<!-- This site is optimized with the Yoast SEO plugin v26.7 - https:\/\/yoast.com\/wordpress\/plugins\/seo\/ -->\n<title>Raggruppamento ai fini del Consumo Proprio (RCP) \u2013 di cosa si tratta? - Solarchitecture<\/title>\n<meta name=\"robots\" content=\"index, follow, max-snippet:-1, max-image-preview:large, max-video-preview:-1\" \/>\n<link rel=\"canonical\" href=\"https:\/\/solarchitecture.ch\/it\/raggruppamento-ai-fini-del-consumo-proprio-rcp-di-cosa-si-tratta\/\" \/>\n<meta property=\"og:locale\" content=\"it_IT\" \/>\n<meta property=\"og:type\" content=\"article\" \/>\n<meta property=\"og:title\" content=\"Raggruppamento ai fini del Consumo Proprio (RCP) \u2013 di cosa si tratta? - Solarchitecture\" \/>\n<meta property=\"og:description\" content=\"[vc_row][vc_column offset=&#8221;vc_hidden-lg vc_hidden-md vc_hidden-sm vc_hidden-xs&#8221;][vc_acf field_group=&#8221;30126&#8243; field_from_30126=&#8221;field_5c079de146ee1&#8243;][\/vc_column][\/vc_row][vc_row][vc_column][\/vc_column][\/vc_row][vc_row][vc_column width=&#8221;3\/4&#8243; dfd_column_responsive_enable=&#8221;dfd-column-responsive-enable&#8221; css=&#8221;.vc_custom_1548941680917{border-right-width: 1px !important;padding-right: 25px !important;padding-left: 25px !important;border-right-color: #000000 !important;border-right-style: solid !important;}&#8221; responsive_styles=&#8221;border_right_mobile:0&#8243;][vc_column_text css=&#8221;.vc_custom_1712745022732{padding-bottom: 30px !important;}&#8221;]22 aprile 2024[\/vc_column_text][vc_single_image image=&#8221;59360&#8243; img_size=&#8221;full&#8221;][vc_column_text css=&#8221;.vc_custom_1713163182224{padding-top: 10px\" \/>\n<meta property=\"og:url\" content=\"https:\/\/solarchitecture.ch\/it\/raggruppamento-ai-fini-del-consumo-proprio-rcp-di-cosa-si-tratta\/\" \/>\n<meta property=\"og:site_name\" content=\"Solarchitecture\" \/>\n<meta property=\"article:published_time\" content=\"2024-04-22T07:00:51+00:00\" \/>\n<meta property=\"article:modified_time\" content=\"2024-09-16T09:15:04+00:00\" \/>\n<meta property=\"og:image\" content=\"https:\/\/solarchitecture.ch\/wp-content\/uploads\/2024\/04\/ZEV-Zimel.jpeg\" \/>\n\t<meta property=\"og:image:width\" content=\"1366\" \/>\n\t<meta property=\"og:image:height\" content=\"910\" \/>\n\t<meta property=\"og:image:type\" content=\"image\/jpeg\" \/>\n<meta name=\"author\" content=\"Solar Architecture\" \/>\n<meta name=\"twitter:card\" content=\"summary_large_image\" \/>\n<meta name=\"twitter:label1\" content=\"Scritto da\" \/>\n\t<meta name=\"twitter:data1\" content=\"Solar Architecture\" \/>\n\t<meta name=\"twitter:label2\" content=\"Tempo di lettura stimato\" \/>\n\t<meta name=\"twitter:data2\" content=\"7 minuti\" \/>\n<script type=\"application\/ld+json\" class=\"yoast-schema-graph\">{\"@context\":\"https:\/\/schema.org\",\"@graph\":[{\"@type\":\"Article\",\"@id\":\"https:\/\/solarchitecture.ch\/it\/raggruppamento-ai-fini-del-consumo-proprio-rcp-di-cosa-si-tratta\/#article\",\"isPartOf\":{\"@id\":\"https:\/\/solarchitecture.ch\/it\/raggruppamento-ai-fini-del-consumo-proprio-rcp-di-cosa-si-tratta\/\"},\"author\":{\"name\":\"Solar Architecture\",\"@id\":\"https:\/\/solarchitecture.ch\/it\/#\/schema\/person\/9574b0ccd534aeaa599ef02f64445744\"},\"headline\":\"Raggruppamento ai fini del Consumo Proprio (RCP) \u2013 di cosa si tratta?\",\"datePublished\":\"2024-04-22T07:00:51+00:00\",\"dateModified\":\"2024-09-16T09:15:04+00:00\",\"mainEntityOfPage\":{\"@id\":\"https:\/\/solarchitecture.ch\/it\/raggruppamento-ai-fini-del-consumo-proprio-rcp-di-cosa-si-tratta\/\"},\"wordCount\":1704,\"publisher\":{\"@id\":\"https:\/\/solarchitecture.ch\/it\/#organization\"},\"image\":{\"@id\":\"https:\/\/solarchitecture.ch\/it\/raggruppamento-ai-fini-del-consumo-proprio-rcp-di-cosa-si-tratta\/#primaryimage\"},\"thumbnailUrl\":\"https:\/\/solarchitecture.ch\/wp-content\/uploads\/2024\/04\/ZEV-Zimel.jpeg\",\"articleSection\":[\"Training\"],\"inLanguage\":\"it-IT\"},{\"@type\":\"WebPage\",\"@id\":\"https:\/\/solarchitecture.ch\/it\/raggruppamento-ai-fini-del-consumo-proprio-rcp-di-cosa-si-tratta\/\",\"url\":\"https:\/\/solarchitecture.ch\/it\/raggruppamento-ai-fini-del-consumo-proprio-rcp-di-cosa-si-tratta\/\",\"name\":\"Raggruppamento ai fini del Consumo Proprio (RCP) \u2013 di cosa si tratta? - Solarchitecture\",\"isPartOf\":{\"@id\":\"https:\/\/solarchitecture.ch\/it\/#website\"},\"primaryImageOfPage\":{\"@id\":\"https:\/\/solarchitecture.ch\/it\/raggruppamento-ai-fini-del-consumo-proprio-rcp-di-cosa-si-tratta\/#primaryimage\"},\"image\":{\"@id\":\"https:\/\/solarchitecture.ch\/it\/raggruppamento-ai-fini-del-consumo-proprio-rcp-di-cosa-si-tratta\/#primaryimage\"},\"thumbnailUrl\":\"https:\/\/solarchitecture.ch\/wp-content\/uploads\/2024\/04\/ZEV-Zimel.jpeg\",\"datePublished\":\"2024-04-22T07:00:51+00:00\",\"dateModified\":\"2024-09-16T09:15:04+00:00\",\"breadcrumb\":{\"@id\":\"https:\/\/solarchitecture.ch\/it\/raggruppamento-ai-fini-del-consumo-proprio-rcp-di-cosa-si-tratta\/#breadcrumb\"},\"inLanguage\":\"it-IT\",\"potentialAction\":[{\"@type\":\"ReadAction\",\"target\":[\"https:\/\/solarchitecture.ch\/it\/raggruppamento-ai-fini-del-consumo-proprio-rcp-di-cosa-si-tratta\/\"]}]},{\"@type\":\"ImageObject\",\"inLanguage\":\"it-IT\",\"@id\":\"https:\/\/solarchitecture.ch\/it\/raggruppamento-ai-fini-del-consumo-proprio-rcp-di-cosa-si-tratta\/#primaryimage\",\"url\":\"https:\/\/solarchitecture.ch\/wp-content\/uploads\/2024\/04\/ZEV-Zimel.jpeg\",\"contentUrl\":\"https:\/\/solarchitecture.ch\/wp-content\/uploads\/2024\/04\/ZEV-Zimel.jpeg\",\"width\":1366,\"height\":910},{\"@type\":\"BreadcrumbList\",\"@id\":\"https:\/\/solarchitecture.ch\/it\/raggruppamento-ai-fini-del-consumo-proprio-rcp-di-cosa-si-tratta\/#breadcrumb\",\"itemListElement\":[{\"@type\":\"ListItem\",\"position\":1,\"name\":\"Home\",\"item\":\"https:\/\/solarchitecture.ch\/it\/\"},{\"@type\":\"ListItem\",\"position\":2,\"name\":\"Raggruppamento ai fini del Consumo Proprio (RCP) \u2013 di cosa si tratta?\"}]},{\"@type\":\"WebSite\",\"@id\":\"https:\/\/solarchitecture.ch\/it\/#website\",\"url\":\"https:\/\/solarchitecture.ch\/it\/\",\"name\":\"Solarchitecture\",\"description\":\"Building solution\",\"publisher\":{\"@id\":\"https:\/\/solarchitecture.ch\/it\/#organization\"},\"potentialAction\":[{\"@type\":\"SearchAction\",\"target\":{\"@type\":\"EntryPoint\",\"urlTemplate\":\"https:\/\/solarchitecture.ch\/it\/?s={search_term_string}\"},\"query-input\":{\"@type\":\"PropertyValueSpecification\",\"valueRequired\":true,\"valueName\":\"search_term_string\"}}],\"inLanguage\":\"it-IT\"},{\"@type\":\"Organization\",\"@id\":\"https:\/\/solarchitecture.ch\/it\/#organization\",\"name\":\"Solarchitecture\",\"url\":\"https:\/\/solarchitecture.ch\/it\/\",\"logo\":{\"@type\":\"ImageObject\",\"inLanguage\":\"it-IT\",\"@id\":\"https:\/\/solarchitecture.ch\/it\/#\/schema\/logo\/image\/\",\"url\":\"https:\/\/solarchitecture.ch\/wp-content\/uploads\/2022\/07\/solarchitecture_logo.jpg\",\"contentUrl\":\"https:\/\/solarchitecture.ch\/wp-content\/uploads\/2022\/07\/solarchitecture_logo.jpg\",\"width\":312,\"height\":312,\"caption\":\"Solarchitecture\"},\"image\":{\"@id\":\"https:\/\/solarchitecture.ch\/it\/#\/schema\/logo\/image\/\"}},{\"@type\":\"Person\",\"@id\":\"https:\/\/solarchitecture.ch\/it\/#\/schema\/person\/9574b0ccd534aeaa599ef02f64445744\",\"name\":\"Solar Architecture\",\"image\":{\"@type\":\"ImageObject\",\"inLanguage\":\"it-IT\",\"@id\":\"https:\/\/solarchitecture.ch\/it\/#\/schema\/person\/image\/\",\"url\":\"https:\/\/secure.gravatar.com\/avatar\/5248fcb2bab99263f8f157f166bf6916de4582d008a551554fe906e623e4fda0?s=96&d=mm&r=g\",\"contentUrl\":\"https:\/\/secure.gravatar.com\/avatar\/5248fcb2bab99263f8f157f166bf6916de4582d008a551554fe906e623e4fda0?s=96&d=mm&r=g\",\"caption\":\"Solar Architecture\"},\"url\":\"https:\/\/solarchitecture.ch\/it\/author\/solar\/\"}]}<\/script>\n<!-- \/ Yoast SEO plugin. -->","yoast_head_json":{"title":"Raggruppamento ai fini del Consumo Proprio (RCP) \u2013 di cosa si tratta? - Solarchitecture","robots":{"index":"index","follow":"follow","max-snippet":"max-snippet:-1","max-image-preview":"max-image-preview:large","max-video-preview":"max-video-preview:-1"},"canonical":"https:\/\/solarchitecture.ch\/it\/raggruppamento-ai-fini-del-consumo-proprio-rcp-di-cosa-si-tratta\/","og_locale":"it_IT","og_type":"article","og_title":"Raggruppamento ai fini del Consumo Proprio (RCP) \u2013 di cosa si tratta? - Solarchitecture","og_description":"[vc_row][vc_column offset=&#8221;vc_hidden-lg vc_hidden-md vc_hidden-sm vc_hidden-xs&#8221;][vc_acf field_group=&#8221;30126&#8243; field_from_30126=&#8221;field_5c079de146ee1&#8243;][\/vc_column][\/vc_row][vc_row][vc_column][\/vc_column][\/vc_row][vc_row][vc_column width=&#8221;3\/4&#8243; dfd_column_responsive_enable=&#8221;dfd-column-responsive-enable&#8221; css=&#8221;.vc_custom_1548941680917{border-right-width: 1px !important;padding-right: 25px !important;padding-left: 25px !important;border-right-color: #000000 !important;border-right-style: solid !important;}&#8221; responsive_styles=&#8221;border_right_mobile:0&#8243;][vc_column_text css=&#8221;.vc_custom_1712745022732{padding-bottom: 30px !important;}&#8221;]22 aprile 2024[\/vc_column_text][vc_single_image image=&#8221;59360&#8243; img_size=&#8221;full&#8221;][vc_column_text css=&#8221;.vc_custom_1713163182224{padding-top: 10px","og_url":"https:\/\/solarchitecture.ch\/it\/raggruppamento-ai-fini-del-consumo-proprio-rcp-di-cosa-si-tratta\/","og_site_name":"Solarchitecture","article_published_time":"2024-04-22T07:00:51+00:00","article_modified_time":"2024-09-16T09:15:04+00:00","og_image":[{"width":1366,"height":910,"url":"https:\/\/solarchitecture.ch\/wp-content\/uploads\/2024\/04\/ZEV-Zimel.jpeg","type":"image\/jpeg"}],"author":"Solar Architecture","twitter_card":"summary_large_image","twitter_misc":{"Scritto da":"Solar Architecture","Tempo di lettura stimato":"7 minuti"},"schema":{"@context":"https:\/\/schema.org","@graph":[{"@type":"Article","@id":"https:\/\/solarchitecture.ch\/it\/raggruppamento-ai-fini-del-consumo-proprio-rcp-di-cosa-si-tratta\/#article","isPartOf":{"@id":"https:\/\/solarchitecture.ch\/it\/raggruppamento-ai-fini-del-consumo-proprio-rcp-di-cosa-si-tratta\/"},"author":{"name":"Solar Architecture","@id":"https:\/\/solarchitecture.ch\/it\/#\/schema\/person\/9574b0ccd534aeaa599ef02f64445744"},"headline":"Raggruppamento ai fini del Consumo Proprio (RCP) \u2013 di cosa si tratta?","datePublished":"2024-04-22T07:00:51+00:00","dateModified":"2024-09-16T09:15:04+00:00","mainEntityOfPage":{"@id":"https:\/\/solarchitecture.ch\/it\/raggruppamento-ai-fini-del-consumo-proprio-rcp-di-cosa-si-tratta\/"},"wordCount":1704,"publisher":{"@id":"https:\/\/solarchitecture.ch\/it\/#organization"},"image":{"@id":"https:\/\/solarchitecture.ch\/it\/raggruppamento-ai-fini-del-consumo-proprio-rcp-di-cosa-si-tratta\/#primaryimage"},"thumbnailUrl":"https:\/\/solarchitecture.ch\/wp-content\/uploads\/2024\/04\/ZEV-Zimel.jpeg","articleSection":["Training"],"inLanguage":"it-IT"},{"@type":"WebPage","@id":"https:\/\/solarchitecture.ch\/it\/raggruppamento-ai-fini-del-consumo-proprio-rcp-di-cosa-si-tratta\/","url":"https:\/\/solarchitecture.ch\/it\/raggruppamento-ai-fini-del-consumo-proprio-rcp-di-cosa-si-tratta\/","name":"Raggruppamento ai fini del Consumo Proprio (RCP) \u2013 di cosa si tratta? - Solarchitecture","isPartOf":{"@id":"https:\/\/solarchitecture.ch\/it\/#website"},"primaryImageOfPage":{"@id":"https:\/\/solarchitecture.ch\/it\/raggruppamento-ai-fini-del-consumo-proprio-rcp-di-cosa-si-tratta\/#primaryimage"},"image":{"@id":"https:\/\/solarchitecture.ch\/it\/raggruppamento-ai-fini-del-consumo-proprio-rcp-di-cosa-si-tratta\/#primaryimage"},"thumbnailUrl":"https:\/\/solarchitecture.ch\/wp-content\/uploads\/2024\/04\/ZEV-Zimel.jpeg","datePublished":"2024-04-22T07:00:51+00:00","dateModified":"2024-09-16T09:15:04+00:00","breadcrumb":{"@id":"https:\/\/solarchitecture.ch\/it\/raggruppamento-ai-fini-del-consumo-proprio-rcp-di-cosa-si-tratta\/#breadcrumb"},"inLanguage":"it-IT","potentialAction":[{"@type":"ReadAction","target":["https:\/\/solarchitecture.ch\/it\/raggruppamento-ai-fini-del-consumo-proprio-rcp-di-cosa-si-tratta\/"]}]},{"@type":"ImageObject","inLanguage":"it-IT","@id":"https:\/\/solarchitecture.ch\/it\/raggruppamento-ai-fini-del-consumo-proprio-rcp-di-cosa-si-tratta\/#primaryimage","url":"https:\/\/solarchitecture.ch\/wp-content\/uploads\/2024\/04\/ZEV-Zimel.jpeg","contentUrl":"https:\/\/solarchitecture.ch\/wp-content\/uploads\/2024\/04\/ZEV-Zimel.jpeg","width":1366,"height":910},{"@type":"BreadcrumbList","@id":"https:\/\/solarchitecture.ch\/it\/raggruppamento-ai-fini-del-consumo-proprio-rcp-di-cosa-si-tratta\/#breadcrumb","itemListElement":[{"@type":"ListItem","position":1,"name":"Home","item":"https:\/\/solarchitecture.ch\/it\/"},{"@type":"ListItem","position":2,"name":"Raggruppamento ai fini del Consumo Proprio (RCP) \u2013 di cosa si tratta?"}]},{"@type":"WebSite","@id":"https:\/\/solarchitecture.ch\/it\/#website","url":"https:\/\/solarchitecture.ch\/it\/","name":"Solarchitecture","description":"Building solution","publisher":{"@id":"https:\/\/solarchitecture.ch\/it\/#organization"},"potentialAction":[{"@type":"SearchAction","target":{"@type":"EntryPoint","urlTemplate":"https:\/\/solarchitecture.ch\/it\/?s={search_term_string}"},"query-input":{"@type":"PropertyValueSpecification","valueRequired":true,"valueName":"search_term_string"}}],"inLanguage":"it-IT"},{"@type":"Organization","@id":"https:\/\/solarchitecture.ch\/it\/#organization","name":"Solarchitecture","url":"https:\/\/solarchitecture.ch\/it\/","logo":{"@type":"ImageObject","inLanguage":"it-IT","@id":"https:\/\/solarchitecture.ch\/it\/#\/schema\/logo\/image\/","url":"https:\/\/solarchitecture.ch\/wp-content\/uploads\/2022\/07\/solarchitecture_logo.jpg","contentUrl":"https:\/\/solarchitecture.ch\/wp-content\/uploads\/2022\/07\/solarchitecture_logo.jpg","width":312,"height":312,"caption":"Solarchitecture"},"image":{"@id":"https:\/\/solarchitecture.ch\/it\/#\/schema\/logo\/image\/"}},{"@type":"Person","@id":"https:\/\/solarchitecture.ch\/it\/#\/schema\/person\/9574b0ccd534aeaa599ef02f64445744","name":"Solar Architecture","image":{"@type":"ImageObject","inLanguage":"it-IT","@id":"https:\/\/solarchitecture.ch\/it\/#\/schema\/person\/image\/","url":"https:\/\/secure.gravatar.com\/avatar\/5248fcb2bab99263f8f157f166bf6916de4582d008a551554fe906e623e4fda0?s=96&d=mm&r=g","contentUrl":"https:\/\/secure.gravatar.com\/avatar\/5248fcb2bab99263f8f157f166bf6916de4582d008a551554fe906e623e4fda0?s=96&d=mm&r=g","caption":"Solar Architecture"},"url":"https:\/\/solarchitecture.ch\/it\/author\/solar\/"}]}},"_links":{"self":[{"href":"https:\/\/solarchitecture.ch\/it\/wp-json\/wp\/v2\/posts\/59373","targetHints":{"allow":["GET"]}}],"collection":[{"href":"https:\/\/solarchitecture.ch\/it\/wp-json\/wp\/v2\/posts"}],"about":[{"href":"https:\/\/solarchitecture.ch\/it\/wp-json\/wp\/v2\/types\/post"}],"author":[{"embeddable":true,"href":"https:\/\/solarchitecture.ch\/it\/wp-json\/wp\/v2\/users\/2021"}],"replies":[{"embeddable":true,"href":"https:\/\/solarchitecture.ch\/it\/wp-json\/wp\/v2\/comments?post=59373"}],"version-history":[{"count":13,"href":"https:\/\/solarchitecture.ch\/it\/wp-json\/wp\/v2\/posts\/59373\/revisions"}],"predecessor-version":[{"id":60809,"href":"https:\/\/solarchitecture.ch\/it\/wp-json\/wp\/v2\/posts\/59373\/revisions\/60809"}],"wp:featuredmedia":[{"embeddable":true,"href":"https:\/\/solarchitecture.ch\/it\/wp-json\/wp\/v2\/media\/59360"}],"wp:attachment":[{"href":"https:\/\/solarchitecture.ch\/it\/wp-json\/wp\/v2\/media?parent=59373"}],"wp:term":[{"taxonomy":"category","embeddable":true,"href":"https:\/\/solarchitecture.ch\/it\/wp-json\/wp\/v2\/categories?post=59373"},{"taxonomy":"post_tag","embeddable":true,"href":"https:\/\/solarchitecture.ch\/it\/wp-json\/wp\/v2\/tags?post=59373"}],"curies":[{"name":"wp","href":"https:\/\/api.w.org\/{rel}","templated":true}]}}