{"id":58531,"date":"2024-02-05T09:00:19","date_gmt":"2024-02-05T08:00:19","guid":{"rendered":"https:\/\/solarchitecture.ch\/tetto-solare-3s-teraslate\/"},"modified":"2024-02-19T09:42:55","modified_gmt":"2024-02-19T08:42:55","slug":"tetto-solare-3s-teraslate","status":"publish","type":"post","link":"https:\/\/solarchitecture.ch\/it\/tetto-solare-3s-teraslate\/","title":{"rendered":"Tetto solare 3S TeraSlate"},"content":{"rendered":"<div class=\"wpb-content-wrapper\"><p>[vc_row][vc_column offset=&#8221;vc_hidden-lg vc_hidden-md vc_hidden-sm vc_hidden-xs&#8221;][vc_acf field_group=&#8221;30126&#8243; field_from_30126=&#8221;field_5c079de146ee1&#8243;][\/vc_column][\/vc_row][vc_row][vc_column]<div class=\"dfd-spacer-module\"  data-units=\"px\" data-wide_resolution=\"1280\" data-wide_size=\"100\" data-normal_resolution=\"1024\" data-normal_size=\"100\" data-tablet_resolution=\"800\" data-tablet_size=\"50\" data-mobile_resolution=\"480\" data-mobile_size=\"50\" style=\"height: 100px;\"><\/div>[\/vc_column][\/vc_row][vc_row][vc_column width=&#8221;3\/4&#8243; dfd_column_responsive_enable=&#8221;dfd-column-responsive-enable&#8221; css=&#8221;.vc_custom_1550570155454{border-right-width: 1px !important;padding-right: 25px !important;padding-left: 25px !important;border-right-color: #000000 !important;border-right-style: solid !important;}&#8221; responsive_styles=&#8221;border_right_mobile:0|padding_left_mobile:0|padding_right_mobile:0&#8243;][vc_row_inner][vc_column_inner width=&#8221;3\/4&#8243; dfd_column_responsive_enable=&#8221;dfd-column-responsive-enable&#8221; css=&#8221;.vc_custom_1552396672991{padding-right: 25px !important;}&#8221; responsive_styles=&#8221;padding_left_mobile:25&#8243;]<div class=\"dfd-heading-shortcode\"><div class=\"dfd-heading-module-wrap  text-left style_01 dfd-heading-69f15cfdb25ef dfd-enable-resposive-headings\" id=\"dfd-heading-69f15cfdb25ef\" ><div class=\"inline-block\"><div class=\"dfd-heading-module\"><div class=\"widget-title dfd-title block-title\" style=\"font-family:Montserrat; font-weight:700; font-style:normal; font-size: 50px; color: #000000 !important; line-height: 55px; letter-spacing: 0px; \">Tetto solare 3S TeraSlate\u00ae<\/div><\/div><\/div><\/div><script type=\"text\/javascript\">\r\n\t\t\t\t\t\t\t\t\t(function($) {\r\n\t\t\t\t\t\t\t\t\t\t$(\"head\").append(\"<style>.dfd-heading-69f15cfdb25ef .dfd-heading-module .widget-title {margin-top:0px;margin-bottom:0px;}.dfd-heading-69f15cfdb25ef.dfd-heading-module-wrap .dfd-heading-module .dfd-heading-delimiter {margin-top:10px;margin-bottom:10px;}@media (max-width: 1279px) and (min-width: 1024px){.dfd-heading-69f15cfdb25ef .dfd-title{font-size: 40px !important;letter-spacing: 0px !important;line-height: 45px !important;}}@media (max-width: 1023px) and (min-width: 800px){.dfd-heading-69f15cfdb25ef .dfd-title{font-size: 35px !important;letter-spacing: 0px !important;line-height: 40px !important;}}@media (max-width: 799px){.dfd-heading-69f15cfdb25ef .dfd-title{font-size: 30px !important;letter-spacing: 0px !important;line-height: 35px !important;}}<\/style>\");\r\n\t\t\t\t\t\t\t\t\t})(jQuery);\r\n\t\t\t\t\t\t\t\t<\/script><\/div>[\/vc_column_inner][vc_column_inner width=&#8221;1\/4&#8243; dfd_column_responsive_enable=&#8221;dfd-column-responsive-enable&#8221; css=&#8221;.vc_custom_1552396129977{padding-left: 25px !important;}&#8221; responsive_styles=&#8221;padding_top_mobile:25|padding_right_mobile:25&#8243;][vc_single_image image=&#8221;58511&#8243; img_size=&#8221;full&#8221; alignment=&#8221;right&#8221;][\/vc_column_inner][\/vc_row_inner]<div class=\"dfd-spacer-module\"  data-units=\"px\" data-wide_resolution=\"1280\" data-wide_size=\"50\" data-normal_resolution=\"1024\" data-normal_size=\"50\" data-tablet_resolution=\"800\" data-tablet_size=\"50\" data-mobile_resolution=\"480\" data-mobile_size=\"50\" style=\"height: 50px;\"><\/div>[vc_row_inner][vc_column_inner el_class=&#8221;colonna-sinistra&#8221; width=&#8221;2\/3&#8243; dfd_column_responsive_enable=&#8221;dfd-column-responsive-enable&#8221; css=&#8221;.vc_custom_1552396684102{padding-right: 25px !important;}&#8221; responsive_styles=&#8221;padding_left_mobile:25&#8243;][vc_single_image image=&#8221;58515&#8243; img_size=&#8221;full&#8221;][vc_column_text css=&#8221;.vc_custom_1706515459284{padding-top: 10px !important;padding-bottom: 10px !important;}&#8221;]<\/p>\n<h3>Il progresso tecnologico del modulo solare TeraSlate si basa sulla cella solare G12, attualmente la pi\u00f9 grande al mondo. La cella offre una maggiore potenza a parit\u00e0 di superficie. Utilizzando un maggior numero di busbar, cio\u00e8 di conduttori elettrici sulla cella, si riduce la corrente per conduttore, riducendo cos\u00ec le perdite interne. Inoltre, l&#8217;utilizzo di mezze celle dimezza la corrente, con un effetto positivo sulle perdite interne. Foto: 3S Swiss Solar Solutions AG.<\/h3>\n<p>[\/vc_column_text][\/vc_column_inner][vc_column_inner width=&#8221;1\/3&#8243; dfd_column_responsive_enable=&#8221;dfd-column-responsive-enable&#8221; responsive_styles=&#8221;padding_left_mobile:25|padding_right_mobile:25&#8243;]<div class=\"dfd-spacer-module\"  data-units=\"px\" data-wide_resolution=\"1280\" data-wide_size=\"\" data-normal_resolution=\"1024\" data-normal_size=\"\" data-tablet_resolution=\"600\" data-tablet_size=\"\" data-mobile_resolution=\"480\" data-mobile_size=\"50\" style=\"height: px;\"><\/div><div class=\"dfd-heading-shortcode\"><div class=\"dfd-heading-module-wrap  text-left style_01 dfd-heading-69f15cfdb280b dfd-enable-resposive-headings\" id=\"dfd-heading-69f15cfdb280b\" ><div class=\"inline-block\"><div class=\"dfd-heading-module\"><div class=\"widget-title dfd-title block-title\" style=\"font-size: 25px; color: #000000 !important; line-height: 32px; letter-spacing: 0px; \">3S Swiss Solar Solutions AG<\/div><\/div><\/div><\/div><script type=\"text\/javascript\">\r\n\t\t\t\t\t\t\t\t\t(function($) {\r\n\t\t\t\t\t\t\t\t\t\t$(\"head\").append(\"<style>.dfd-heading-69f15cfdb280b .dfd-heading-module .widget-title {margin-top:0px;margin-bottom:15px;}.dfd-heading-69f15cfdb280b.dfd-heading-module-wrap .dfd-heading-module .dfd-heading-delimiter {margin-top:10px;margin-bottom:10px;}<\/style>\");\r\n\t\t\t\t\t\t\t\t\t})(jQuery);\r\n\t\t\t\t\t\t\t\t<\/script><\/div><div id=\"dfd-icon-list-69f15cfdb28cf-1923\" class=\"dfd-icon-list-wrap  style-1  \" ><ul class=\"dfd-icon-list\"><li class=\"\"><div class=\"dfd-list-content clearfix \" style=\"padding-bottom:15px;\"><div class=\"dfd-list-icon-block text-center\" style=\"color:#000000; font-size:25px; \"><i class = \"address-indirizzo\"><\/i><\/div><div class=\"dfd-list-content-block content\">Schorenstrasse 39,<br \/>\n3645 Gwatt (Thun), Svizzera<\/div><\/div><\/li><li class=\"\"><div class=\"dfd-list-content clearfix \" style=\"padding-bottom:15px;\"><div class=\"dfd-list-icon-block text-center\" style=\"color:#000000; font-size:25px; \"><i class = \"dfd-icon-browser_website\"><\/i><\/div><div class=\"dfd-list-content-block content\"><a href=\"https:\/\/www.3s-solar.swiss\/it\/\" target=\"_blank\" rel=\"noopener noreferrer\">www.3s-solar.swiss<\/a><\/div><\/div><\/li><li class=\"\"><div class=\"dfd-list-content clearfix \" style=\"padding-bottom:15px;\"><div class=\"dfd-list-icon-block text-center\" style=\"color:#000000; font-size:25px; \"><i class = \"dfd-icon-email_2\"><\/i><\/div><div class=\"dfd-list-content-block content\"><a href=\"info@3s-solarplus.ch\">info@3s-solar.swiss<\/a><\/div><\/div><\/li><li class=\"\"><div class=\"dfd-list-content clearfix \" style=\"padding-bottom:15px;\"><div class=\"dfd-list-icon-block text-center\" style=\"color:#000000; font-size:25px; \"><i class = \"dfd-icon-upload_3\"><\/i><\/div><div class=\"dfd-list-content-block content\"><a href=\"https:\/\/solarchitecture.ch\/wp-content\/uploads\/2024\/01\/02_DB_D_TS_IT_2023-11.pdf\" target=\"_blank\" rel=\"noopener noreferrer\">Brochure<\/a><\/p>\n<p>La scheda tecnica \u00e8 disponibile anche in inglese, italiano e francese.<\/div><\/div><\/li><\/ul><\/div><script type=\"text\/javascript\">(function($) {$(\"head\").append(\"<style>#dfd-icon-list-69f15cfdb28cf-1923 .dfd-icon-list .content {style=&quot;font-family:Montserrat; font-weight:400; font-style:normal; font-size: 17px; color: #000000 !important; line-height: 25px; &quot;}<\/style>\");})(jQuery);<\/script>[\/vc_column_inner][\/vc_row_inner]<div class=\"dfd-spacer-module\"  data-units=\"px\" data-wide_resolution=\"1280\" data-wide_size=\"75\" data-normal_resolution=\"1024\" data-normal_size=\"75\" data-tablet_resolution=\"800\" data-tablet_size=\"75\" data-mobile_resolution=\"480\" data-mobile_size=\"75\" style=\"height: 75px;\"><\/div>[vc_row_inner][vc_column_inner dfd_column_responsive_enable=&#8221;dfd-column-responsive-enable&#8221; responsive_styles=&#8221;padding_left_mobile:25|padding_right_mobile:25&#8243;]<div class=\"dfd-heading-shortcode\"><div class=\"dfd-heading-module-wrap  text-left style_01 dfd-heading-69f15cfdb2be4 dfd-enable-resposive-headings\" id=\"dfd-heading-69f15cfdb2be4\" ><div class=\"inline-block\"><div class=\"dfd-heading-module\"><div class=\"widget-title dfd-title block-title\" style=\"font-size: 25px; font-family: MontserratBold; color: #000000 !important; line-height: 32px; letter-spacing: 0px; \">Informazioni tecniche<\/div><\/div><\/div><\/div><script type=\"text\/javascript\">\r\n\t\t\t\t\t\t\t\t\t(function($) {\r\n\t\t\t\t\t\t\t\t\t\t$(\"head\").append(\"<style>.dfd-heading-69f15cfdb2be4 .dfd-heading-module .widget-title {margin-top:0px;margin-bottom:15px;}.dfd-heading-69f15cfdb2be4.dfd-heading-module-wrap .dfd-heading-module .dfd-heading-delimiter {margin-top:10px;margin-bottom:10px;}<\/style>\");\r\n\t\t\t\t\t\t\t\t\t})(jQuery);\r\n\t\t\t\t\t\t\t\t<\/script><\/div>[\/vc_column_inner][\/vc_row_inner][vc_row_inner][vc_column_inner dfd_column_responsive_enable=&#8221;dfd-column-responsive-enable&#8221; responsive_styles=&#8221;padding_left_mobile:25|padding_right_mobile:25&#8243;]<div id=\"dfd-icon-list-69f15cfdb2c86-1367\" class=\"dfd-icon-list-wrap  del-full-width style-2  \" ><ul class=\"dfd-icon-list\"><li class=\"\"><div class=\"dfd-list-content clearfix \" style=\"\"><div class=\"dfd-list-content-block content\"><strong>Potenza nominale<\/strong><br \/>\nL \u2014 225 Wp<br \/>\nQ \u2014 165 Wp<br \/>\nM \u2014 150 Wp<br \/>\nS\u00a0 \u2014 110 Wp<\/div><\/div><span class=\"dfd-icon-item-delimiter\" style=\"border-bottom-width:1px; border-style:dotted; border-color:#919191; \"><\/span><\/li><li class=\"\"><div class=\"dfd-list-content clearfix \" style=\"\"><div class=\"dfd-list-content-block content\"><strong>Dimensioni LxPxh<\/strong><br \/>\nL \u2014 1300x935x6.5 mm<br \/>\nQ \u2014 1300x720x6.5 mm<br \/>\nM \u2014 875x935x6.5 mm<br \/>\nS \u2014 875x720x6.5 mm<\/div><\/div><span class=\"dfd-icon-item-delimiter\" style=\"border-bottom-width:1px; border-style:dotted; border-color:#919191; \"><\/span><\/li><li class=\"\"><div class=\"dfd-list-content clearfix \" style=\"\"><div class=\"dfd-list-content-block content\"><strong>Peso del modulo<\/strong><br \/>\nL \u2014 17.7 kg<br \/>\nQ \u2014 13.3 kg<br \/>\nM \u2014 11.8 kg<br \/>\nS \u2014 9.1 kg<\/div><\/div><span class=\"dfd-icon-item-delimiter\" style=\"border-bottom-width:1px; border-style:dotted; border-color:#919191; \"><\/span><\/li><li class=\"\"><div class=\"dfd-list-content clearfix \" style=\"\"><div class=\"dfd-list-content-block content\"><strong>Tecnologia celle<\/strong><br \/>\nMonocristallina mezze celle G12 PERC<\/div><\/div><span class=\"dfd-icon-item-delimiter\" style=\"border-bottom-width:1px; border-style:dotted; border-color:#919191; \"><\/span><\/li><li class=\"\"><div class=\"dfd-list-content clearfix \" style=\"\"><div class=\"dfd-list-content-block content\"><strong>Tipologia vetro frontale<\/strong><br \/>\nVetro temperato ESG da 5 mm<\/div><\/div><span class=\"dfd-icon-item-delimiter\" style=\"border-bottom-width:1px; border-style:dotted; border-color:#919191; \"><\/span><\/li><li class=\"\"><div class=\"dfd-list-content clearfix \" style=\"\"><div class=\"dfd-list-content-block content\"><strong>Colore cella<\/strong><br \/>\nNero<\/div><\/div><span class=\"dfd-icon-item-delimiter\" style=\"border-bottom-width:1px; border-style:dotted; border-color:#919191; \"><\/span><\/li><li class=\"\"><div class=\"dfd-list-content clearfix \" style=\"\"><div class=\"dfd-list-content-block content\"><strong>Certificazioni<\/strong><br \/>\nIEC 61730:2016; IEC 61215:2021<\/div><\/div><span class=\"dfd-icon-item-delimiter\" style=\"border-bottom-width:1px; border-style:dotted; border-color:#919191; \"><\/span><\/li><li class=\"\"><div class=\"dfd-list-content clearfix \" style=\"\"><div class=\"dfd-list-content-block content\"><\/div><\/div><span class=\"dfd-icon-item-delimiter\" style=\"border-bottom-width:1px; border-style:dotted; border-color:#919191; \"><\/span><\/li><\/ul><\/div><script type=\"text\/javascript\">(function($) {$(\"head\").append(\"<style>#dfd-icon-list-69f15cfdb2c86-1367 .dfd-icon-list .content {style=&quot;font-family:Montserrat; font-weight:400; font-style:normal; font-size: 17px; color: #000000 !important; line-height: 25px; &quot;}<\/style>\");})(jQuery);<\/script>[\/vc_column_inner][\/vc_row_inner]<div class=\"dfd-spacer-module\"  data-units=\"px\" data-wide_resolution=\"1280\" data-wide_size=\"75\" data-normal_resolution=\"1024\" data-normal_size=\"75\" data-tablet_resolution=\"800\" data-tablet_size=\"75\" data-mobile_resolution=\"480\" data-mobile_size=\"75\" style=\"height: 75px;\"><\/div>[\/vc_column][vc_column width=&#8221;1\/4&#8243; dfd_column_responsive_enable=&#8221;dfd-column-responsive-enable&#8221; css=&#8221;.vc_custom_1550569865908{padding-right: 25px !important;padding-left: 25px !important;}&#8221; responsive_styles=&#8221;padding_top_mobile:80&#8243;]<div class=\"dfd-heading-shortcode\"><div class=\"dfd-heading-module-wrap  text-left style_01 dfd-heading-69f15cfdb3096 dfd-enable-resposive-headings\" id=\"dfd-heading-69f15cfdb3096\" ><div class=\"inline-block\"><div class=\"dfd-heading-module\"><div class=\"widget-title dfd-title block-title\" style=\"font-size: 25px; font-family: MontserratBold; color: #000000 !important; line-height: 32px; letter-spacing: 0px; \">Edifici di riferimento<\/div><\/div><\/div><\/div><script type=\"text\/javascript\">\r\n\t\t\t\t\t\t\t\t\t(function($) {\r\n\t\t\t\t\t\t\t\t\t\t$(\"head\").append(\"<style>.dfd-heading-69f15cfdb3096 .dfd-heading-module .widget-title {margin-top:0px;margin-bottom:15px;}.dfd-heading-69f15cfdb3096.dfd-heading-module-wrap .dfd-heading-module .dfd-heading-delimiter {margin-top:10px;margin-bottom:10px;}<\/style>\");\r\n\t\t\t\t\t\t\t\t\t})(jQuery);\r\n\t\t\t\t\t\t\t\t<\/script><\/div><div id=\"idinfobox69f15cfdb3179\" class=\"dfd-info-box clearfix style-01 layout-04  idinfobox69f15cfdb3179 cr-animate-gen\" data-animate-item=\".dfd-animate-container\" data-animate-type = \"transition.slideUpIn\" ><div class=\"dfd-animate-container\"><div class=\"icon-wrapper\"><div class=\"module-icon\" style=\"border-radius:px;font-size:65px;\"><div class=\"hover-layer\" ><\/div><img decoding=\"async\" src=\"https:\/\/solarchitecture.ch\/wp-content\/uploads\/2018\/11\/2_Umwelt-Arena_SUPSI-BFE-130x130.jpg\" alt=\"Image icon\" style=\"width: 65px;opacity: 1;\" \/><\/div><\/div><div class=\"content-wrap ovh\"><div class=\"info-box-title feature-title\" style=\"font-size: 14px; font-family: MontserratBold; color: #000000 !important; line-height: 20px; \">Umwelt Arena<\/div><div class=\"info-box-subtitle subtitle\" style=\"font-size: 14px; font-family: MontserratRegular; color: #000000 !important; line-height: 20px; font-style:italic; \">Visita la pagina<\/div><div class=\"description\" style=\"\"><\/div><\/div><a href=\"https:\/\/solarchitecture.ch\/it\/umwelt-arena-ag\/\"   class=\"full-box-link\"><\/a><\/div><\/div><div id=\"idinfobox69f15cfdb3a2b\" class=\"dfd-info-box clearfix style-01 layout-04  idinfobox69f15cfdb3a2b cr-animate-gen\" data-animate-item=\".dfd-animate-container\" data-animate-type = \"transition.slideUpIn\" ><div class=\"dfd-animate-container\"><div class=\"icon-wrapper\"><div class=\"module-icon\" style=\"border-radius:px;font-size:65px;\"><div class=\"hover-layer\" ><\/div><img decoding=\"async\" src=\"https:\/\/solarchitecture.ch\/wp-content\/uploads\/2021\/06\/3_Main-picture-scaled-130x130.jpg\" alt=\"Image icon\" style=\"width: 65px;opacity: 1;\" \/><\/div><\/div><div class=\"content-wrap ovh\"><div class=\"info-box-title feature-title\" style=\"font-size: 14px; color: #000000 !important; line-height: 20px; \">Asilo a Einigen<\/div><div class=\"info-box-subtitle subtitle\" style=\"font-size: 14px; color: #000000 !important; line-height: 20px; font-style:italic; \">Visita la pagina<\/div><div class=\"description\" style=\"\"><\/div><\/div><a href=\"https:\/\/solarchitecture.ch\/it\/in-breve-asilo-a-einigen\/\"  target=\"_blank\" class=\"full-box-link\"><\/a><\/div><\/div><div class=\"dfd-spacer-module\"  data-units=\"px\" data-wide_resolution=\"1280\" data-wide_size=\"80\" data-normal_resolution=\"1024\" data-normal_size=\"80\" data-tablet_resolution=\"800\" data-tablet_size=\"80\" data-mobile_resolution=\"480\" data-mobile_size=\"80\" style=\"height: 80px;\"><\/div><div class=\"dfd-shar-module-cover\"><div class=\"dfd-new-share-module  text-left style-6 horizontal   \" ><div class=\"module module-entry-share\" id=\"dfd_share_69f15cfdb410d\"><ul class=\"module-entry-share-links-list rrssb-buttons\" data-directory=\"https:\/\/solarchitecture.ch\/wp-content\/themes\/dfd-ronneby\"><li class=\"rrssb-facebook\"><a class=\"module-entry-share-link-facebook feature-title\" data-title=\"Solarchitecture\" data-url=\"https:\/\/solarchitecture.ch\" data-media=\"\" href=\"https:\/\/www.facebook.com\/sharer\/sharer.php?u=https:\/\/solarchitecture.ch\"  style=\"border-radius: 1px; font-size: 14px; \"><span class=\"dfd-share-icon\" style=\"width: 30px; height: 30px; line-height: 30px;\"><\/span><\/a><\/li><li class=\"rrssb-linkedin\"><a class=\"module-entry-share-link-linkedin feature-title\" data-title=\"Solarchitecture\" data-url=\"https:\/\/solarchitecture.ch\" data-media=\"\" href=\"http:\/\/www.linkedin.com\/shareArticle?mini=true&#038;url=https:\/\/solarchitecture.ch\"  style=\"border-radius: 1px; font-size: 14px; \"><span class=\"dfd-share-icon\" style=\"width: 30px; height: 30px; line-height: 30px;\"><\/span><\/a><\/li><li class=\"rrssb-pinterest\"><a class=\"module-entry-share-link-pinterest feature-title\" data-title=\"Solarchitecture\" data-url=\"https:\/\/solarchitecture.ch\" data-media=\"\" href=\"http:\/\/pinterest.com\/pin\/create\/button\/?url=https:\/\/solarchitecture.ch&#038;image_url=https:\/\/solarchitecture.ch\/wp-content\/uploads\/2024\/01\/TeraSlate-Module.jpg\"  style=\"border-radius: 1px; font-size: 14px; \"><span class=\"dfd-share-icon\" style=\"width: 30px; height: 30px; line-height: 30px;\"><\/span><\/a><\/li><\/ul><\/div><\/div>\t\t\t<script type=\"text\/javascript\">\r\n\t\t\t\t(function ($) {\r\n\t\t\t\t\t\"use strict\";\r\n\t\t\t\t\t$(document).ready(function () {\r\n\t\t\t\t\t\tvar $share_container = $('#dfd_share_69f15cfdb410d .module-entry-share-links-list li');\r\n\t\t\t\t\t\tvar parent = $share_container.parent().parent().parent();\r\n\t\t\t\t\t\tif ($share_container.length > 0) {\r\n\t\t\t\t\t\t\tvar scrollbarWidth;\r\n\t\t\t\t\t\t\tvar div = document.createElement('div');\r\n\t\t\t\t\t\t\tdiv.style.overflowY = 'scroll';\r\n\t\t\t\t\t\t\tdiv.style.width = '50px';\r\n\t\t\t\t\t\t\tdiv.style.height = '50px';\r\n\t\t\t\t\t\t\tdiv.style.visibility = 'hidden';\r\n\t\t\t\t\t\t\tdocument.body.appendChild(div);\r\n\t\t\t\t\t\t\tscrollbarWidth = div.offsetWidth - div.clientWidth;\r\n\t\t\t\t\t\t\tdocument.body.removeChild(div);\r\n\t\t\t\t\t\t\tvar setShareWidth = function () {\r\n\t\t\t\t\t\t\t\tif (($(window).width() + scrollbarWidth) >= 800) {\r\n\t\t\t\t\t\t\t\t\tif (parent.hasClass(\"style-6\") || parent.hasClass(\"style-7\") || parent.hasClass(\"vertical\")) {\r\n\t\t\t\t\t\t\t\t\t\t$share_container.width('auto');\r\n\t\t\t\t\t\t\t\t\t} else {\r\n\t\t\t\t\t\t\t\t\t\t$share_container.dfdEqWidth();\r\n\t\t\t\t\t\t\t\t\t}\r\n\t\t\t\t\t\t\t\t} else {\r\n\t\t\t\t\t\t\t\t\tif (parent.hasClass(\"style-6\") || parent.hasClass(\"style-7\") || parent.hasClass(\"vertical\")) {\r\n\t\t\t\t\t\t\t\t\t\t$share_container.width('auto');\r\n\t\t\t\t\t\t\t\t\t} else {\r\n\t\t\t\t\t\t\t\t\t\t$share_container.width('100%');\r\n\t\t\t\t\t\t\t\t\t}\r\n\t\t\t\t\t\t\t\t}\r\n\t\t\t\t\t\t\t};\r\n\t\t\t\t\t\t\tsetShareWidth();\r\n\t\t\t\t\t\t\t$(window).resize(setShareWidth);\r\n\t\t\t\t\t\t}\r\n\t\t\t\t\t});\r\n\t\t\t\t\t\t\t\t\t$('head').append('<style type=\"text\/css\">.dfd-new-share-module.style-6 #dfd_share_69f15cfdb410d ul li a {border-style: solid;border-width: 1px;border-color: #000000;background: #ffffff;color: #000000;}<\/style>');\r\n\t\t\t\t\t\t\t})(jQuery);\r\n\t\t\t<\/script>\r\n\r\n\t\t\t<\/div>[\/vc_column][\/vc_row]<\/p>\n<\/div>","protected":false},"excerpt":{"rendered":"<p>[vc_row][vc_column offset=&#8221;vc_hidden-lg vc_hidden-md vc_hidden-sm vc_hidden-xs&#8221;][vc_acf field_group=&#8221;30126&#8243; field_from_30126=&#8221;field_5c079de146ee1&#8243;][\/vc_column][\/vc_row][vc_row][vc_column][\/vc_column][\/vc_row][vc_row][vc_column width=&#8221;3\/4&#8243; dfd_column_responsive_enable=&#8221;dfd-column-responsive-enable&#8221; css=&#8221;.vc_custom_1550570155454{border-right-width: 1px !important;padding-right: 25px !important;padding-left: 25px !important;border-right-color: #000000 !important;border-right-style: solid !important;}&#8221; responsive_styles=&#8221;border_right_mobile:0|padding_left_mobile:0|padding_right_mobile:0&#8243;][vc_row_inner][vc_column_inner width=&#8221;3\/4&#8243; dfd_column_responsive_enable=&#8221;dfd-column-responsive-enable&#8221; css=&#8221;.vc_custom_1552396672991{padding-right: 25px !important;}&#8221; responsive_styles=&#8221;padding_left_mobile:25&#8243;][\/vc_column_inner][vc_column_inner width=&#8221;1\/4&#8243; dfd_column_responsive_enable=&#8221;dfd-column-responsive-enable&#8221; css=&#8221;.vc_custom_1552396129977{padding-left:<\/p>\n","protected":false},"author":2021,"featured_media":58515,"comment_status":"closed","ping_status":"closed","sticky":false,"template":"","format":"standard","meta":{"_acf_changed":false,"inline_featured_image":false,"footnotes":""},"categories":[449],"tags":[],"class_list":["post-58531","post","type-post","status-publish","format-standard","has-post-thumbnail","hentry","category-prodotti"],"acf":[],"yoast_head":"<!-- This site is optimized with the Yoast SEO plugin v26.7 - https:\/\/yoast.com\/wordpress\/plugins\/seo\/ -->\n<title>Tetto solare 3S TeraSlate - Solarchitecture<\/title>\n<meta name=\"robots\" content=\"index, follow, max-snippet:-1, max-image-preview:large, max-video-preview:-1\" \/>\n<link rel=\"canonical\" href=\"https:\/\/solarchitecture.ch\/it\/tetto-solare-3s-teraslate\/\" \/>\n<meta property=\"og:locale\" content=\"it_IT\" \/>\n<meta property=\"og:type\" content=\"article\" \/>\n<meta property=\"og:title\" content=\"Tetto solare 3S TeraSlate - Solarchitecture\" \/>\n<meta property=\"og:description\" content=\"[vc_row][vc_column offset=&#8221;vc_hidden-lg vc_hidden-md vc_hidden-sm vc_hidden-xs&#8221;][vc_acf field_group=&#8221;30126&#8243; field_from_30126=&#8221;field_5c079de146ee1&#8243;][\/vc_column][\/vc_row][vc_row][vc_column][\/vc_column][\/vc_row][vc_row][vc_column width=&#8221;3\/4&#8243; dfd_column_responsive_enable=&#8221;dfd-column-responsive-enable&#8221; css=&#8221;.vc_custom_1550570155454{border-right-width: 1px !important;padding-right: 25px !important;padding-left: 25px !important;border-right-color: #000000 !important;border-right-style: solid !important;}&#8221; responsive_styles=&#8221;border_right_mobile:0|padding_left_mobile:0|padding_right_mobile:0&#8243;][vc_row_inner][vc_column_inner width=&#8221;3\/4&#8243; dfd_column_responsive_enable=&#8221;dfd-column-responsive-enable&#8221; css=&#8221;.vc_custom_1552396672991{padding-right: 25px !important;}&#8221; responsive_styles=&#8221;padding_left_mobile:25&#8243;][\/vc_column_inner][vc_column_inner width=&#8221;1\/4&#8243; dfd_column_responsive_enable=&#8221;dfd-column-responsive-enable&#8221; css=&#8221;.vc_custom_1552396129977{padding-left:\" \/>\n<meta property=\"og:url\" content=\"https:\/\/solarchitecture.ch\/it\/tetto-solare-3s-teraslate\/\" \/>\n<meta property=\"og:site_name\" content=\"Solarchitecture\" \/>\n<meta property=\"article:published_time\" content=\"2024-02-05T08:00:19+00:00\" \/>\n<meta property=\"article:modified_time\" content=\"2024-02-19T08:42:55+00:00\" \/>\n<meta property=\"og:image\" content=\"https:\/\/solarchitecture.ch\/wp-content\/uploads\/2024\/01\/TeraSlate-Module-1024x683.jpg\" \/>\n\t<meta property=\"og:image:width\" content=\"1024\" \/>\n\t<meta property=\"og:image:height\" content=\"683\" \/>\n\t<meta property=\"og:image:type\" content=\"image\/jpeg\" \/>\n<meta name=\"author\" content=\"Solar Architecture\" \/>\n<meta name=\"twitter:card\" content=\"summary_large_image\" \/>\n<meta name=\"twitter:label1\" content=\"Scritto da\" \/>\n\t<meta name=\"twitter:data1\" content=\"Solar Architecture\" \/>\n\t<meta name=\"twitter:label2\" content=\"Tempo di lettura stimato\" \/>\n\t<meta name=\"twitter:data2\" content=\"3 minuti\" \/>\n<script type=\"application\/ld+json\" class=\"yoast-schema-graph\">{\"@context\":\"https:\/\/schema.org\",\"@graph\":[{\"@type\":\"Article\",\"@id\":\"https:\/\/solarchitecture.ch\/it\/tetto-solare-3s-teraslate\/#article\",\"isPartOf\":{\"@id\":\"https:\/\/solarchitecture.ch\/it\/tetto-solare-3s-teraslate\/\"},\"author\":{\"name\":\"Solar Architecture\",\"@id\":\"https:\/\/solarchitecture.ch\/it\/#\/schema\/person\/9574b0ccd534aeaa599ef02f64445744\"},\"headline\":\"Tetto solare 3S TeraSlate\",\"datePublished\":\"2024-02-05T08:00:19+00:00\",\"dateModified\":\"2024-02-19T08:42:55+00:00\",\"mainEntityOfPage\":{\"@id\":\"https:\/\/solarchitecture.ch\/it\/tetto-solare-3s-teraslate\/\"},\"wordCount\":1229,\"publisher\":{\"@id\":\"https:\/\/solarchitecture.ch\/it\/#organization\"},\"image\":{\"@id\":\"https:\/\/solarchitecture.ch\/it\/tetto-solare-3s-teraslate\/#primaryimage\"},\"thumbnailUrl\":\"https:\/\/solarchitecture.ch\/wp-content\/uploads\/2024\/01\/TeraSlate-Module.jpg\",\"articleSection\":[\"Prodotti\"],\"inLanguage\":\"it-IT\"},{\"@type\":\"WebPage\",\"@id\":\"https:\/\/solarchitecture.ch\/it\/tetto-solare-3s-teraslate\/\",\"url\":\"https:\/\/solarchitecture.ch\/it\/tetto-solare-3s-teraslate\/\",\"name\":\"Tetto solare 3S TeraSlate - Solarchitecture\",\"isPartOf\":{\"@id\":\"https:\/\/solarchitecture.ch\/it\/#website\"},\"primaryImageOfPage\":{\"@id\":\"https:\/\/solarchitecture.ch\/it\/tetto-solare-3s-teraslate\/#primaryimage\"},\"image\":{\"@id\":\"https:\/\/solarchitecture.ch\/it\/tetto-solare-3s-teraslate\/#primaryimage\"},\"thumbnailUrl\":\"https:\/\/solarchitecture.ch\/wp-content\/uploads\/2024\/01\/TeraSlate-Module.jpg\",\"datePublished\":\"2024-02-05T08:00:19+00:00\",\"dateModified\":\"2024-02-19T08:42:55+00:00\",\"breadcrumb\":{\"@id\":\"https:\/\/solarchitecture.ch\/it\/tetto-solare-3s-teraslate\/#breadcrumb\"},\"inLanguage\":\"it-IT\",\"potentialAction\":[{\"@type\":\"ReadAction\",\"target\":[\"https:\/\/solarchitecture.ch\/it\/tetto-solare-3s-teraslate\/\"]}]},{\"@type\":\"ImageObject\",\"inLanguage\":\"it-IT\",\"@id\":\"https:\/\/solarchitecture.ch\/it\/tetto-solare-3s-teraslate\/#primaryimage\",\"url\":\"https:\/\/solarchitecture.ch\/wp-content\/uploads\/2024\/01\/TeraSlate-Module.jpg\",\"contentUrl\":\"https:\/\/solarchitecture.ch\/wp-content\/uploads\/2024\/01\/TeraSlate-Module.jpg\",\"width\":1920,\"height\":1280},{\"@type\":\"BreadcrumbList\",\"@id\":\"https:\/\/solarchitecture.ch\/it\/tetto-solare-3s-teraslate\/#breadcrumb\",\"itemListElement\":[{\"@type\":\"ListItem\",\"position\":1,\"name\":\"Home\",\"item\":\"https:\/\/solarchitecture.ch\/it\/\"},{\"@type\":\"ListItem\",\"position\":2,\"name\":\"Tetto solare 3S TeraSlate\"}]},{\"@type\":\"WebSite\",\"@id\":\"https:\/\/solarchitecture.ch\/it\/#website\",\"url\":\"https:\/\/solarchitecture.ch\/it\/\",\"name\":\"Solarchitecture\",\"description\":\"Building solution\",\"publisher\":{\"@id\":\"https:\/\/solarchitecture.ch\/it\/#organization\"},\"potentialAction\":[{\"@type\":\"SearchAction\",\"target\":{\"@type\":\"EntryPoint\",\"urlTemplate\":\"https:\/\/solarchitecture.ch\/it\/?s={search_term_string}\"},\"query-input\":{\"@type\":\"PropertyValueSpecification\",\"valueRequired\":true,\"valueName\":\"search_term_string\"}}],\"inLanguage\":\"it-IT\"},{\"@type\":\"Organization\",\"@id\":\"https:\/\/solarchitecture.ch\/it\/#organization\",\"name\":\"Solarchitecture\",\"url\":\"https:\/\/solarchitecture.ch\/it\/\",\"logo\":{\"@type\":\"ImageObject\",\"inLanguage\":\"it-IT\",\"@id\":\"https:\/\/solarchitecture.ch\/it\/#\/schema\/logo\/image\/\",\"url\":\"https:\/\/solarchitecture.ch\/wp-content\/uploads\/2022\/07\/solarchitecture_logo.jpg\",\"contentUrl\":\"https:\/\/solarchitecture.ch\/wp-content\/uploads\/2022\/07\/solarchitecture_logo.jpg\",\"width\":312,\"height\":312,\"caption\":\"Solarchitecture\"},\"image\":{\"@id\":\"https:\/\/solarchitecture.ch\/it\/#\/schema\/logo\/image\/\"}},{\"@type\":\"Person\",\"@id\":\"https:\/\/solarchitecture.ch\/it\/#\/schema\/person\/9574b0ccd534aeaa599ef02f64445744\",\"name\":\"Solar Architecture\",\"image\":{\"@type\":\"ImageObject\",\"inLanguage\":\"it-IT\",\"@id\":\"https:\/\/solarchitecture.ch\/it\/#\/schema\/person\/image\/\",\"url\":\"https:\/\/secure.gravatar.com\/avatar\/5248fcb2bab99263f8f157f166bf6916de4582d008a551554fe906e623e4fda0?s=96&d=mm&r=g\",\"contentUrl\":\"https:\/\/secure.gravatar.com\/avatar\/5248fcb2bab99263f8f157f166bf6916de4582d008a551554fe906e623e4fda0?s=96&d=mm&r=g\",\"caption\":\"Solar Architecture\"},\"url\":\"https:\/\/solarchitecture.ch\/it\/author\/solar\/\"}]}<\/script>\n<!-- \/ Yoast SEO plugin. -->","yoast_head_json":{"title":"Tetto solare 3S TeraSlate - Solarchitecture","robots":{"index":"index","follow":"follow","max-snippet":"max-snippet:-1","max-image-preview":"max-image-preview:large","max-video-preview":"max-video-preview:-1"},"canonical":"https:\/\/solarchitecture.ch\/it\/tetto-solare-3s-teraslate\/","og_locale":"it_IT","og_type":"article","og_title":"Tetto solare 3S TeraSlate - Solarchitecture","og_description":"[vc_row][vc_column offset=&#8221;vc_hidden-lg vc_hidden-md vc_hidden-sm vc_hidden-xs&#8221;][vc_acf field_group=&#8221;30126&#8243; field_from_30126=&#8221;field_5c079de146ee1&#8243;][\/vc_column][\/vc_row][vc_row][vc_column][\/vc_column][\/vc_row][vc_row][vc_column width=&#8221;3\/4&#8243; dfd_column_responsive_enable=&#8221;dfd-column-responsive-enable&#8221; css=&#8221;.vc_custom_1550570155454{border-right-width: 1px !important;padding-right: 25px !important;padding-left: 25px !important;border-right-color: #000000 !important;border-right-style: solid !important;}&#8221; responsive_styles=&#8221;border_right_mobile:0|padding_left_mobile:0|padding_right_mobile:0&#8243;][vc_row_inner][vc_column_inner width=&#8221;3\/4&#8243; dfd_column_responsive_enable=&#8221;dfd-column-responsive-enable&#8221; css=&#8221;.vc_custom_1552396672991{padding-right: 25px !important;}&#8221; responsive_styles=&#8221;padding_left_mobile:25&#8243;][\/vc_column_inner][vc_column_inner width=&#8221;1\/4&#8243; dfd_column_responsive_enable=&#8221;dfd-column-responsive-enable&#8221; css=&#8221;.vc_custom_1552396129977{padding-left:","og_url":"https:\/\/solarchitecture.ch\/it\/tetto-solare-3s-teraslate\/","og_site_name":"Solarchitecture","article_published_time":"2024-02-05T08:00:19+00:00","article_modified_time":"2024-02-19T08:42:55+00:00","og_image":[{"width":1024,"height":683,"url":"https:\/\/solarchitecture.ch\/wp-content\/uploads\/2024\/01\/TeraSlate-Module-1024x683.jpg","type":"image\/jpeg"}],"author":"Solar Architecture","twitter_card":"summary_large_image","twitter_misc":{"Scritto da":"Solar Architecture","Tempo di lettura stimato":"3 minuti"},"schema":{"@context":"https:\/\/schema.org","@graph":[{"@type":"Article","@id":"https:\/\/solarchitecture.ch\/it\/tetto-solare-3s-teraslate\/#article","isPartOf":{"@id":"https:\/\/solarchitecture.ch\/it\/tetto-solare-3s-teraslate\/"},"author":{"name":"Solar Architecture","@id":"https:\/\/solarchitecture.ch\/it\/#\/schema\/person\/9574b0ccd534aeaa599ef02f64445744"},"headline":"Tetto solare 3S TeraSlate","datePublished":"2024-02-05T08:00:19+00:00","dateModified":"2024-02-19T08:42:55+00:00","mainEntityOfPage":{"@id":"https:\/\/solarchitecture.ch\/it\/tetto-solare-3s-teraslate\/"},"wordCount":1229,"publisher":{"@id":"https:\/\/solarchitecture.ch\/it\/#organization"},"image":{"@id":"https:\/\/solarchitecture.ch\/it\/tetto-solare-3s-teraslate\/#primaryimage"},"thumbnailUrl":"https:\/\/solarchitecture.ch\/wp-content\/uploads\/2024\/01\/TeraSlate-Module.jpg","articleSection":["Prodotti"],"inLanguage":"it-IT"},{"@type":"WebPage","@id":"https:\/\/solarchitecture.ch\/it\/tetto-solare-3s-teraslate\/","url":"https:\/\/solarchitecture.ch\/it\/tetto-solare-3s-teraslate\/","name":"Tetto solare 3S TeraSlate - Solarchitecture","isPartOf":{"@id":"https:\/\/solarchitecture.ch\/it\/#website"},"primaryImageOfPage":{"@id":"https:\/\/solarchitecture.ch\/it\/tetto-solare-3s-teraslate\/#primaryimage"},"image":{"@id":"https:\/\/solarchitecture.ch\/it\/tetto-solare-3s-teraslate\/#primaryimage"},"thumbnailUrl":"https:\/\/solarchitecture.ch\/wp-content\/uploads\/2024\/01\/TeraSlate-Module.jpg","datePublished":"2024-02-05T08:00:19+00:00","dateModified":"2024-02-19T08:42:55+00:00","breadcrumb":{"@id":"https:\/\/solarchitecture.ch\/it\/tetto-solare-3s-teraslate\/#breadcrumb"},"inLanguage":"it-IT","potentialAction":[{"@type":"ReadAction","target":["https:\/\/solarchitecture.ch\/it\/tetto-solare-3s-teraslate\/"]}]},{"@type":"ImageObject","inLanguage":"it-IT","@id":"https:\/\/solarchitecture.ch\/it\/tetto-solare-3s-teraslate\/#primaryimage","url":"https:\/\/solarchitecture.ch\/wp-content\/uploads\/2024\/01\/TeraSlate-Module.jpg","contentUrl":"https:\/\/solarchitecture.ch\/wp-content\/uploads\/2024\/01\/TeraSlate-Module.jpg","width":1920,"height":1280},{"@type":"BreadcrumbList","@id":"https:\/\/solarchitecture.ch\/it\/tetto-solare-3s-teraslate\/#breadcrumb","itemListElement":[{"@type":"ListItem","position":1,"name":"Home","item":"https:\/\/solarchitecture.ch\/it\/"},{"@type":"ListItem","position":2,"name":"Tetto solare 3S TeraSlate"}]},{"@type":"WebSite","@id":"https:\/\/solarchitecture.ch\/it\/#website","url":"https:\/\/solarchitecture.ch\/it\/","name":"Solarchitecture","description":"Building solution","publisher":{"@id":"https:\/\/solarchitecture.ch\/it\/#organization"},"potentialAction":[{"@type":"SearchAction","target":{"@type":"EntryPoint","urlTemplate":"https:\/\/solarchitecture.ch\/it\/?s={search_term_string}"},"query-input":{"@type":"PropertyValueSpecification","valueRequired":true,"valueName":"search_term_string"}}],"inLanguage":"it-IT"},{"@type":"Organization","@id":"https:\/\/solarchitecture.ch\/it\/#organization","name":"Solarchitecture","url":"https:\/\/solarchitecture.ch\/it\/","logo":{"@type":"ImageObject","inLanguage":"it-IT","@id":"https:\/\/solarchitecture.ch\/it\/#\/schema\/logo\/image\/","url":"https:\/\/solarchitecture.ch\/wp-content\/uploads\/2022\/07\/solarchitecture_logo.jpg","contentUrl":"https:\/\/solarchitecture.ch\/wp-content\/uploads\/2022\/07\/solarchitecture_logo.jpg","width":312,"height":312,"caption":"Solarchitecture"},"image":{"@id":"https:\/\/solarchitecture.ch\/it\/#\/schema\/logo\/image\/"}},{"@type":"Person","@id":"https:\/\/solarchitecture.ch\/it\/#\/schema\/person\/9574b0ccd534aeaa599ef02f64445744","name":"Solar Architecture","image":{"@type":"ImageObject","inLanguage":"it-IT","@id":"https:\/\/solarchitecture.ch\/it\/#\/schema\/person\/image\/","url":"https:\/\/secure.gravatar.com\/avatar\/5248fcb2bab99263f8f157f166bf6916de4582d008a551554fe906e623e4fda0?s=96&d=mm&r=g","contentUrl":"https:\/\/secure.gravatar.com\/avatar\/5248fcb2bab99263f8f157f166bf6916de4582d008a551554fe906e623e4fda0?s=96&d=mm&r=g","caption":"Solar Architecture"},"url":"https:\/\/solarchitecture.ch\/it\/author\/solar\/"}]}},"_links":{"self":[{"href":"https:\/\/solarchitecture.ch\/it\/wp-json\/wp\/v2\/posts\/58531","targetHints":{"allow":["GET"]}}],"collection":[{"href":"https:\/\/solarchitecture.ch\/it\/wp-json\/wp\/v2\/posts"}],"about":[{"href":"https:\/\/solarchitecture.ch\/it\/wp-json\/wp\/v2\/types\/post"}],"author":[{"embeddable":true,"href":"https:\/\/solarchitecture.ch\/it\/wp-json\/wp\/v2\/users\/2021"}],"replies":[{"embeddable":true,"href":"https:\/\/solarchitecture.ch\/it\/wp-json\/wp\/v2\/comments?post=58531"}],"version-history":[{"count":12,"href":"https:\/\/solarchitecture.ch\/it\/wp-json\/wp\/v2\/posts\/58531\/revisions"}],"predecessor-version":[{"id":58775,"href":"https:\/\/solarchitecture.ch\/it\/wp-json\/wp\/v2\/posts\/58531\/revisions\/58775"}],"wp:featuredmedia":[{"embeddable":true,"href":"https:\/\/solarchitecture.ch\/it\/wp-json\/wp\/v2\/media\/58515"}],"wp:attachment":[{"href":"https:\/\/solarchitecture.ch\/it\/wp-json\/wp\/v2\/media?parent=58531"}],"wp:term":[{"taxonomy":"category","embeddable":true,"href":"https:\/\/solarchitecture.ch\/it\/wp-json\/wp\/v2\/categories?post=58531"},{"taxonomy":"post_tag","embeddable":true,"href":"https:\/\/solarchitecture.ch\/it\/wp-json\/wp\/v2\/tags?post=58531"}],"curies":[{"name":"wp","href":"https:\/\/api.w.org\/{rel}","templated":true}]}}