{"id":55929,"date":"2023-06-20T09:16:58","date_gmt":"2023-06-20T07:16:58","guid":{"rendered":"https:\/\/solarchitecture.ch\/lalba-nella-svizzera-pioneristica\/"},"modified":"2023-06-20T14:48:07","modified_gmt":"2023-06-20T12:48:07","slug":"lalba-nella-svizzera-pioneristica","status":"publish","type":"post","link":"https:\/\/solarchitecture.ch\/it\/lalba-nella-svizzera-pioneristica\/","title":{"rendered":"L\u2019alba nella Svizzera pioneristica"},"content":{"rendered":"<div class=\"wpb-content-wrapper\"><p>[vc_row][vc_column offset=&#8221;vc_hidden-lg vc_hidden-md vc_hidden-sm vc_hidden-xs&#8221;][vc_acf field_group=&#8221;30126&#8243; field_from_30126=&#8221;field_5c079de146ee1&#8243;][\/vc_column][\/vc_row][vc_row][vc_column]<div class=\"dfd-spacer-module\"  data-units=\"px\" data-wide_resolution=\"1280\" data-wide_size=\"100\" data-normal_resolution=\"1024\" data-normal_size=\"100\" data-tablet_resolution=\"800\" data-tablet_size=\"50\" data-mobile_resolution=\"480\" data-mobile_size=\"50\" style=\"height: 100px;\"><\/div>[\/vc_column][\/vc_row][vc_row][vc_column width=&#8221;3\/4&#8243; dfd_column_responsive_enable=&#8221;dfd-column-responsive-enable&#8221; css=&#8221;.vc_custom_1548941680917{border-right-width: 1px !important;padding-right: 25px !important;padding-left: 25px !important;border-right-color: #000000 !important;border-right-style: solid !important;}&#8221; responsive_styles=&#8221;border_right_mobile:0&#8243;]<div class=\"dfd-heading-shortcode\"><div class=\"dfd-heading-module-wrap  text-left style_01 cr-animate-gen dfd-heading-69f25944a6a34 dfd-enable-resposive-headings\" id=\"dfd-heading-69f25944a6a34\" data-animate-type = \"transition.slideLeftIn\" ><div class=\"inline-block\"><div class=\"dfd-heading-module\"><div class=\"widget-title dfd-title block-title\" style=\"font-family:Montserrat; font-weight:700; font-style:normal; font-size: 35px; color: #000000 !important; line-height: 45px; letter-spacing: 0px; \">L\u2019alba nella Svizzera pioneristica<\/div><\/div><\/div><\/div><script type=\"text\/javascript\">\r\n\t\t\t\t\t\t\t\t\t(function($) {\r\n\t\t\t\t\t\t\t\t\t\t$(\"head\").append(\"<style>.dfd-heading-69f25944a6a34.dfd-heading-module-wrap .dfd-heading-module .dfd-heading-delimiter {margin-top:10px;margin-bottom:10px;}@media (max-width: 1279px) and (min-width: 1024px){.dfd-heading-69f25944a6a34 .dfd-title{font-size: 40px !important;letter-spacing: 0px !important;line-height: 45px !important;}}@media (max-width: 1023px) and (min-width: 800px){.dfd-heading-69f25944a6a34 .dfd-title{font-size: 35px !important;letter-spacing: 0px !important;line-height: 40px !important;}}@media (max-width: 799px){.dfd-heading-69f25944a6a34 .dfd-title{font-size: 30px !important;letter-spacing: 0px !important;line-height: 35px !important;}}<\/style>\");\r\n\t\t\t\t\t\t\t\t\t})(jQuery);\r\n\t\t\t\t\t\t\t\t<\/script><\/div>[vc_column_text css=&#8221;.vc_custom_1686749236374{padding-bottom: 30px !important;}&#8221;]19 giugno 2023[\/vc_column_text][vc_single_image image=&#8221;55829&#8243; img_size=&#8221;full&#8221;][vc_column_text css=&#8221;.vc_custom_1687265256714{padding-top: 10px !important;padding-bottom: 10px !important;}&#8221;]<\/p>\n<h3 style=\"text-align: left;\">High tech nel capannone: presso il sito di Gwatt vengono prodotti innovativi sistemi fotovoltaici integrati negli edifici.<br \/>\nFonte: Rivista dell&#8217;energia &#8211; SvizzeraEnergia.<\/h3>\n<p>[\/vc_column_text][vc_column_text css=&#8221;.vc_custom_1687265281415{padding-top: 25px !important;}&#8221;]<em>Di Roland Gr\u00fcter (testo) e Gerry Nitsch (foto) &#8211; Rivista dell\u2019energia per i <\/em><em>proprietari immobiliari 2023-05-23<\/em><\/p>\n<p><em>\u00a0<\/em><\/p>\n<p><em>Oltre il 70 percento dei moduli fotovoltaici montati in Svizzera proviene dall\u2019Asia. Tuttavia alcune aziende elvetiche, altamente specializzate, sanno tenere testa allo strapotere asiatico. Una di queste \u00e8 la 3S Swiss Solar Solutions con sede a Gwatt (BE), i cui impianti integrati negli edifici sono molto richiesti.<\/em><\/p>\n<p><em>\u00a0<\/em><\/p>\n<p>Accanto alla porta dell\u2019ufficio del Capo della 3S Swiss Solar Solutions, azienda leader nella produzione di sistemi fotovoltaici, \u00e8 scritto a grandi lettere &#8220;Creare qualcosa di nuovo con passione&#8221;. I pannelli dell\u2019azienda sono installati su circa 20 000 tetti svizzeri. Nella sede di Gwatt lavorano 130 persone, il quadruplo rispetto a solo cinque anni fa. A prima vista, pu\u00f2 sembrare una banca o un\u2019assicurazione: uffici dietro imponenti lastre di vetro, sale riunioni in perfetto ordine.<\/p>\n<p>&nbsp;<\/p>\n<p>Ma l\u2019apparenza inganna: appena si apre la porta dall\u2019altro lato dell\u2019azienda, si entra in un ambiente totalmente diverso: un capannone di 2000 metri quadrati, dove high tech e persone lavorano in perfetta sintonia. Bracci robotizzati sollevano lastre di vetro, lampi di luce colpiscono i moduli. Gli operai saldano fili di rame ed eliminano residui di pellicola. Ogni giorno vengono trattate oltre 25 tonnellate di materiale. Occorrono circa 20 fasi di lavorazione prima di poter vedere i moduli fotovoltaici nuovi fiammanti, tra cui la specialit\u00e0 della casa, i pannelli MegaSlate, considerati particolarmente innovativi ed esteticamente accattivanti. L\u2019Ufficio federale dell\u2019energia ha recentemente conferito all\u2019azienda il noto premio &#8220;Watt d\u2019Or&#8221;. Una vera e propria investitura.<\/p>\n<p>&nbsp;<\/p>\n<p><strong>Fuso con l\u2019architettura<\/strong><\/p>\n<p>&nbsp;<\/p>\n<p>&#8220;Produciamo i rivestimenti degli edifici in grado di generare l\u2019energia del futuro&#8221;, si legge sul sito web della ditta. Elemento clou: i moduli solari non vengono montati sul tetto come gli altri, ma integrati direttamente nell\u2019involucro dell\u2019edificio. Sostituiscono le tegole tradizionali, ricoprono tetti, parcheggi, facciate o ringhiere di balconi fino all\u2019angolo pi\u00f9 lontano, fondendosi con l\u2019architettura. Si distinguono cos\u00ec dai soliti sistemi posati, offerti da molti concorrenti dell\u2019Estremo Oriente. E con successo: lo scorso anno l\u2019azienda ha raddoppiato le vendite e per l\u2019anno in corso conta nuovamente su una solida crescita.<\/p>\n<p>&nbsp;<\/p>\n<p>Una parte del team di 16 persone sta facendo una pausa nel capannone.<\/p>\n<p>&nbsp;<\/p>\n<p>La direzione offre un brunch, come premio per il record di produzione raggiunto la settimana precedente. Gli operai alzano la mano in segno di saluto, quando il Capo passa loro accanto di fretta. Marcus B\u00e4ckmann di fatto \u00e8 responsabile della direzione aziendale. Oggi, per\u00f2, accompagna dei visitatori attraverso il suo regno. \u00c8 intervenuto per sostituire il fondatore e principale azionista dell\u2019azienda, Patrick Hofer-Noser, che ha avuto un infortunio in vacanza. La passione di Marcus B\u00e4ckmann per l\u2019azienda e il suo personale si percepisce in ogni sua parola. Nonostante l\u2019azienda sia cresciuta notevolmente, l\u2019atmosfera sembra familiare.<\/p>\n<p>&nbsp;<\/p>\n<p><strong>Gli esordi nella costruzione <\/strong><strong>meccanica<\/strong><\/p>\n<p>&nbsp;<\/p>\n<p>La storia dell\u2019impresa \u00e8 movimentata. Fondata originariamente nel 2001 a Lyss (BE) da Patrick Hofer-Noser, con l\u2019obiettivo di realizzare edifici energeticamente autarchici e CO\u00b2 neutrali, si \u00e8 prima dedicata all\u2019automazione e ai processi di produzione di moduli fotovoltaici. La 3S \u00e8 cos\u00ec diventata un\u2019impresa che costruisce macchine. Nel 2010 \u00e8 seguita la fusione con Meyer Burger, un altro produttore di macchine. Insieme hanno vissuto gli anni d\u2019oro, sviluppando moduli fotovoltaici che oggi sono ritenuti convenzionali. Con l\u2019entrata in scena della concorrenza asiatica, il gruppo ha deciso di diversificare, vendendo o chiudendo dei settori dell\u2019azienda. Nell\u2019agosto 2018 Patrick Hofer-Noser ha riacquistato il settore del fotovoltaico integrato negli edifici, continuando il percorso iniziato 17 anni prima.<\/p>\n<p>&nbsp;<\/p>\n<p>Non \u00e8 cosa scontata. Anche se la ricerca svizzera contribuisce da sempre al progresso delle tecnologie per il fotovoltaico, l\u2019industria locale non \u00e8 riuscita a sfruttare realmente questo vantaggio a livello di know-how. Quando circa dieci anni fa la produzione \u00e8 stata automatizzata, molte aziende non hanno colto l\u2019occasione e la produzione si \u00e8 fatta altrove. Per le poche imprese che hanno voluto sfidare la concorrenza estera sono rimaste solo le nicchie di mercato. Cos\u00ec la maggior parte si \u00e8 indirizzata verso gli impianti fotovoltaici integrati negli edifici.<\/p>\n<p>&nbsp;<\/p>\n<p>I produttori europei sono pochi, ma di ottima qualit\u00e0. Oltre a 3S Swiss Solar Solutions, si contano Meyer Burger, Sunage, Axsun, Aleo, Sonnenkraft ed Enel. &#8220;Le nuove generazioni difficilmente sapranno che un tempo la Svizzera era la nazione leader in Europa nella produzione di energia fotovoltaica&#8221;, scrive l\u2019Ufficio federale dell\u2019energia nelle argomentazioni per l\u2019assegnazione del premio Watt d\u2019Or. &#8220;Una delle aziende pioniere del periodo d\u2019oro del solare in Svizzera \u00e8 la 3S Swiss Solar Solutions&#8221;.<\/p>\n<p>&nbsp;<\/p>\n<p><strong>Lotta impari<\/strong><\/p>\n<p><strong>\u00a0<\/strong><\/p>\n<p>Dei tempi d\u2019oro resta solo il ricordo. Oltre il 70 per cento dei moduli FV montati in Svizzera proviene ormai dall\u2019Estero, soprattutto dalla Cina. &#8220;Il Governo cinese ha riconosciuto presto il potenziale del fotovoltaico e lo ha promosso, anche per garantire l\u2019approvvigionamento energetico nel Paese&#8221;, dice Marcus B\u00e4ckmann. &#8220;Il mercato interno \u00e8 enorme e solo una piccola parte della produzione cinese viene esportata&#8221;. Anche negli Stati Uniti, il settore gode del sostegno dello Stato. David Stickelberger, Direttore dell\u2019Associazione svizzera dei professionisti dell\u2019energia solare Swissolar, afferma: &#8220;Oggi il denaro degli investitori europei e tanto know-how vanno a finire negli USA. \u00c8 una lotta ad armi impari, in cui concorrenti svizzeri ed europei non riescono a tenere testa ai rivali. Da noi infatti viene finanziata la ricerca, ma non l\u2019industria&#8221;.<\/p>\n<p>&nbsp;<\/p>\n<p>Ne \u00e8 derivata una notevole dipendenza, da cui l\u2019Europa vuole sganciarsi nei prossimi anni. L\u2019UE si \u00e8 infatti posta l\u2019obiettivo di riportare indietro il 40 per cento della produzione. Una rispettiva legge \u00e8 in fase di preparazione. Un\u2019altra intende rendere pi\u00f9 trasparente la provenienza dei moduli fotovoltaici. Da dove arrivano i componenti? Nella catena di lavorazione vengono rispettati i diritti umani? Gli obiettivi della politica sono ambiziosi.<\/p>\n<p>&#8220;Ma attivarsi conviene&#8221;, \u00e8 convinto Marcus B\u00e4ckmann. &#8220;La dipendenza dall\u2019Asia \u00e8 molto rischiosa e richiede urgentemente un cambio di prospettiva, se non vogliamo compromettere gli obiettivi di politica energetica&#8221;.<\/p>\n<p>&nbsp;<\/p>\n<p>L\u2019elettricit\u00e0 solare fornisce gi\u00e0 un importante contributo all\u2019approvvigionamento energetico del Paese. Tuttavia, per abbandonare le fonti fossili e il nucleare, la Svizzera necessita di una potenza solare almeno dieci volte maggiore di quella odierna. Per raggiungerla, deve avere condizioni quadro affidabili e anche la certezza che la tecnologia necessaria sia accessibile. &#8220;Le rotte commerciali sono fragili&#8221;, dice l\u2019esperto Marcus B\u00e4ckmann. &#8220;La guerra in Ucraina ce lo ha fatto capire chiaramente&#8221;.<\/p>\n<p>&nbsp;<\/p>\n<p>Anche per molti proprietari immobiliari la questione dell\u2019origine dei moduli solari diventa sempre pi\u00f9 importante. Si tratta di stabilire per quanto tempo un modulo fotovoltaico deve produrre elettricit\u00e0 ecologica per compensare le emissioni di CO\u00b2 generate dalla produzione e dal trasporto. &#8220;In questo, gli impianti prodotti in Europa o in Svizzera hanno un evidente vantaggio&#8221;, dice David Stickelberger.<\/p>\n<p>&nbsp;<\/p>\n<p>La visita allo stabilimento \u00e8 terminata; \u00e8 ora di dare uno sguardo al futuro. L\u2019azienda ha grandi progetti. A fine anno aprir\u00e0 una seconda sede a Worb (BE) con una linea di produzione altamente automatizzata, che triplicher\u00e0 la capacit\u00e0 di lavoro. Inoltre, \u00e8 in arrivo il nuovo prodotto TeraSlate, pi\u00f9 efficiente del suo predecessore.<\/p>\n<p>&nbsp;<\/p>\n<p>Dove si vede 3S Swiss Solar Solutions tra dieci anni? &#8220;Nel nostro segmento, vogliamo diventare un attore importante a livello europeo&#8221;., dice Marcus B\u00e4ckmann. Indica un pezzo di carta ingiallita, su cui si legge: &#8220;Creare novit\u00e0 con passione&#8221;. Lo slogan proviene dalla riunione nella quale, dopo il riacquisto, la direzione ha riflettuto sulla sua filosofia. \u00c8 una massima destinata a durare nel tempo.[\/vc_column_text][\/vc_column][vc_column width=&#8221;1\/4&#8243; dfd_column_responsive_enable=&#8221;dfd-column-responsive-enable&#8221; css=&#8221;.vc_custom_1548941751542{padding-right: 25px !important;padding-left: 25px !important;}&#8221; responsive_styles=&#8221;padding_top_mobile:80&#8243;]<div class=\"dfd-heading-shortcode\"><div class=\"dfd-heading-module-wrap  text-left style_01 dfd-heading-69f25944a6b99 dfd-enable-resposive-headings\" id=\"dfd-heading-69f25944a6b99\" ><div class=\"inline-block\"><div class=\"dfd-heading-module\"><div class=\"widget-title dfd-title block-title\" style=\"font-size: 25px; font-family: MontserratBold; color: #000000 !important; line-height: 32px; letter-spacing: 0px; \">Vedi anche<\/div><\/div><\/div><\/div><script type=\"text\/javascript\">\r\n\t\t\t\t\t\t\t\t\t(function($) {\r\n\t\t\t\t\t\t\t\t\t\t$(\"head\").append(\"<style>.dfd-heading-69f25944a6b99 .dfd-heading-module .widget-title {margin-bottom:15px;}.dfd-heading-69f25944a6b99.dfd-heading-module-wrap .dfd-heading-module .dfd-heading-delimiter {margin-top:10px;margin-bottom:10px;}<\/style>\");\r\n\t\t\t\t\t\t\t\t\t})(jQuery);\r\n\t\t\t\t\t\t\t\t<\/script><\/div>[vc_row_inner][vc_column_inner css=&#8221;.vc_custom_1583843692171{padding-top: 25px !important;}&#8221; col_inner_shadow=&#8221;box_shadow_enable:disable|shadow_horizontal:0|shadow_vertical:15|shadow_blur:50|shadow_spread:0|box_shadow_color:rgba(0%2C0%2C0%2C0.35)&#8221; col_inner_shadow_hover=&#8221;box_shadow_enable:disable|shadow_horizontal:0|shadow_vertical:15|shadow_blur:50|shadow_spread:0|box_shadow_color:rgba(0%2C0%2C0%2C0.35)&#8221;]<div id=\"idinfobox69f25944a6ca3\" class=\"dfd-info-box clearfix style-01 layout-04  idinfobox69f25944a6ca3 cr-animate-gen\" data-animate-item=\".dfd-animate-container\" data-animate-type = \"transition.slideUpIn\" ><div class=\"dfd-animate-container\"><div class=\"icon-wrapper\"><div class=\"module-icon\" style=\"border-radius:px;font-size:65px;\"><div class=\"hover-layer\" ><\/div><img decoding=\"async\" src=\"https:\/\/solarchitecture.ch\/wp-content\/uploads\/2022\/11\/ECH_Logo_EN_CMYK_Square-130x130.jpg\" alt=\"Image icon\" style=\"width: 65px;opacity: 1;\" \/><\/div><\/div><div class=\"content-wrap ovh\"><div class=\"info-box-title feature-title\" style=\"font-size: 14px; color: #000000 !important; line-height: 20px; \">SvizzeraEnergia<\/div><div class=\"info-box-subtitle subtitle\" style=\"font-size: 14px; color: #000000 !important; line-height: 20px; font-style:italic; \">Visita la pagina (IT)<\/div><div class=\"description\" style=\"\"><\/div><\/div><a href=\"https:\/\/www.svizzeraenergia.ch\/edifici\/architettura-solare\/\"  target=\"_blank\" class=\"full-box-link\"><\/a><\/div><\/div><div id=\"idinfobox69f25944a745c\" class=\"dfd-info-box clearfix style-01 layout-04  idinfobox69f25944a745c cr-animate-gen\" data-animate-item=\".dfd-animate-container\" data-animate-type = \"transition.slideUpIn\" ><div class=\"dfd-animate-container\"><div class=\"icon-wrapper\"><div class=\"module-icon\" style=\"border-radius:px;font-size:65px;\"><div class=\"hover-layer\" ><\/div><img decoding=\"async\" src=\"https:\/\/solarchitecture.ch\/wp-content\/uploads\/2023\/01\/3S-logo-130x130.png\" alt=\"Image icon\" style=\"width: 65px;opacity: 1;\" \/><\/div><\/div><div class=\"content-wrap ovh\"><div class=\"info-box-title feature-title\" style=\"font-size: 14px; color: #000000 !important; line-height: 20px; \">3S Swiss Solar Solutions AG<\/div><div class=\"info-box-subtitle subtitle\" style=\"font-size: 14px; color: #000000 !important; line-height: 20px; font-style:italic; \">Visita la pagina (IT)<\/div><div class=\"description\" style=\"\"><\/div><\/div><a href=\"https:\/\/www.3s-solar.swiss\/it\/\"  target=\"_blank\" class=\"full-box-link\"><\/a><\/div><\/div><div id=\"idinfobox69f25944a7c12\" class=\"dfd-info-box clearfix style-01 layout-04  idinfobox69f25944a7c12 cr-animate-gen\" data-animate-item=\".dfd-animate-container\" data-animate-type = \"transition.slideUpIn\" ><div class=\"dfd-animate-container\"><div class=\"icon-wrapper\"><div class=\"module-icon\" style=\"border-radius:px;font-size:65px;\"><div class=\"hover-layer\" ><\/div><img decoding=\"async\" src=\"https:\/\/solarchitecture.ch\/wp-content\/uploads\/2023\/06\/Energiejournal-Front_DFI-130x130.jpg\" alt=\"Image icon\" style=\"width: 65px;opacity: 1;\" \/><\/div><\/div><div class=\"content-wrap ovh\"><div class=\"info-box-title feature-title\" style=\"font-size: 14px; color: #000000 !important; line-height: 20px; \">Articolo completo<\/div><div class=\"info-box-subtitle subtitle\" style=\"font-size: 14px; color: #000000 !important; line-height: 20px; font-style:italic; \">Download PDF (IT)<\/div><div class=\"description\" style=\"\"><\/div><\/div><a href=\"https:\/\/solarchitecture.ch\/wp-content\/uploads\/2023\/06\/Pionierland_Schweiz_EJ_23_IT.pdf\"  target=\"_blank\" class=\"full-box-link\"><\/a><\/div><\/div>[\/vc_column_inner][\/vc_row_inner]<div class=\"dfd-spacer-module\"  data-units=\"px\" data-wide_resolution=\"1280\" data-wide_size=\"80\" data-normal_resolution=\"1024\" data-normal_size=\"80\" data-tablet_resolution=\"800\" data-tablet_size=\"80\" data-mobile_resolution=\"480\" data-mobile_size=\"80\" style=\"height: 80px;\"><\/div><div class=\"dfd-shar-module-cover\"><div class=\"dfd-new-share-module  text-left style-6 horizontal   \" ><div class=\"module module-entry-share\" id=\"dfd_share_69f25944a8241\"><ul class=\"module-entry-share-links-list rrssb-buttons\" data-directory=\"https:\/\/solarchitecture.ch\/wp-content\/themes\/dfd-ronneby\"><li class=\"rrssb-facebook\"><a class=\"module-entry-share-link-facebook feature-title\" data-title=\"Solarchitecture\" data-url=\"https:\/\/solarchitecture.ch\" data-media=\"\" href=\"https:\/\/www.facebook.com\/sharer\/sharer.php?u=https:\/\/solarchitecture.ch\"  style=\"border-radius: 1px; font-size: 14px; \"><span class=\"dfd-share-icon\" style=\"width: 30px; height: 30px; line-height: 30px;\"><\/span><\/a><\/li><li class=\"rrssb-linkedin\"><a class=\"module-entry-share-link-linkedin feature-title\" data-title=\"Solarchitecture\" data-url=\"https:\/\/solarchitecture.ch\" data-media=\"\" href=\"http:\/\/www.linkedin.com\/shareArticle?mini=true&#038;url=https:\/\/solarchitecture.ch\"  style=\"border-radius: 1px; font-size: 14px; \"><span class=\"dfd-share-icon\" style=\"width: 30px; height: 30px; line-height: 30px;\"><\/span><\/a><\/li><li class=\"rrssb-pinterest\"><a class=\"module-entry-share-link-pinterest feature-title\" data-title=\"Solarchitecture\" data-url=\"https:\/\/solarchitecture.ch\" data-media=\"\" href=\"http:\/\/pinterest.com\/pin\/create\/button\/?url=https:\/\/solarchitecture.ch&#038;image_url=https:\/\/solarchitecture.ch\/wp-content\/uploads\/2023\/06\/3S-Gwatt-012.jpg\"  style=\"border-radius: 1px; font-size: 14px; \"><span class=\"dfd-share-icon\" style=\"width: 30px; height: 30px; line-height: 30px;\"><\/span><\/a><\/li><\/ul><\/div><\/div>\t\t\t<script type=\"text\/javascript\">\r\n\t\t\t\t(function ($) {\r\n\t\t\t\t\t\"use strict\";\r\n\t\t\t\t\t$(document).ready(function () {\r\n\t\t\t\t\t\tvar $share_container = $('#dfd_share_69f25944a8241 .module-entry-share-links-list li');\r\n\t\t\t\t\t\tvar parent = $share_container.parent().parent().parent();\r\n\t\t\t\t\t\tif ($share_container.length > 0) {\r\n\t\t\t\t\t\t\tvar scrollbarWidth;\r\n\t\t\t\t\t\t\tvar div = document.createElement('div');\r\n\t\t\t\t\t\t\tdiv.style.overflowY = 'scroll';\r\n\t\t\t\t\t\t\tdiv.style.width = '50px';\r\n\t\t\t\t\t\t\tdiv.style.height = '50px';\r\n\t\t\t\t\t\t\tdiv.style.visibility = 'hidden';\r\n\t\t\t\t\t\t\tdocument.body.appendChild(div);\r\n\t\t\t\t\t\t\tscrollbarWidth = div.offsetWidth - div.clientWidth;\r\n\t\t\t\t\t\t\tdocument.body.removeChild(div);\r\n\t\t\t\t\t\t\tvar setShareWidth = function () {\r\n\t\t\t\t\t\t\t\tif (($(window).width() + scrollbarWidth) >= 800) {\r\n\t\t\t\t\t\t\t\t\tif (parent.hasClass(\"style-6\") || parent.hasClass(\"style-7\") || parent.hasClass(\"vertical\")) {\r\n\t\t\t\t\t\t\t\t\t\t$share_container.width('auto');\r\n\t\t\t\t\t\t\t\t\t} else {\r\n\t\t\t\t\t\t\t\t\t\t$share_container.dfdEqWidth();\r\n\t\t\t\t\t\t\t\t\t}\r\n\t\t\t\t\t\t\t\t} else {\r\n\t\t\t\t\t\t\t\t\tif (parent.hasClass(\"style-6\") || parent.hasClass(\"style-7\") || parent.hasClass(\"vertical\")) {\r\n\t\t\t\t\t\t\t\t\t\t$share_container.width('auto');\r\n\t\t\t\t\t\t\t\t\t} else {\r\n\t\t\t\t\t\t\t\t\t\t$share_container.width('100%');\r\n\t\t\t\t\t\t\t\t\t}\r\n\t\t\t\t\t\t\t\t}\r\n\t\t\t\t\t\t\t};\r\n\t\t\t\t\t\t\tsetShareWidth();\r\n\t\t\t\t\t\t\t$(window).resize(setShareWidth);\r\n\t\t\t\t\t\t}\r\n\t\t\t\t\t});\r\n\t\t\t\t\t\t\t\t\t$('head').append('<style type=\"text\/css\">.dfd-new-share-module.style-6 #dfd_share_69f25944a8241 ul li a {border-style: solid;border-width: 1px;border-color: #000000;background: #ffffff;color: #000000;}<\/style>');\r\n\t\t\t\t\t\t\t})(jQuery);\r\n\t\t\t<\/script>\r\n\r\n\t\t\t<\/div>[\/vc_column][\/vc_row][vc_row][vc_column]<div class=\"dfd-spacer-module\"  data-units=\"px\" data-wide_resolution=\"1280\" data-wide_size=\"100\" data-normal_resolution=\"1024\" data-normal_size=\"100\" data-tablet_resolution=\"800\" data-tablet_size=\"100\" data-mobile_resolution=\"480\" data-mobile_size=\"100\" style=\"height: 100px;\"><\/div>[\/vc_column][\/vc_row]<\/p>\n<\/div>","protected":false},"excerpt":{"rendered":"<p>[vc_row][vc_column offset=&#8221;vc_hidden-lg vc_hidden-md vc_hidden-sm vc_hidden-xs&#8221;][vc_acf field_group=&#8221;30126&#8243; field_from_30126=&#8221;field_5c079de146ee1&#8243;][\/vc_column][\/vc_row][vc_row][vc_column][\/vc_column][\/vc_row][vc_row][vc_column width=&#8221;3\/4&#8243; dfd_column_responsive_enable=&#8221;dfd-column-responsive-enable&#8221; css=&#8221;.vc_custom_1548941680917{border-right-width: 1px !important;padding-right: 25px !important;padding-left: 25px !important;border-right-color: #000000 !important;border-right-style: solid !important;}&#8221; responsive_styles=&#8221;border_right_mobile:0&#8243;][vc_column_text css=&#8221;.vc_custom_1686749236374{padding-bottom: 30px !important;}&#8221;]19 giugno 2023[\/vc_column_text][vc_single_image image=&#8221;55829&#8243; img_size=&#8221;full&#8221;][vc_column_text css=&#8221;.vc_custom_1687265256714{padding-top: 10px<\/p>\n","protected":false},"author":2021,"featured_media":55829,"comment_status":"closed","ping_status":"closed","sticky":false,"template":"","format":"standard","meta":{"_acf_changed":false,"inline_featured_image":false,"footnotes":""},"categories":[458],"tags":[],"class_list":["post-55929","post","type-post","status-publish","format-standard","has-post-thumbnail","hentry","category-news-it"],"acf":[],"yoast_head":"<!-- This site is optimized with the Yoast SEO plugin v26.7 - https:\/\/yoast.com\/wordpress\/plugins\/seo\/ -->\n<title>L\u2019alba nella Svizzera pioneristica - Solarchitecture<\/title>\n<meta name=\"robots\" content=\"index, follow, max-snippet:-1, max-image-preview:large, max-video-preview:-1\" \/>\n<link rel=\"canonical\" href=\"https:\/\/solarchitecture.ch\/it\/lalba-nella-svizzera-pioneristica\/\" \/>\n<meta property=\"og:locale\" content=\"it_IT\" \/>\n<meta property=\"og:type\" content=\"article\" \/>\n<meta property=\"og:title\" content=\"L\u2019alba nella Svizzera pioneristica - Solarchitecture\" \/>\n<meta property=\"og:description\" content=\"[vc_row][vc_column offset=&#8221;vc_hidden-lg vc_hidden-md vc_hidden-sm vc_hidden-xs&#8221;][vc_acf field_group=&#8221;30126&#8243; field_from_30126=&#8221;field_5c079de146ee1&#8243;][\/vc_column][\/vc_row][vc_row][vc_column][\/vc_column][\/vc_row][vc_row][vc_column width=&#8221;3\/4&#8243; dfd_column_responsive_enable=&#8221;dfd-column-responsive-enable&#8221; css=&#8221;.vc_custom_1548941680917{border-right-width: 1px !important;padding-right: 25px !important;padding-left: 25px !important;border-right-color: #000000 !important;border-right-style: solid !important;}&#8221; responsive_styles=&#8221;border_right_mobile:0&#8243;][vc_column_text css=&#8221;.vc_custom_1686749236374{padding-bottom: 30px !important;}&#8221;]19 giugno 2023[\/vc_column_text][vc_single_image image=&#8221;55829&#8243; img_size=&#8221;full&#8221;][vc_column_text css=&#8221;.vc_custom_1687265256714{padding-top: 10px\" \/>\n<meta property=\"og:url\" content=\"https:\/\/solarchitecture.ch\/it\/lalba-nella-svizzera-pioneristica\/\" \/>\n<meta property=\"og:site_name\" content=\"Solarchitecture\" \/>\n<meta property=\"article:published_time\" content=\"2023-06-20T07:16:58+00:00\" \/>\n<meta property=\"article:modified_time\" content=\"2023-06-20T12:48:07+00:00\" \/>\n<meta property=\"og:image\" content=\"https:\/\/solarchitecture.ch\/wp-content\/uploads\/2023\/06\/3S-Gwatt-012-1024x681.jpg\" \/>\n\t<meta property=\"og:image:width\" content=\"1024\" \/>\n\t<meta property=\"og:image:height\" content=\"681\" \/>\n\t<meta property=\"og:image:type\" content=\"image\/jpeg\" \/>\n<meta name=\"author\" content=\"Solar Architecture\" \/>\n<meta name=\"twitter:card\" content=\"summary_large_image\" \/>\n<meta name=\"twitter:label1\" content=\"Scritto da\" \/>\n\t<meta name=\"twitter:data1\" content=\"Solar Architecture\" \/>\n\t<meta name=\"twitter:label2\" content=\"Tempo di lettura stimato\" \/>\n\t<meta name=\"twitter:data2\" content=\"8 minuti\" \/>\n<script type=\"application\/ld+json\" class=\"yoast-schema-graph\">{\"@context\":\"https:\/\/schema.org\",\"@graph\":[{\"@type\":\"Article\",\"@id\":\"https:\/\/solarchitecture.ch\/it\/lalba-nella-svizzera-pioneristica\/#article\",\"isPartOf\":{\"@id\":\"https:\/\/solarchitecture.ch\/it\/lalba-nella-svizzera-pioneristica\/\"},\"author\":{\"name\":\"Solar Architecture\",\"@id\":\"https:\/\/solarchitecture.ch\/it\/#\/schema\/person\/9574b0ccd534aeaa599ef02f64445744\"},\"headline\":\"L\u2019alba nella Svizzera pioneristica\",\"datePublished\":\"2023-06-20T07:16:58+00:00\",\"dateModified\":\"2023-06-20T12:48:07+00:00\",\"mainEntityOfPage\":{\"@id\":\"https:\/\/solarchitecture.ch\/it\/lalba-nella-svizzera-pioneristica\/\"},\"wordCount\":1982,\"publisher\":{\"@id\":\"https:\/\/solarchitecture.ch\/it\/#organization\"},\"image\":{\"@id\":\"https:\/\/solarchitecture.ch\/it\/lalba-nella-svizzera-pioneristica\/#primaryimage\"},\"thumbnailUrl\":\"https:\/\/solarchitecture.ch\/wp-content\/uploads\/2023\/06\/3S-Gwatt-012.jpg\",\"articleSection\":[\"News\"],\"inLanguage\":\"it-IT\"},{\"@type\":\"WebPage\",\"@id\":\"https:\/\/solarchitecture.ch\/it\/lalba-nella-svizzera-pioneristica\/\",\"url\":\"https:\/\/solarchitecture.ch\/it\/lalba-nella-svizzera-pioneristica\/\",\"name\":\"L\u2019alba nella Svizzera pioneristica - Solarchitecture\",\"isPartOf\":{\"@id\":\"https:\/\/solarchitecture.ch\/it\/#website\"},\"primaryImageOfPage\":{\"@id\":\"https:\/\/solarchitecture.ch\/it\/lalba-nella-svizzera-pioneristica\/#primaryimage\"},\"image\":{\"@id\":\"https:\/\/solarchitecture.ch\/it\/lalba-nella-svizzera-pioneristica\/#primaryimage\"},\"thumbnailUrl\":\"https:\/\/solarchitecture.ch\/wp-content\/uploads\/2023\/06\/3S-Gwatt-012.jpg\",\"datePublished\":\"2023-06-20T07:16:58+00:00\",\"dateModified\":\"2023-06-20T12:48:07+00:00\",\"breadcrumb\":{\"@id\":\"https:\/\/solarchitecture.ch\/it\/lalba-nella-svizzera-pioneristica\/#breadcrumb\"},\"inLanguage\":\"it-IT\",\"potentialAction\":[{\"@type\":\"ReadAction\",\"target\":[\"https:\/\/solarchitecture.ch\/it\/lalba-nella-svizzera-pioneristica\/\"]}]},{\"@type\":\"ImageObject\",\"inLanguage\":\"it-IT\",\"@id\":\"https:\/\/solarchitecture.ch\/it\/lalba-nella-svizzera-pioneristica\/#primaryimage\",\"url\":\"https:\/\/solarchitecture.ch\/wp-content\/uploads\/2023\/06\/3S-Gwatt-012.jpg\",\"contentUrl\":\"https:\/\/solarchitecture.ch\/wp-content\/uploads\/2023\/06\/3S-Gwatt-012.jpg\",\"width\":1920,\"height\":1277},{\"@type\":\"BreadcrumbList\",\"@id\":\"https:\/\/solarchitecture.ch\/it\/lalba-nella-svizzera-pioneristica\/#breadcrumb\",\"itemListElement\":[{\"@type\":\"ListItem\",\"position\":1,\"name\":\"Home\",\"item\":\"https:\/\/solarchitecture.ch\/it\/\"},{\"@type\":\"ListItem\",\"position\":2,\"name\":\"L\u2019alba nella Svizzera pioneristica\"}]},{\"@type\":\"WebSite\",\"@id\":\"https:\/\/solarchitecture.ch\/it\/#website\",\"url\":\"https:\/\/solarchitecture.ch\/it\/\",\"name\":\"Solarchitecture\",\"description\":\"Building solution\",\"publisher\":{\"@id\":\"https:\/\/solarchitecture.ch\/it\/#organization\"},\"potentialAction\":[{\"@type\":\"SearchAction\",\"target\":{\"@type\":\"EntryPoint\",\"urlTemplate\":\"https:\/\/solarchitecture.ch\/it\/?s={search_term_string}\"},\"query-input\":{\"@type\":\"PropertyValueSpecification\",\"valueRequired\":true,\"valueName\":\"search_term_string\"}}],\"inLanguage\":\"it-IT\"},{\"@type\":\"Organization\",\"@id\":\"https:\/\/solarchitecture.ch\/it\/#organization\",\"name\":\"Solarchitecture\",\"url\":\"https:\/\/solarchitecture.ch\/it\/\",\"logo\":{\"@type\":\"ImageObject\",\"inLanguage\":\"it-IT\",\"@id\":\"https:\/\/solarchitecture.ch\/it\/#\/schema\/logo\/image\/\",\"url\":\"https:\/\/solarchitecture.ch\/wp-content\/uploads\/2022\/07\/solarchitecture_logo.jpg\",\"contentUrl\":\"https:\/\/solarchitecture.ch\/wp-content\/uploads\/2022\/07\/solarchitecture_logo.jpg\",\"width\":312,\"height\":312,\"caption\":\"Solarchitecture\"},\"image\":{\"@id\":\"https:\/\/solarchitecture.ch\/it\/#\/schema\/logo\/image\/\"}},{\"@type\":\"Person\",\"@id\":\"https:\/\/solarchitecture.ch\/it\/#\/schema\/person\/9574b0ccd534aeaa599ef02f64445744\",\"name\":\"Solar Architecture\",\"image\":{\"@type\":\"ImageObject\",\"inLanguage\":\"it-IT\",\"@id\":\"https:\/\/solarchitecture.ch\/it\/#\/schema\/person\/image\/\",\"url\":\"https:\/\/secure.gravatar.com\/avatar\/5248fcb2bab99263f8f157f166bf6916de4582d008a551554fe906e623e4fda0?s=96&d=mm&r=g\",\"contentUrl\":\"https:\/\/secure.gravatar.com\/avatar\/5248fcb2bab99263f8f157f166bf6916de4582d008a551554fe906e623e4fda0?s=96&d=mm&r=g\",\"caption\":\"Solar Architecture\"},\"url\":\"https:\/\/solarchitecture.ch\/it\/author\/solar\/\"}]}<\/script>\n<!-- \/ Yoast SEO plugin. -->","yoast_head_json":{"title":"L\u2019alba nella Svizzera pioneristica - Solarchitecture","robots":{"index":"index","follow":"follow","max-snippet":"max-snippet:-1","max-image-preview":"max-image-preview:large","max-video-preview":"max-video-preview:-1"},"canonical":"https:\/\/solarchitecture.ch\/it\/lalba-nella-svizzera-pioneristica\/","og_locale":"it_IT","og_type":"article","og_title":"L\u2019alba nella Svizzera pioneristica - Solarchitecture","og_description":"[vc_row][vc_column offset=&#8221;vc_hidden-lg vc_hidden-md vc_hidden-sm vc_hidden-xs&#8221;][vc_acf field_group=&#8221;30126&#8243; field_from_30126=&#8221;field_5c079de146ee1&#8243;][\/vc_column][\/vc_row][vc_row][vc_column][\/vc_column][\/vc_row][vc_row][vc_column width=&#8221;3\/4&#8243; dfd_column_responsive_enable=&#8221;dfd-column-responsive-enable&#8221; css=&#8221;.vc_custom_1548941680917{border-right-width: 1px !important;padding-right: 25px !important;padding-left: 25px !important;border-right-color: #000000 !important;border-right-style: solid !important;}&#8221; responsive_styles=&#8221;border_right_mobile:0&#8243;][vc_column_text css=&#8221;.vc_custom_1686749236374{padding-bottom: 30px !important;}&#8221;]19 giugno 2023[\/vc_column_text][vc_single_image image=&#8221;55829&#8243; img_size=&#8221;full&#8221;][vc_column_text css=&#8221;.vc_custom_1687265256714{padding-top: 10px","og_url":"https:\/\/solarchitecture.ch\/it\/lalba-nella-svizzera-pioneristica\/","og_site_name":"Solarchitecture","article_published_time":"2023-06-20T07:16:58+00:00","article_modified_time":"2023-06-20T12:48:07+00:00","og_image":[{"width":1024,"height":681,"url":"https:\/\/solarchitecture.ch\/wp-content\/uploads\/2023\/06\/3S-Gwatt-012-1024x681.jpg","type":"image\/jpeg"}],"author":"Solar Architecture","twitter_card":"summary_large_image","twitter_misc":{"Scritto da":"Solar Architecture","Tempo di lettura stimato":"8 minuti"},"schema":{"@context":"https:\/\/schema.org","@graph":[{"@type":"Article","@id":"https:\/\/solarchitecture.ch\/it\/lalba-nella-svizzera-pioneristica\/#article","isPartOf":{"@id":"https:\/\/solarchitecture.ch\/it\/lalba-nella-svizzera-pioneristica\/"},"author":{"name":"Solar Architecture","@id":"https:\/\/solarchitecture.ch\/it\/#\/schema\/person\/9574b0ccd534aeaa599ef02f64445744"},"headline":"L\u2019alba nella Svizzera pioneristica","datePublished":"2023-06-20T07:16:58+00:00","dateModified":"2023-06-20T12:48:07+00:00","mainEntityOfPage":{"@id":"https:\/\/solarchitecture.ch\/it\/lalba-nella-svizzera-pioneristica\/"},"wordCount":1982,"publisher":{"@id":"https:\/\/solarchitecture.ch\/it\/#organization"},"image":{"@id":"https:\/\/solarchitecture.ch\/it\/lalba-nella-svizzera-pioneristica\/#primaryimage"},"thumbnailUrl":"https:\/\/solarchitecture.ch\/wp-content\/uploads\/2023\/06\/3S-Gwatt-012.jpg","articleSection":["News"],"inLanguage":"it-IT"},{"@type":"WebPage","@id":"https:\/\/solarchitecture.ch\/it\/lalba-nella-svizzera-pioneristica\/","url":"https:\/\/solarchitecture.ch\/it\/lalba-nella-svizzera-pioneristica\/","name":"L\u2019alba nella Svizzera pioneristica - Solarchitecture","isPartOf":{"@id":"https:\/\/solarchitecture.ch\/it\/#website"},"primaryImageOfPage":{"@id":"https:\/\/solarchitecture.ch\/it\/lalba-nella-svizzera-pioneristica\/#primaryimage"},"image":{"@id":"https:\/\/solarchitecture.ch\/it\/lalba-nella-svizzera-pioneristica\/#primaryimage"},"thumbnailUrl":"https:\/\/solarchitecture.ch\/wp-content\/uploads\/2023\/06\/3S-Gwatt-012.jpg","datePublished":"2023-06-20T07:16:58+00:00","dateModified":"2023-06-20T12:48:07+00:00","breadcrumb":{"@id":"https:\/\/solarchitecture.ch\/it\/lalba-nella-svizzera-pioneristica\/#breadcrumb"},"inLanguage":"it-IT","potentialAction":[{"@type":"ReadAction","target":["https:\/\/solarchitecture.ch\/it\/lalba-nella-svizzera-pioneristica\/"]}]},{"@type":"ImageObject","inLanguage":"it-IT","@id":"https:\/\/solarchitecture.ch\/it\/lalba-nella-svizzera-pioneristica\/#primaryimage","url":"https:\/\/solarchitecture.ch\/wp-content\/uploads\/2023\/06\/3S-Gwatt-012.jpg","contentUrl":"https:\/\/solarchitecture.ch\/wp-content\/uploads\/2023\/06\/3S-Gwatt-012.jpg","width":1920,"height":1277},{"@type":"BreadcrumbList","@id":"https:\/\/solarchitecture.ch\/it\/lalba-nella-svizzera-pioneristica\/#breadcrumb","itemListElement":[{"@type":"ListItem","position":1,"name":"Home","item":"https:\/\/solarchitecture.ch\/it\/"},{"@type":"ListItem","position":2,"name":"L\u2019alba nella Svizzera pioneristica"}]},{"@type":"WebSite","@id":"https:\/\/solarchitecture.ch\/it\/#website","url":"https:\/\/solarchitecture.ch\/it\/","name":"Solarchitecture","description":"Building solution","publisher":{"@id":"https:\/\/solarchitecture.ch\/it\/#organization"},"potentialAction":[{"@type":"SearchAction","target":{"@type":"EntryPoint","urlTemplate":"https:\/\/solarchitecture.ch\/it\/?s={search_term_string}"},"query-input":{"@type":"PropertyValueSpecification","valueRequired":true,"valueName":"search_term_string"}}],"inLanguage":"it-IT"},{"@type":"Organization","@id":"https:\/\/solarchitecture.ch\/it\/#organization","name":"Solarchitecture","url":"https:\/\/solarchitecture.ch\/it\/","logo":{"@type":"ImageObject","inLanguage":"it-IT","@id":"https:\/\/solarchitecture.ch\/it\/#\/schema\/logo\/image\/","url":"https:\/\/solarchitecture.ch\/wp-content\/uploads\/2022\/07\/solarchitecture_logo.jpg","contentUrl":"https:\/\/solarchitecture.ch\/wp-content\/uploads\/2022\/07\/solarchitecture_logo.jpg","width":312,"height":312,"caption":"Solarchitecture"},"image":{"@id":"https:\/\/solarchitecture.ch\/it\/#\/schema\/logo\/image\/"}},{"@type":"Person","@id":"https:\/\/solarchitecture.ch\/it\/#\/schema\/person\/9574b0ccd534aeaa599ef02f64445744","name":"Solar Architecture","image":{"@type":"ImageObject","inLanguage":"it-IT","@id":"https:\/\/solarchitecture.ch\/it\/#\/schema\/person\/image\/","url":"https:\/\/secure.gravatar.com\/avatar\/5248fcb2bab99263f8f157f166bf6916de4582d008a551554fe906e623e4fda0?s=96&d=mm&r=g","contentUrl":"https:\/\/secure.gravatar.com\/avatar\/5248fcb2bab99263f8f157f166bf6916de4582d008a551554fe906e623e4fda0?s=96&d=mm&r=g","caption":"Solar Architecture"},"url":"https:\/\/solarchitecture.ch\/it\/author\/solar\/"}]}},"_links":{"self":[{"href":"https:\/\/solarchitecture.ch\/it\/wp-json\/wp\/v2\/posts\/55929","targetHints":{"allow":["GET"]}}],"collection":[{"href":"https:\/\/solarchitecture.ch\/it\/wp-json\/wp\/v2\/posts"}],"about":[{"href":"https:\/\/solarchitecture.ch\/it\/wp-json\/wp\/v2\/types\/post"}],"author":[{"embeddable":true,"href":"https:\/\/solarchitecture.ch\/it\/wp-json\/wp\/v2\/users\/2021"}],"replies":[{"embeddable":true,"href":"https:\/\/solarchitecture.ch\/it\/wp-json\/wp\/v2\/comments?post=55929"}],"version-history":[{"count":15,"href":"https:\/\/solarchitecture.ch\/it\/wp-json\/wp\/v2\/posts\/55929\/revisions"}],"predecessor-version":[{"id":55957,"href":"https:\/\/solarchitecture.ch\/it\/wp-json\/wp\/v2\/posts\/55929\/revisions\/55957"}],"wp:featuredmedia":[{"embeddable":true,"href":"https:\/\/solarchitecture.ch\/it\/wp-json\/wp\/v2\/media\/55829"}],"wp:attachment":[{"href":"https:\/\/solarchitecture.ch\/it\/wp-json\/wp\/v2\/media?parent=55929"}],"wp:term":[{"taxonomy":"category","embeddable":true,"href":"https:\/\/solarchitecture.ch\/it\/wp-json\/wp\/v2\/categories?post=55929"},{"taxonomy":"post_tag","embeddable":true,"href":"https:\/\/solarchitecture.ch\/it\/wp-json\/wp\/v2\/tags?post=55929"}],"curies":[{"name":"wp","href":"https:\/\/api.w.org\/{rel}","templated":true}]}}