{"id":55668,"date":"2023-06-01T08:28:40","date_gmt":"2023-06-01T06:28:40","guid":{"rendered":"https:\/\/solarchitecture.ch\/impianti-solari-e-piani-regolatori\/"},"modified":"2023-10-06T11:09:00","modified_gmt":"2023-10-06T09:09:00","slug":"impianti-solari-e-piani-regolatori","status":"publish","type":"post","link":"https:\/\/solarchitecture.ch\/it\/impianti-solari-e-piani-regolatori\/","title":{"rendered":"Impianti solari e piani regolatori"},"content":{"rendered":"<div class=\"wpb-content-wrapper\"><p>[vc_row][vc_column offset=&#8221;vc_hidden-lg vc_hidden-md vc_hidden-sm vc_hidden-xs&#8221;][vc_acf field_group=&#8221;30126&#8243; field_from_30126=&#8221;field_5c079de146ee1&#8243;][\/vc_column][\/vc_row][vc_row][vc_column]<div class=\"dfd-spacer-module\"  data-units=\"px\" data-wide_resolution=\"1280\" data-wide_size=\"100\" data-normal_resolution=\"1024\" data-normal_size=\"100\" data-tablet_resolution=\"800\" data-tablet_size=\"50\" data-mobile_resolution=\"480\" data-mobile_size=\"50\" style=\"height: 100px;\"><\/div>[\/vc_column][\/vc_row][vc_row][vc_column width=&#8221;3\/4&#8243; dfd_column_responsive_enable=&#8221;dfd-column-responsive-enable&#8221; css=&#8221;.vc_custom_1548941680917{border-right-width: 1px !important;padding-right: 25px !important;padding-left: 25px !important;border-right-color: #000000 !important;border-right-style: solid !important;}&#8221; responsive_styles=&#8221;border_right_mobile:0&#8243;]<div class=\"dfd-heading-shortcode\"><div class=\"dfd-heading-module-wrap  text-left style_01 cr-animate-gen dfd-heading-69f272125caed dfd-enable-resposive-headings\" id=\"dfd-heading-69f272125caed\" data-animate-type = \"transition.slideLeftIn\" ><div class=\"inline-block\"><div class=\"dfd-heading-module\"><div class=\"widget-title dfd-title block-title\" style=\"font-family:Montserrat; font-weight:700; font-style:normal; font-size: 35px; color: #000000 !important; line-height: 45px; letter-spacing: 0px; \">Impianti solari e piani regolatori<\/div><\/div><\/div><\/div><script type=\"text\/javascript\">\r\n\t\t\t\t\t\t\t\t\t(function($) {\r\n\t\t\t\t\t\t\t\t\t\t$(\"head\").append(\"<style>.dfd-heading-69f272125caed.dfd-heading-module-wrap .dfd-heading-module .dfd-heading-delimiter {margin-top:10px;margin-bottom:10px;}@media (max-width: 1279px) and (min-width: 1024px){.dfd-heading-69f272125caed .dfd-title{font-size: 40px !important;letter-spacing: 0px !important;line-height: 45px !important;}}@media (max-width: 1023px) and (min-width: 800px){.dfd-heading-69f272125caed .dfd-title{font-size: 35px !important;letter-spacing: 0px !important;line-height: 40px !important;}}@media (max-width: 799px){.dfd-heading-69f272125caed .dfd-title{font-size: 30px !important;letter-spacing: 0px !important;line-height: 35px !important;}}<\/style>\");\r\n\t\t\t\t\t\t\t\t\t})(jQuery);\r\n\t\t\t\t\t\t\t\t<\/script><\/div>[vc_column_text css=&#8221;.vc_custom_1685560912641{padding-bottom: 30px !important;}&#8221;]01 giugno 2023[\/vc_column_text][vc_single_image image=&#8221;55636&#8243; img_size=&#8221;full&#8221;][vc_column_text css=&#8221;.vc_custom_1695321774068{padding-top: 10px !important;padding-bottom: 10px !important;}&#8221;]<\/p>\n<h3 style=\"text-align: left;\">Ortofoto di Bedigliora (TI-CH), sito di importanza nazionale incluso nell&#8217;Inventario federale dei siti del patrimonio di importanza nazionale (ISOS). Fonte: Studio Habitat SA.<\/h3>\n<p>[\/vc_column_text][vc_column_text css=&#8221;.vc_custom_1695322209150{padding-top: 25px !important;}&#8221;]<em>Autori: P. Bonomo, I. Zanetti (ISAAC-SUPSI)<\/em><\/p>\n<p>&nbsp;<\/p>\n<p>Il 10 maggio scorso si \u00e8 tenuto un corso di aggiornamento per Comuni, pianificatori e addetti ai lavori sul tema dell\u2019integrazione degli impianti solari all&#8217;interno dei piani regolatori.<\/p>\n<p>&nbsp;<\/p>\n<p>Questo corso \u00e8 stato organizzato congiuntamente da Swissolar \u2013 l\u2019Associazione svizzera dei Professionisti dell\u2019energia solare e dal DACD della SUPSI \u2013 il Dipartimento ambiente costruzioni e design, con il sostegno di SvizzeraEnergia e dell\u2019Associazione TicinoEnergia.<\/p>\n<p>&nbsp;<\/p>\n<p>In Svizzera, il fotovoltaico sta crescendo in modo esponenziale. A fine 2022 copriva quasi l\u20198% dei consumi elettrici e le previsioni indicano che nei prossimi decenni assumer\u00e0 un ruolo ancora pi\u00f9 importante (attualmente vengono prodotti 1,2TWh\/anno di energia elettrica fotovoltaica, mentre si prevede di arrivare a produrre 33,6TWh\/anno nel 2050), nell\u2019ottica di un approvvigionamento energetico pi\u00f9 sicuro e sostenibile, oltre che maggiormente rispettoso del clima.<\/p>\n<p>&nbsp;<\/p>\n<p>Per molte ragioni, in primis andr\u00e0 sfruttato il potenziale di energia solare disponibile sui tetti e sulle facciate delle costruzioni esistenti, che la confederazione stima in 67tWh annui. \u00c8 quindi importante che la prevista ulteriore espansione non entri in conflitto con la pianificazione del territorio e che avvenga tenendo conto della qualit\u00e0 degli insediamenti. \u00c8 quindi indispensabile instaurare un dialogo costruttivo tra chi si occupa di pianificare il territorio e progettare gli edifici e chi \u00e8 attivo nella concezione e nella realizzazione degli impianti solari.<\/p>\n<p>&nbsp;<\/p>\n<p>Le normative svizzere, in particolare la LPT (Legge federale sulla pianificazione del territorio) e OPT (Ordinanza sulla pianificazione del territorio) regolamentano quali impianti solari possono essere installati senza bisogno di un\u2019autorizzazione edilizia. Per gli impianti \u201csufficientemente adattati\u201d serve per la maggior parte degli edifici soltanto una procedura di notifica, a condizione che vengano soddisfatte le disposizioni dell\u2019articolo 32a cpv. 1 e 1bis dell\u2019OPT.<\/p>\n<p>&nbsp;<\/p>\n<p>Per tutti gli altri casi o se, per esempio, gli impianti solari dovessero essere realizzati su monumenti culturali o naturali di importanza cantonale o nazionale o in zone dichiarate meritevoli di protezione, \u00e8 necessaria un\u2019autorizzazione edilizia. In questo ambito, gli impianti solari non devono pregiudicare in modo sostanziale tali monumenti.<\/p>\n<p>&nbsp;<\/p>\n<p>In tutti i casi, gli interessi legati all\u2019uso dell\u2019energia solare negli edifici esistenti o nuovi prevale in linea di principio sugli aspetti estetici, ossia le prescrizioni relative all\u2019aspetto esterno non devono impedire o limitare un tale sfruttamento.[\/vc_column_text]<div class=\"dfd-spacer-module\"  data-units=\"px\" data-wide_resolution=\"1280\" data-wide_size=\"10\" data-normal_resolution=\"1024\" data-normal_size=\"\" data-tablet_resolution=\"800\" data-tablet_size=\"\" data-mobile_resolution=\"480\" data-mobile_size=\"\" style=\"height: 10px;\"><\/div>[vc_column_text css=&#8221;.vc_custom_1695357451912{padding-top: 25px !important;}&#8221;]<strong>L\u2019evoluzione della tecnologia<\/strong><\/p>\n<p>Negli ultimi 40 anni, l&#8217;efficienza dei moduli fotovoltaici \u00e8 migliorata significativamente grazie agli sviluppi tecnologici e all&#8217;esperienza accumulata nell&#8217;industria fotovoltaica. Si \u00e8 passati da moduli con un\u2019efficienza inferiore al 9% (inizi anni \u201980) a prodotti che garantiscono un\u2019efficienza superiore al 22% (2023).<\/p>\n<p>&nbsp;<\/p>\n<p>Questo perch\u00e9 le celle fotovoltaiche sono state oggetto di molte innovazioni tecnologiche. Inoltre, l&#8217;ottimizzazione dei processi di produzione ha contribuito a ridurre i costi e migliorare l&#8217;efficienza dei moduli fotovoltaici. L&#8217;automazione e l&#8217;introduzione di nuove tecnologie di fabbricazione hanno consentito una produzione su larga scala pi\u00f9 efficiente e accurata. Inoltre, il miglioramento dei processi di deposito del silicio, l&#8217;uso di tecniche avanzate di deposizione chimica e fisica, e l&#8217;ottimizzazione delle giunzioni tra i materiali sono stati cruciali per aumentare l&#8217;efficienza complessiva.[\/vc_column_text]<div class=\"dfd-spacer-module\"  data-units=\"px\" data-wide_resolution=\"1280\" data-wide_size=\"10\" data-normal_resolution=\"1024\" data-normal_size=\"\" data-tablet_resolution=\"800\" data-tablet_size=\"\" data-mobile_resolution=\"480\" data-mobile_size=\"\" style=\"height: 10px;\"><\/div>[vc_single_image image=&#8221;55659&#8243; img_size=&#8221;full&#8221;]<div class=\"dfd-spacer-module\"  data-units=\"px\" data-wide_resolution=\"1280\" data-wide_size=\"10\" data-normal_resolution=\"1024\" data-normal_size=\"\" data-tablet_resolution=\"800\" data-tablet_size=\"\" data-mobile_resolution=\"480\" data-mobile_size=\"\" style=\"height: 10px;\"><\/div>[vc_column_text css=&#8221;.vc_custom_1685562545423{padding-top: 10px !important;padding-bottom: 10px !important;}&#8221;]<\/p>\n<h3 style=\"text-align: left;\">I moduli SunPower Maxeon sono tra i prodotti pi\u00f9 efficienti attualmente sul mercato.<\/h3>\n<p>[\/vc_column_text][vc_column_text css=&#8221;.vc_custom_1695357557379{padding-top: 25px !important;}&#8221;]<strong>Il colore<\/strong><\/p>\n<p>Il colore delle celle fotovoltaiche conferisce una fondamentale flessibilit\u00e0 all\u2019integrazione influendo tuttavia sull\u2019efficienza del modulo fotovoltaico, con una riduzione che rispetto ad un modulo convenzionale pu\u00f2 avere una riduzione di efficienza dal 5% al 30% a dipendenza del colore prescelto e delle tecniche di trattamento. Va considerato che tuttavia, potendo sfruttare maggiori superfici e con orientamenti differenti l\u2019autoconsumo pu\u00f2 essere massimizzato rispetto a soluzioni convenzionali, aumenta quindi anche il valore energetico ed economico.<\/p>\n<p>&nbsp;<\/p>\n<p>I dati presentati nella tabella successiva si riferiscono ai risultati ottenuti dal progetto ENHANCE. Si tratta di un progetto, finanziato dall\u2019Ufficio Federale dell\u2019Energia, il cui obiettivo principale \u00e8 quello valutare nuove procedure di test e la loro incertezza di misurazione, nonch\u00e9 implementare nuove apparecchiature o adattare le infrastrutture di test esistenti a nuove soluzioni di moduli con rendimenti energetici pi\u00f9 elevati o con un valore estetico pi\u00f9 rilevante. Rispetto ai valori riportati nel paragrafo precedente, quelli misurati nel corso di questo progetto sono pi\u00f9 elevati, ma si tratta appunto di prodotti particolari. Per prodotti colorati pi\u00f9 mainstream \u00e8 valida una riduzione dal 5% al 30%.[\/vc_column_text]<div class=\"dfd-spacer-module\"  data-units=\"px\" data-wide_resolution=\"1280\" data-wide_size=\"10\" data-normal_resolution=\"1024\" data-normal_size=\"\" data-tablet_resolution=\"800\" data-tablet_size=\"\" data-mobile_resolution=\"480\" data-mobile_size=\"\" style=\"height: 10px;\"><\/div>[vc_single_image image=&#8221;55614&#8243; img_size=&#8221;full&#8221;][vc_column_text css=&#8221;.vc_custom_1685563382290{padding-top: 10px !important;padding-bottom: 10px !important;}&#8221;]<\/p>\n<h3 style=\"text-align: left;\">Percentuale di perdita rispetto ad un modulo standard. Fonte: progetto ENHANCE.<\/h3>\n<p>[\/vc_column_text]<div class=\"dfd-spacer-module\"  data-units=\"px\" data-wide_resolution=\"1280\" data-wide_size=\"10\" data-normal_resolution=\"1024\" data-normal_size=\"\" data-tablet_resolution=\"800\" data-tablet_size=\"\" data-mobile_resolution=\"480\" data-mobile_size=\"\" style=\"height: 10px;\"><\/div>[vc_column_text css=&#8221;.vc_custom_1685563585064{padding-top: 25px !important;}&#8221;]<strong>L\u2019importanza del dialogo<\/strong><\/p>\n<p>Il dialogo tra i vari attori \u00e8 fondamentale nel coniugare basi legali ed esigenze progettuali, armonizzare aspetti energetici ed estetici, rendere compatibile la tecnologia con le esigenze di tutela. Sebbene nelle zone edificabili e agricole, senza particolari criteri di tutela e protezione degli edifici e\/o del paesaggio, le procedure siano semplificate e ordinarie, impianti solari che si trovano in zone soggette a protezione nell\u2019ambito di monumenti culturali o naturali d\u2019importanza cantonale o nazionale sottostanno all\u2019obbligo di autorizzazione. Nonostante il generale approccio conservativo, nel caso di cui adeguate soluzioni tecniche, materiche e cromatiche che oggi consentano di personalizzare le tecnologie solari e quindi di non impattare il paesaggio dei tetti e dell\u2019ambiente circostante, l\u2019inserimento rispettoso nella sostanza edilizia tradizionale \u00e8 possibile.<\/p>\n<p>&nbsp;<\/p>\n<p>A livello ticinese, sulla base delle statistiche basate sui dati raccolti nel quinquennio 2017-2022, solo il 5% degli interventi di posa di impianti solari sono preavvisati negativamente, di questi:<\/p>\n<p>&nbsp;<\/p>\n<ul>\n<li>2.7% interessano le zone edificabili: tetti di nuclei protetti a livello federale, edifici con tetti in piode sussidiati, posa sulle facciate, al suolo o su muri;<\/li>\n<li>2.3% sono relativi ad interventi fuori zona: posa sul terreno o su muri di sostegno qualificanti il paesaggio.<\/li>\n<\/ul>\n<p>&nbsp;<\/p>\n<p>Infatti, l\u2019articolo 102 della Legge sullo sviluppo territoriale afferma che \u201cIl paesaggio cantonale va rispettato, tutelato e valorizzato, garantendone in particolare la variet\u00e0, la qualit\u00e0 e il carattere\u201d. Si tratta di caratteristiche che spesso si prestano ad interpretazioni diverse ed \u00e8 quindi importante evitare l\u2019arbitrio per applicare questi principi in forma proporzionata basandosi su criteri obiettivi. Il contesto diventa il metro di riferimento, lo stesso intervento a dipendenza del contesto pu\u00f2 avere un maggior o minor impatto, maggiori esigenze si hanno dove il valore qualitativo \u00e8 maggiore.[\/vc_column_text]<div class=\"dfd-spacer-module\"  data-units=\"px\" data-wide_resolution=\"1280\" data-wide_size=\"10\" data-normal_resolution=\"1024\" data-normal_size=\"\" data-tablet_resolution=\"800\" data-tablet_size=\"\" data-mobile_resolution=\"480\" data-mobile_size=\"\" style=\"height: 10px;\"><\/div>[vc_column_text css=&#8221;.vc_custom_1695357982367{padding-top: 25px !important;}&#8221;]<\/p>\n<hr \/>\n<p><strong>Impianti solari nei nuclei<\/strong><\/p>\n<p>Gli insediamenti storici, che interessano il 2% dell\u2019edificato del canton Ticino, sono luoghi dove in generale \u00e8 ritenuta preminente la tutela dei valori identitari e tradizionali.<\/p>\n<p>&nbsp;<\/p>\n<p>La superficie, la forma, la consistenza linguistica e materica e i dettagli di un impianto solare posato in questi contesti vanno in generale scelti con attenzione, in modo da garantire che i valori storici ancora presenti non siano compromessi dalla presenza di dispositivi unicamente prodotti per la generazione energetica e non concepiti per l\u2019inserimento architettonico, come il caso di impianti solari tradizionali.<\/p>\n<p>Alla luce del quadro legale e delle relative sentenze, attenzione maggiore deve essere prestata nei nuclei o nei perimetri tutelati a livello federale (inventario ISOS): occorre valutare la qualit\u00e0 dell\u2019insediamento, la visibilit\u00e0 dell\u2019insieme dei tetti e, non da ultimo, la somma dell\u2019impatto di singoli interventi.<\/p>\n<p>&nbsp;<\/p>\n<p>In ambito pianificatorio l\u2019Ufficio della natura e del paesaggio sostiene di principio la collettivit\u00e0 locale nelle proprie scelte e invita ad aggiornare norme pianificatorie superate o non rispettose del quadro legale federale. Ritiene inoltre opportuno che sia definito un quadro normativo che tenga conto dell\u2019evoluzione tecnologica (inserendo opportuni regimi di deroga alle limitazioni, in casi motivati).<\/p>\n<p>&nbsp;<\/p>\n<p>Richiamata la LPT, nuclei ad elevato valore monumentale e il cui disegno dei tetti nel paesaggio definisce un elemento di grande pregio paesaggistico devono essere protetti e il Cantone pu\u00f2 richiedere limitazioni di posa che possono arrivare fino al divieto totale.<\/p>\n<p>&nbsp;<\/p>\n<p>Dove vige l\u2019obbligo di tetti in piode e il Cantone ne sussidia la realizzazione \u00e8 di principio esclusa la posa di impianti solari sulle coperture. L\u2019Ufficio in questi casi invita il Comune ad approfondire l\u2019opportunit\u00e0 di soluzioni alternative a carattere collettivo (per esempio un teleriscaldamento) per sostenere gli abitanti nel nucleo.[\/vc_column_text]<div class=\"dfd-spacer-module\"  data-units=\"px\" data-wide_resolution=\"1280\" data-wide_size=\"10\" data-normal_resolution=\"1024\" data-normal_size=\"\" data-tablet_resolution=\"800\" data-tablet_size=\"\" data-mobile_resolution=\"480\" data-mobile_size=\"\" style=\"height: 10px;\"><\/div>[vc_single_image image=&#8221;55618&#8243; img_size=&#8221;full&#8221;][vc_column_text css=&#8221;.vc_custom_1685563841615{padding-top: 10px !important;padding-bottom: 10px !important;}&#8221;]<\/p>\n<h3 style=\"text-align: left;\">Morcote (TI), sito di importanza nazionale. L&#8217;Inventario federale dei siti del patrimonio di importanza nazionale (ISOS) elenca e documenta gli insediamenti di maggior valore in Svizzera. Foto: \u00a9 Svizzera Turismo \/ Doyenne+david&amp;kathrin.<\/h3>\n<p>[\/vc_column_text]<div class=\"dfd-spacer-module\"  data-units=\"px\" data-wide_resolution=\"1280\" data-wide_size=\"10\" data-normal_resolution=\"1024\" data-normal_size=\"\" data-tablet_resolution=\"800\" data-tablet_size=\"\" data-mobile_resolution=\"480\" data-mobile_size=\"\" style=\"height: 10px;\"><\/div>[vc_column_text css=&#8221;.vc_custom_1695358364312{padding-top: 25px !important;}&#8221;]<strong>Criteri di posa nei nuclei<\/strong><\/p>\n<p>Dal 2008 la posa di pannelli solari \u00e8 regolata dal diritto federale, con l\u2019obiettivo promuoverne l\u2019uso quale fonte di energia rinnovabile. L\u2019art. 18a della Legge federale sulla pianificazione del territorio (LPT) entrato in vigore nella sua forma attuale il 1\u00b0 maggio 2014, prevede che nelle zone edificabili e agricole gli impianti solari sufficientemente adattati ai tetti non necessitino di alcuna autorizzazione. Tuttavia, un\u2019autorizzazione diventa indispensabile quando gli impianti interessano nuclei, monumenti culturali o naturali d\u2019importanza cantonale o federale.<\/p>\n<p>&nbsp;<\/p>\n<p>Laddove non sono presenti valori storici preminenti e non vi siano divieti a livello pianificatorio, la posa \u00e8 ammessa. Occorre tuttavia ponderare con attenzione la situazione dell\u2019edificio all\u2019interno del paesaggio complessivo del nucleo e la visibilit\u00e0 del tetto stesso. La superficie e la forma dell\u2019impianto vanno valutate con attenzione; di principio la copertura originaria e l\u2019aspetto tradizionale devono restare percepibili.<\/p>\n<p>&nbsp;<\/p>\n<p>Il Cantone, per il tramite della Sezione dello sviluppo territoriale, ha pubblicato delle linee guida che codificano e rendono maggiormente trasparenti i criteri di giudizio dell\u2019autorit\u00e0, diventando quindi un utile strumento di progettazione.<\/p>\n<p>&nbsp;<\/p>\n<p>Questi criteri di valutazione sono in continua evoluzione, sia per la mutata sensibilit\u00e0 delle persone, sia per gli obiettivi politici legati alla sostenibilit\u00e0 climatica, sia per l\u2019evoluzione delle tecnologie, che rendono sempre pi\u00f9 facile l\u2019integrazione<\/p>\n<p>&nbsp;<\/p>\n<p><em>Superficie<\/em><\/p>\n<ul>\n<li>l\u2019impianto va di preferenza previsto con una forma rettangolare regolare;<\/li>\n<li>pi\u00f9 superfici non sono escluse, ma l\u2019impianto va inserito in modo ordinato rispetto al disegno complessivo del tetto;<\/li>\n<li>la dimensione totale dell\u2019impianto rispetto a quella del tetto va ponderata in ragione del valore storico e paesaggistico del nucleo e dell\u2019insieme dei tetti.<\/li>\n<\/ul>\n<p><em>Modalit\u00e0 di posa<\/em><\/p>\n<ul>\n<li>integrato o appoggiato;<\/li>\n<li>opportuno conservare indicativamente almeno due file di tegole su tutti i lati, verso gronde, cantonali o colmo, in modo che parte della copertura tradizionale resti visibile e vada a collegarsi percettivamente al resto dei tetti dell&#8217;edificato;<\/li>\n<li>i raccordi andranno nascosti sotto la copertura.<\/li>\n<\/ul>\n<p><em>Colore e finitura<\/em><\/p>\n<ul>\n<li>eventuali telai vanno proposti dello stesso colore dei pannelli;<\/li>\n<li>la finitura del pannello deve essere uniforme e opaca (senza celle e linee strutturanti);<\/li>\n<li>il grado di riflessione dovr\u00e0 essere il pi\u00f9 basso possibile;<\/li>\n<li>pi\u00f9 il colore del pannello \u00e8 simile a quello della copertura, migliore \u00e8 l\u2019integrazione.<\/li>\n<\/ul>\n<p>[\/vc_column_text]<div class=\"dfd-spacer-module\"  data-units=\"px\" data-wide_resolution=\"1280\" data-wide_size=\"10\" data-normal_resolution=\"1024\" data-normal_size=\"\" data-tablet_resolution=\"800\" data-tablet_size=\"\" data-mobile_resolution=\"480\" data-mobile_size=\"\" style=\"height: 10px;\"><\/div>[vc_single_image image=&#8221;55663&#8243; img_size=&#8221;full&#8221;][vc_column_text css=&#8221;.vc_custom_1695358187104{padding-top: 10px !important;padding-bottom: 10px !important;}&#8221;]<\/p>\n<h3 style=\"text-align: left;\">In questo progetto pilota relativo a una casa rurale del 1859, sono stati utilizzati moduli fotovoltaici colorati (terracotta) sviluppati dal CSEM di Neuch\u00e2tel appositamente per i siti protetti a livello di patrimonio culturale. Foto: Solstis.<\/h3>\n<p>[\/vc_column_text]<div class=\"dfd-spacer-module\"  data-units=\"px\" data-wide_resolution=\"1280\" data-wide_size=\"10\" data-normal_resolution=\"1024\" data-normal_size=\"\" data-tablet_resolution=\"800\" data-tablet_size=\"\" data-mobile_resolution=\"480\" data-mobile_size=\"\" style=\"height: 10px;\"><\/div>[vc_column_text css=&#8221;.vc_custom_1695358449241{padding-top: 25px !important;}&#8221;]<strong>Conclusioni<\/strong><\/p>\n<p>La possibilit\u00e0 di inserire un sistema solare fotovoltaico su un edificio soggetto a tutela per motivi paesaggistici o storici va accuratamente ponderato con una progettazione attenta ai criteri di compatibilit\u00e0 e alle specifiche espresse del luogo, dai suoi valori e dalle normative vigenti.<\/p>\n<p>&nbsp;<\/p>\n<p>In questi casi, piuttosto che una convenzionale installazione di pannelli solari, si tratta spesso di ragionare a livello di componente e sistema in una logica progettuale pi\u00f9 accurata, valutando le autorizzazioni e le approvazioni necessarie dalle autorit\u00e0 competenti e entrando anche in un giusto e costruttivo dialogo tra le parti. Potrebbe essere richiesto di presentare una domanda formale e fornire informazioni dettagliate sul progetto, comprese le specifiche tecniche del prodotto che si intende utilizzare, i dettagli costruttivi e l\u2019impatto dell\u2019installazione sull\u2019edificio (per esempio tramite rendering o fotomontaggi). Queste informazioni permettono di valutare oggettivamente le caratteristiche di un sistema solarein relazione alle caratteristiche del paesaggio alle diverse scale con documenti di analisi e modalit\u00e0 di esame che oggettivano il giudizio, in particolare attraverso valutazioni in gruppo e non da parte di singole persone (commissioni), l\u2019utilizzo di linee guida ufficiali e inventari federali (ISOS, IFP, IVP) e cantonali (beni culturali).<\/p>\n<p>&nbsp;<\/p>\n<p>Un dialogo costruttivo fra le varie parti coinvolte \u00e8 fondamentale e permette di conseguire una base comune per costruire oggettivamente un approccio condiviso dove tutti gli attori (enti prevosti all\u2019approvazione ed implementazione, popolazione, impiantisti e architetti) partecipano a definire le regole di base per poter attuare in modo coerente la protezione del paesaggio e per integrare al meglio queste soluzioni in determinati contesti.[\/vc_column_text][\/vc_column][vc_column width=&#8221;1\/4&#8243; dfd_column_responsive_enable=&#8221;dfd-column-responsive-enable&#8221; css=&#8221;.vc_custom_1548941751542{padding-right: 25px !important;padding-left: 25px !important;}&#8221; responsive_styles=&#8221;padding_top_mobile:80&#8243;]<div class=\"dfd-heading-shortcode\"><div class=\"dfd-heading-module-wrap  text-left style_01 dfd-heading-69f272125cefb dfd-enable-resposive-headings\" id=\"dfd-heading-69f272125cefb\" ><div class=\"inline-block\"><div class=\"dfd-heading-module\"><div class=\"widget-title dfd-title block-title\" style=\"font-size: 25px; font-family: MontserratBold; color: #000000 !important; line-height: 32px; letter-spacing: 0px; \">Vedi anche<\/div><\/div><\/div><\/div><script type=\"text\/javascript\">\r\n\t\t\t\t\t\t\t\t\t(function($) {\r\n\t\t\t\t\t\t\t\t\t\t$(\"head\").append(\"<style>.dfd-heading-69f272125cefb .dfd-heading-module .widget-title {margin-bottom:15px;}.dfd-heading-69f272125cefb.dfd-heading-module-wrap .dfd-heading-module .dfd-heading-delimiter {margin-top:10px;margin-bottom:10px;}<\/style>\");\r\n\t\t\t\t\t\t\t\t\t})(jQuery);\r\n\t\t\t\t\t\t\t\t<\/script><\/div>[vc_row_inner][vc_column_inner css=&#8221;.vc_custom_1583843692171{padding-top: 25px !important;}&#8221; col_inner_shadow=&#8221;box_shadow_enable:disable|shadow_horizontal:0|shadow_vertical:15|shadow_blur:50|shadow_spread:0|box_shadow_color:rgba(0%2C0%2C0%2C0.35)&#8221; col_inner_shadow_hover=&#8221;box_shadow_enable:disable|shadow_horizontal:0|shadow_vertical:15|shadow_blur:50|shadow_spread:0|box_shadow_color:rgba(0%2C0%2C0%2C0.35)&#8221;]<div id=\"idinfobox69f272125cfea\" class=\"dfd-info-box clearfix style-01 layout-04  idinfobox69f272125cfea cr-animate-gen\" data-animate-item=\".dfd-animate-container\" data-animate-type = \"transition.slideUpIn\" ><div class=\"dfd-animate-container\"><div class=\"icon-wrapper\"><div class=\"module-icon\" style=\"border-radius:px;font-size:65px;\"><div class=\"hover-layer\" ><\/div><img decoding=\"async\" src=\"https:\/\/solarchitecture.ch\/wp-content\/uploads\/2022\/07\/swissolar-logo-1-130x130.jpg\" alt=\"Image icon\" style=\"width: 65px;opacity: 1;\" \/><\/div><\/div><div class=\"content-wrap ovh\"><div class=\"info-box-title feature-title\" style=\"font-size: 14px; color: #000000 !important; line-height: 20px; \">Swissolar<\/div><div class=\"info-box-subtitle subtitle\" style=\"font-size: 14px; color: #000000 !important; line-height: 20px; font-style:italic; \">Visita il sito web<\/div><div class=\"description\" style=\"\"><\/div><\/div><a href=\"https:\/\/solarchitecture.ch\/wp-contehttps:\/\/www.swissolar.ch\/nc\/en\/\"  target=\"_blank\" class=\"full-box-link\"><\/a><\/div><\/div>[\/vc_column_inner][\/vc_row_inner][vc_row_inner][vc_column_inner css=&#8221;.vc_custom_1583843692171{padding-top: 25px !important;}&#8221; col_inner_shadow=&#8221;box_shadow_enable:disable|shadow_horizontal:0|shadow_vertical:15|shadow_blur:50|shadow_spread:0|box_shadow_color:rgba(0%2C0%2C0%2C0.35)&#8221; col_inner_shadow_hover=&#8221;box_shadow_enable:disable|shadow_horizontal:0|shadow_vertical:15|shadow_blur:50|shadow_spread:0|box_shadow_color:rgba(0%2C0%2C0%2C0.35)&#8221;]<div id=\"idinfobox69f272125d71e\" class=\"dfd-info-box clearfix style-01 layout-04  idinfobox69f272125d71e cr-animate-gen\" data-animate-item=\".dfd-animate-container\" data-animate-type = \"transition.slideUpIn\" ><div class=\"dfd-animate-container\"><div class=\"icon-wrapper\"><div class=\"module-icon\" style=\"border-radius:px;font-size:65px;\"><div class=\"hover-layer\" ><\/div><img decoding=\"async\" src=\"https:\/\/solarchitecture.ch\/wp-content\/uploads\/2022\/05\/logo-supsi-130x130.jpg\" alt=\"Image icon\" style=\"width: 65px;opacity: 1;\" \/><\/div><\/div><div class=\"content-wrap ovh\"><div class=\"info-box-title feature-title\" style=\"font-size: 14px; color: #000000 !important; line-height: 20px; \">SUPSI-DACD<\/div><div class=\"info-box-subtitle subtitle\" style=\"font-size: 14px; color: #000000 !important; line-height: 20px; font-style:italic; \">Visita il sito web<\/div><div class=\"description\" style=\"\"><\/div><\/div><a href=\"https:\/\/www.supsi.ch\/dacd\"  target=\"_blank\" class=\"full-box-link\"><\/a><\/div><\/div>[\/vc_column_inner][\/vc_row_inner][vc_row_inner][vc_column_inner css=&#8221;.vc_custom_1583843692171{padding-top: 25px !important;}&#8221; col_inner_shadow=&#8221;box_shadow_enable:disable|shadow_horizontal:0|shadow_vertical:15|shadow_blur:50|shadow_spread:0|box_shadow_color:rgba(0%2C0%2C0%2C0.35)&#8221; col_inner_shadow_hover=&#8221;box_shadow_enable:disable|shadow_horizontal:0|shadow_vertical:15|shadow_blur:50|shadow_spread:0|box_shadow_color:rgba(0%2C0%2C0%2C0.35)&#8221;]<div id=\"idinfobox69f2721268f96\" class=\"dfd-info-box clearfix style-01 layout-04  idinfobox69f2721268f96 cr-animate-gen\" data-animate-item=\".dfd-animate-container\" data-animate-type = \"transition.slideUpIn\" ><div class=\"dfd-animate-container\"><div class=\"icon-wrapper\"><div class=\"module-icon\" style=\"border-radius:px;font-size:65px;\"><div class=\"hover-layer\" ><\/div><img decoding=\"async\" src=\"https:\/\/solarchitecture.ch\/wp-content\/uploads\/2023\/05\/pdf-presentation_preview-130x130.jpg\" alt=\"Image icon\" style=\"width: 65px;opacity: 1;\" \/><\/div><\/div><div class=\"content-wrap ovh\"><div class=\"info-box-title feature-title\" style=\"font-size: 14px; color: #000000 !important; line-height: 20px; \">Presentazione PDF<\/div><div class=\"info-box-subtitle subtitle\" style=\"font-size: 14px; color: #000000 !important; line-height: 20px; font-style:italic; \">Visita la pagina<\/div><div class=\"description\" style=\"\"><\/div><\/div><a href=\"https:\/\/www.swissolar.ch\/it\/chi-e-swissolar\/agenda\/eventi\/event\/corso-impianti-solari-e-piani-regolatori-2023\/\"  target=\"_blank\" class=\"full-box-link\"><\/a><\/div><\/div>[\/vc_column_inner][\/vc_row_inner][vc_row_inner][vc_column_inner css=&#8221;.vc_custom_1583843692171{padding-top: 25px !important;}&#8221; col_inner_shadow=&#8221;box_shadow_enable:disable|shadow_horizontal:0|shadow_vertical:15|shadow_blur:50|shadow_spread:0|box_shadow_color:rgba(0%2C0%2C0%2C0.35)&#8221; col_inner_shadow_hover=&#8221;box_shadow_enable:disable|shadow_horizontal:0|shadow_vertical:15|shadow_blur:50|shadow_spread:0|box_shadow_color:rgba(0%2C0%2C0%2C0.35)&#8221;]<div id=\"idinfobox69f272126dbe6\" class=\"dfd-info-box clearfix style-01 layout-04  idinfobox69f272126dbe6 cr-animate-gen\" data-animate-item=\".dfd-animate-container\" data-animate-type = \"transition.slideUpIn\" ><div class=\"dfd-animate-container\"><div class=\"icon-wrapper\"><div class=\"module-icon\" style=\"border-radius:px;font-size:65px;\"><div class=\"hover-layer\" ><\/div><img decoding=\"async\" src=\"https:\/\/solarchitecture.ch\/wp-content\/uploads\/2023\/05\/energieschweiz-logo-130x130.png\" alt=\"Image icon\" style=\"width: 65px;opacity: 1;\" \/><\/div><\/div><div class=\"content-wrap ovh\"><div class=\"info-box-title feature-title\" style=\"font-size: 14px; color: #000000 !important; line-height: 20px; \">SvizzeraEnergia<\/div><div class=\"info-box-subtitle subtitle\" style=\"font-size: 14px; color: #000000 !important; line-height: 20px; font-style:italic; \">Visita il sito web<\/div><div class=\"description\" style=\"\"><\/div><\/div><a href=\"https:\/\/www.svizzeraenergia.ch\/\"  target=\"_blank\" class=\"full-box-link\"><\/a><\/div><\/div>[\/vc_column_inner][\/vc_row_inner][vc_row_inner][vc_column_inner css=&#8221;.vc_custom_1583843692171{padding-top: 25px !important;}&#8221; col_inner_shadow=&#8221;box_shadow_enable:disable|shadow_horizontal:0|shadow_vertical:15|shadow_blur:50|shadow_spread:0|box_shadow_color:rgba(0%2C0%2C0%2C0.35)&#8221; col_inner_shadow_hover=&#8221;box_shadow_enable:disable|shadow_horizontal:0|shadow_vertical:15|shadow_blur:50|shadow_spread:0|box_shadow_color:rgba(0%2C0%2C0%2C0.35)&#8221;]<div id=\"idinfobox69f272126e382\" class=\"dfd-info-box clearfix style-01 layout-04  idinfobox69f272126e382 cr-animate-gen\" data-animate-item=\".dfd-animate-container\" data-animate-type = \"transition.slideUpIn\" ><div class=\"dfd-animate-container\"><div class=\"icon-wrapper\"><div class=\"module-icon\" style=\"border-radius:px;font-size:65px;\"><div class=\"hover-layer\" ><\/div><img decoding=\"async\" src=\"https:\/\/solarchitecture.ch\/wp-content\/uploads\/2023\/05\/ticinoenergia_logo-130x130.png\" alt=\"Image icon\" style=\"width: 65px;opacity: 1;\" \/><\/div><\/div><div class=\"content-wrap ovh\"><div class=\"info-box-title feature-title\" style=\"font-size: 14px; color: #000000 !important; line-height: 20px; \">TicinoEnergia<\/div><div class=\"info-box-subtitle subtitle\" style=\"font-size: 14px; color: #000000 !important; line-height: 20px; font-style:italic; \">Visita il sito web<\/div><div class=\"description\" style=\"\"><\/div><\/div><a href=\"https:\/\/www.ticinoenergia.ch\/it\/\"  target=\"_blank\" class=\"full-box-link\"><\/a><\/div><\/div>[\/vc_column_inner][\/vc_row_inner]<div class=\"dfd-spacer-module\"  data-units=\"px\" data-wide_resolution=\"1280\" data-wide_size=\"80\" data-normal_resolution=\"1024\" data-normal_size=\"80\" data-tablet_resolution=\"800\" data-tablet_size=\"80\" data-mobile_resolution=\"480\" data-mobile_size=\"80\" style=\"height: 80px;\"><\/div><div class=\"dfd-shar-module-cover\"><div class=\"dfd-new-share-module  text-left style-6 horizontal   \" ><div class=\"module module-entry-share\" id=\"dfd_share_69f272126ed2b\"><ul class=\"module-entry-share-links-list rrssb-buttons\" data-directory=\"https:\/\/solarchitecture.ch\/wp-content\/themes\/dfd-ronneby\"><li class=\"rrssb-facebook\"><a class=\"module-entry-share-link-facebook feature-title\" data-title=\"Solarchitecture\" data-url=\"https:\/\/solarchitecture.ch\" data-media=\"\" href=\"https:\/\/www.facebook.com\/sharer\/sharer.php?u=https:\/\/solarchitecture.ch\"  style=\"border-radius: 1px; font-size: 14px; \"><span class=\"dfd-share-icon\" style=\"width: 30px; height: 30px; line-height: 30px;\"><\/span><\/a><\/li><li class=\"rrssb-linkedin\"><a class=\"module-entry-share-link-linkedin feature-title\" data-title=\"Solarchitecture\" data-url=\"https:\/\/solarchitecture.ch\" data-media=\"\" href=\"http:\/\/www.linkedin.com\/shareArticle?mini=true&#038;url=https:\/\/solarchitecture.ch\"  style=\"border-radius: 1px; font-size: 14px; \"><span class=\"dfd-share-icon\" style=\"width: 30px; height: 30px; line-height: 30px;\"><\/span><\/a><\/li><li class=\"rrssb-pinterest\"><a class=\"module-entry-share-link-pinterest feature-title\" data-title=\"Solarchitecture\" data-url=\"https:\/\/solarchitecture.ch\" data-media=\"\" href=\"http:\/\/pinterest.com\/pin\/create\/button\/?url=https:\/\/solarchitecture.ch&#038;image_url=https:\/\/solarchitecture.ch\/wp-content\/uploads\/2023\/05\/morcote-e1685566329213.webp\"  style=\"border-radius: 1px; font-size: 14px; \"><span class=\"dfd-share-icon\" style=\"width: 30px; height: 30px; line-height: 30px;\"><\/span><\/a><\/li><\/ul><\/div><\/div>\t\t\t<script type=\"text\/javascript\">\r\n\t\t\t\t(function ($) {\r\n\t\t\t\t\t\"use strict\";\r\n\t\t\t\t\t$(document).ready(function () {\r\n\t\t\t\t\t\tvar $share_container = $('#dfd_share_69f272126ed2b .module-entry-share-links-list li');\r\n\t\t\t\t\t\tvar parent = $share_container.parent().parent().parent();\r\n\t\t\t\t\t\tif ($share_container.length > 0) {\r\n\t\t\t\t\t\t\tvar scrollbarWidth;\r\n\t\t\t\t\t\t\tvar div = document.createElement('div');\r\n\t\t\t\t\t\t\tdiv.style.overflowY = 'scroll';\r\n\t\t\t\t\t\t\tdiv.style.width = '50px';\r\n\t\t\t\t\t\t\tdiv.style.height = '50px';\r\n\t\t\t\t\t\t\tdiv.style.visibility = 'hidden';\r\n\t\t\t\t\t\t\tdocument.body.appendChild(div);\r\n\t\t\t\t\t\t\tscrollbarWidth = div.offsetWidth - div.clientWidth;\r\n\t\t\t\t\t\t\tdocument.body.removeChild(div);\r\n\t\t\t\t\t\t\tvar setShareWidth = function () {\r\n\t\t\t\t\t\t\t\tif (($(window).width() + scrollbarWidth) >= 800) {\r\n\t\t\t\t\t\t\t\t\tif (parent.hasClass(\"style-6\") || parent.hasClass(\"style-7\") || parent.hasClass(\"vertical\")) {\r\n\t\t\t\t\t\t\t\t\t\t$share_container.width('auto');\r\n\t\t\t\t\t\t\t\t\t} else {\r\n\t\t\t\t\t\t\t\t\t\t$share_container.dfdEqWidth();\r\n\t\t\t\t\t\t\t\t\t}\r\n\t\t\t\t\t\t\t\t} else {\r\n\t\t\t\t\t\t\t\t\tif (parent.hasClass(\"style-6\") || parent.hasClass(\"style-7\") || parent.hasClass(\"vertical\")) {\r\n\t\t\t\t\t\t\t\t\t\t$share_container.width('auto');\r\n\t\t\t\t\t\t\t\t\t} else {\r\n\t\t\t\t\t\t\t\t\t\t$share_container.width('100%');\r\n\t\t\t\t\t\t\t\t\t}\r\n\t\t\t\t\t\t\t\t}\r\n\t\t\t\t\t\t\t};\r\n\t\t\t\t\t\t\tsetShareWidth();\r\n\t\t\t\t\t\t\t$(window).resize(setShareWidth);\r\n\t\t\t\t\t\t}\r\n\t\t\t\t\t});\r\n\t\t\t\t\t\t\t\t\t$('head').append('<style type=\"text\/css\">.dfd-new-share-module.style-6 #dfd_share_69f272126ed2b ul li a {border-style: solid;border-width: 1px;border-color: #000000;background: #ffffff;color: #000000;}<\/style>');\r\n\t\t\t\t\t\t\t})(jQuery);\r\n\t\t\t<\/script>\r\n\r\n\t\t\t<\/div>[\/vc_column][\/vc_row][vc_row][vc_column]<div class=\"dfd-spacer-module\"  data-units=\"px\" data-wide_resolution=\"1280\" data-wide_size=\"100\" data-normal_resolution=\"1024\" data-normal_size=\"100\" data-tablet_resolution=\"800\" data-tablet_size=\"100\" data-mobile_resolution=\"480\" data-mobile_size=\"100\" style=\"height: 100px;\"><\/div>[\/vc_column][\/vc_row]<\/p>\n<\/div>","protected":false},"excerpt":{"rendered":"<p>[vc_row][vc_column offset=&#8221;vc_hidden-lg vc_hidden-md vc_hidden-sm vc_hidden-xs&#8221;][vc_acf field_group=&#8221;30126&#8243; field_from_30126=&#8221;field_5c079de146ee1&#8243;][\/vc_column][\/vc_row][vc_row][vc_column][\/vc_column][\/vc_row][vc_row][vc_column width=&#8221;3\/4&#8243; dfd_column_responsive_enable=&#8221;dfd-column-responsive-enable&#8221; css=&#8221;.vc_custom_1548941680917{border-right-width: 1px !important;padding-right: 25px !important;padding-left: 25px !important;border-right-color: #000000 !important;border-right-style: solid !important;}&#8221; responsive_styles=&#8221;border_right_mobile:0&#8243;][vc_column_text css=&#8221;.vc_custom_1685560912641{padding-bottom: 30px !important;}&#8221;]01 giugno 2023[\/vc_column_text][vc_single_image image=&#8221;55636&#8243; img_size=&#8221;full&#8221;][vc_column_text css=&#8221;.vc_custom_1695321774068{padding-top: 10px<\/p>\n","protected":false},"author":2021,"featured_media":55618,"comment_status":"closed","ping_status":"closed","sticky":false,"template":"","format":"standard","meta":{"_acf_changed":false,"inline_featured_image":false,"footnotes":""},"categories":[461],"tags":[],"class_list":["post-55668","post","type-post","status-publish","format-standard","has-post-thumbnail","hentry","category-formazione"],"acf":[],"yoast_head":"<!-- This site is optimized with the Yoast SEO plugin v26.7 - https:\/\/yoast.com\/wordpress\/plugins\/seo\/ -->\n<title>Impianti solari e piani regolatori - Solarchitecture<\/title>\n<meta name=\"robots\" content=\"index, follow, max-snippet:-1, max-image-preview:large, max-video-preview:-1\" \/>\n<link rel=\"canonical\" href=\"https:\/\/solarchitecture.ch\/it\/impianti-solari-e-piani-regolatori\/\" \/>\n<meta property=\"og:locale\" content=\"it_IT\" \/>\n<meta property=\"og:type\" content=\"article\" \/>\n<meta property=\"og:title\" content=\"Impianti solari e piani regolatori - Solarchitecture\" \/>\n<meta property=\"og:description\" content=\"[vc_row][vc_column offset=&#8221;vc_hidden-lg vc_hidden-md vc_hidden-sm vc_hidden-xs&#8221;][vc_acf field_group=&#8221;30126&#8243; field_from_30126=&#8221;field_5c079de146ee1&#8243;][\/vc_column][\/vc_row][vc_row][vc_column][\/vc_column][\/vc_row][vc_row][vc_column width=&#8221;3\/4&#8243; dfd_column_responsive_enable=&#8221;dfd-column-responsive-enable&#8221; css=&#8221;.vc_custom_1548941680917{border-right-width: 1px !important;padding-right: 25px !important;padding-left: 25px !important;border-right-color: #000000 !important;border-right-style: solid !important;}&#8221; responsive_styles=&#8221;border_right_mobile:0&#8243;][vc_column_text css=&#8221;.vc_custom_1685560912641{padding-bottom: 30px !important;}&#8221;]01 giugno 2023[\/vc_column_text][vc_single_image image=&#8221;55636&#8243; img_size=&#8221;full&#8221;][vc_column_text css=&#8221;.vc_custom_1695321774068{padding-top: 10px\" \/>\n<meta property=\"og:url\" content=\"https:\/\/solarchitecture.ch\/it\/impianti-solari-e-piani-regolatori\/\" \/>\n<meta property=\"og:site_name\" content=\"Solarchitecture\" \/>\n<meta property=\"article:published_time\" content=\"2023-06-01T06:28:40+00:00\" \/>\n<meta property=\"article:modified_time\" content=\"2023-10-06T09:09:00+00:00\" \/>\n<meta property=\"og:image\" content=\"https:\/\/solarchitecture.ch\/wp-content\/uploads\/2023\/05\/morcote-e1685566329213.webp\" \/>\n\t<meta property=\"og:image:width\" content=\"3200\" \/>\n\t<meta property=\"og:image:height\" content=\"1800\" \/>\n\t<meta property=\"og:image:type\" content=\"image\/webp\" \/>\n<meta name=\"author\" content=\"Solar Architecture\" \/>\n<meta name=\"twitter:card\" content=\"summary_large_image\" \/>\n<meta name=\"twitter:label1\" content=\"Scritto da\" \/>\n\t<meta name=\"twitter:data1\" content=\"Solar Architecture\" \/>\n\t<meta name=\"twitter:label2\" content=\"Tempo di lettura stimato\" \/>\n\t<meta name=\"twitter:data2\" content=\"13 minuti\" \/>\n<script type=\"application\/ld+json\" class=\"yoast-schema-graph\">{\"@context\":\"https:\/\/schema.org\",\"@graph\":[{\"@type\":\"Article\",\"@id\":\"https:\/\/solarchitecture.ch\/it\/impianti-solari-e-piani-regolatori\/#article\",\"isPartOf\":{\"@id\":\"https:\/\/solarchitecture.ch\/it\/impianti-solari-e-piani-regolatori\/\"},\"author\":{\"name\":\"Solar Architecture\",\"@id\":\"https:\/\/solarchitecture.ch\/it\/#\/schema\/person\/9574b0ccd534aeaa599ef02f64445744\"},\"headline\":\"Impianti solari e piani regolatori\",\"datePublished\":\"2023-06-01T06:28:40+00:00\",\"dateModified\":\"2023-10-06T09:09:00+00:00\",\"mainEntityOfPage\":{\"@id\":\"https:\/\/solarchitecture.ch\/it\/impianti-solari-e-piani-regolatori\/\"},\"wordCount\":3489,\"publisher\":{\"@id\":\"https:\/\/solarchitecture.ch\/it\/#organization\"},\"image\":{\"@id\":\"https:\/\/solarchitecture.ch\/it\/impianti-solari-e-piani-regolatori\/#primaryimage\"},\"thumbnailUrl\":\"https:\/\/solarchitecture.ch\/wp-content\/uploads\/2023\/05\/morcote-e1685566329213.webp\",\"articleSection\":[\"Training\"],\"inLanguage\":\"it-IT\"},{\"@type\":\"WebPage\",\"@id\":\"https:\/\/solarchitecture.ch\/it\/impianti-solari-e-piani-regolatori\/\",\"url\":\"https:\/\/solarchitecture.ch\/it\/impianti-solari-e-piani-regolatori\/\",\"name\":\"Impianti solari e piani regolatori - Solarchitecture\",\"isPartOf\":{\"@id\":\"https:\/\/solarchitecture.ch\/it\/#website\"},\"primaryImageOfPage\":{\"@id\":\"https:\/\/solarchitecture.ch\/it\/impianti-solari-e-piani-regolatori\/#primaryimage\"},\"image\":{\"@id\":\"https:\/\/solarchitecture.ch\/it\/impianti-solari-e-piani-regolatori\/#primaryimage\"},\"thumbnailUrl\":\"https:\/\/solarchitecture.ch\/wp-content\/uploads\/2023\/05\/morcote-e1685566329213.webp\",\"datePublished\":\"2023-06-01T06:28:40+00:00\",\"dateModified\":\"2023-10-06T09:09:00+00:00\",\"breadcrumb\":{\"@id\":\"https:\/\/solarchitecture.ch\/it\/impianti-solari-e-piani-regolatori\/#breadcrumb\"},\"inLanguage\":\"it-IT\",\"potentialAction\":[{\"@type\":\"ReadAction\",\"target\":[\"https:\/\/solarchitecture.ch\/it\/impianti-solari-e-piani-regolatori\/\"]}]},{\"@type\":\"ImageObject\",\"inLanguage\":\"it-IT\",\"@id\":\"https:\/\/solarchitecture.ch\/it\/impianti-solari-e-piani-regolatori\/#primaryimage\",\"url\":\"https:\/\/solarchitecture.ch\/wp-content\/uploads\/2023\/05\/morcote-e1685566329213.webp\",\"contentUrl\":\"https:\/\/solarchitecture.ch\/wp-content\/uploads\/2023\/05\/morcote-e1685566329213.webp\",\"width\":3200,\"height\":1800},{\"@type\":\"BreadcrumbList\",\"@id\":\"https:\/\/solarchitecture.ch\/it\/impianti-solari-e-piani-regolatori\/#breadcrumb\",\"itemListElement\":[{\"@type\":\"ListItem\",\"position\":1,\"name\":\"Home\",\"item\":\"https:\/\/solarchitecture.ch\/it\/\"},{\"@type\":\"ListItem\",\"position\":2,\"name\":\"Impianti solari e piani regolatori\"}]},{\"@type\":\"WebSite\",\"@id\":\"https:\/\/solarchitecture.ch\/it\/#website\",\"url\":\"https:\/\/solarchitecture.ch\/it\/\",\"name\":\"Solarchitecture\",\"description\":\"Building solution\",\"publisher\":{\"@id\":\"https:\/\/solarchitecture.ch\/it\/#organization\"},\"potentialAction\":[{\"@type\":\"SearchAction\",\"target\":{\"@type\":\"EntryPoint\",\"urlTemplate\":\"https:\/\/solarchitecture.ch\/it\/?s={search_term_string}\"},\"query-input\":{\"@type\":\"PropertyValueSpecification\",\"valueRequired\":true,\"valueName\":\"search_term_string\"}}],\"inLanguage\":\"it-IT\"},{\"@type\":\"Organization\",\"@id\":\"https:\/\/solarchitecture.ch\/it\/#organization\",\"name\":\"Solarchitecture\",\"url\":\"https:\/\/solarchitecture.ch\/it\/\",\"logo\":{\"@type\":\"ImageObject\",\"inLanguage\":\"it-IT\",\"@id\":\"https:\/\/solarchitecture.ch\/it\/#\/schema\/logo\/image\/\",\"url\":\"https:\/\/solarchitecture.ch\/wp-content\/uploads\/2022\/07\/solarchitecture_logo.jpg\",\"contentUrl\":\"https:\/\/solarchitecture.ch\/wp-content\/uploads\/2022\/07\/solarchitecture_logo.jpg\",\"width\":312,\"height\":312,\"caption\":\"Solarchitecture\"},\"image\":{\"@id\":\"https:\/\/solarchitecture.ch\/it\/#\/schema\/logo\/image\/\"}},{\"@type\":\"Person\",\"@id\":\"https:\/\/solarchitecture.ch\/it\/#\/schema\/person\/9574b0ccd534aeaa599ef02f64445744\",\"name\":\"Solar Architecture\",\"image\":{\"@type\":\"ImageObject\",\"inLanguage\":\"it-IT\",\"@id\":\"https:\/\/solarchitecture.ch\/it\/#\/schema\/person\/image\/\",\"url\":\"https:\/\/secure.gravatar.com\/avatar\/5248fcb2bab99263f8f157f166bf6916de4582d008a551554fe906e623e4fda0?s=96&d=mm&r=g\",\"contentUrl\":\"https:\/\/secure.gravatar.com\/avatar\/5248fcb2bab99263f8f157f166bf6916de4582d008a551554fe906e623e4fda0?s=96&d=mm&r=g\",\"caption\":\"Solar Architecture\"},\"url\":\"https:\/\/solarchitecture.ch\/it\/author\/solar\/\"}]}<\/script>\n<!-- \/ Yoast SEO plugin. -->","yoast_head_json":{"title":"Impianti solari e piani regolatori - Solarchitecture","robots":{"index":"index","follow":"follow","max-snippet":"max-snippet:-1","max-image-preview":"max-image-preview:large","max-video-preview":"max-video-preview:-1"},"canonical":"https:\/\/solarchitecture.ch\/it\/impianti-solari-e-piani-regolatori\/","og_locale":"it_IT","og_type":"article","og_title":"Impianti solari e piani regolatori - Solarchitecture","og_description":"[vc_row][vc_column offset=&#8221;vc_hidden-lg vc_hidden-md vc_hidden-sm vc_hidden-xs&#8221;][vc_acf field_group=&#8221;30126&#8243; field_from_30126=&#8221;field_5c079de146ee1&#8243;][\/vc_column][\/vc_row][vc_row][vc_column][\/vc_column][\/vc_row][vc_row][vc_column width=&#8221;3\/4&#8243; dfd_column_responsive_enable=&#8221;dfd-column-responsive-enable&#8221; css=&#8221;.vc_custom_1548941680917{border-right-width: 1px !important;padding-right: 25px !important;padding-left: 25px !important;border-right-color: #000000 !important;border-right-style: solid !important;}&#8221; responsive_styles=&#8221;border_right_mobile:0&#8243;][vc_column_text css=&#8221;.vc_custom_1685560912641{padding-bottom: 30px !important;}&#8221;]01 giugno 2023[\/vc_column_text][vc_single_image image=&#8221;55636&#8243; img_size=&#8221;full&#8221;][vc_column_text css=&#8221;.vc_custom_1695321774068{padding-top: 10px","og_url":"https:\/\/solarchitecture.ch\/it\/impianti-solari-e-piani-regolatori\/","og_site_name":"Solarchitecture","article_published_time":"2023-06-01T06:28:40+00:00","article_modified_time":"2023-10-06T09:09:00+00:00","og_image":[{"width":3200,"height":1800,"url":"https:\/\/solarchitecture.ch\/wp-content\/uploads\/2023\/05\/morcote-e1685566329213.webp","type":"image\/webp"}],"author":"Solar Architecture","twitter_card":"summary_large_image","twitter_misc":{"Scritto da":"Solar Architecture","Tempo di lettura stimato":"13 minuti"},"schema":{"@context":"https:\/\/schema.org","@graph":[{"@type":"Article","@id":"https:\/\/solarchitecture.ch\/it\/impianti-solari-e-piani-regolatori\/#article","isPartOf":{"@id":"https:\/\/solarchitecture.ch\/it\/impianti-solari-e-piani-regolatori\/"},"author":{"name":"Solar Architecture","@id":"https:\/\/solarchitecture.ch\/it\/#\/schema\/person\/9574b0ccd534aeaa599ef02f64445744"},"headline":"Impianti solari e piani regolatori","datePublished":"2023-06-01T06:28:40+00:00","dateModified":"2023-10-06T09:09:00+00:00","mainEntityOfPage":{"@id":"https:\/\/solarchitecture.ch\/it\/impianti-solari-e-piani-regolatori\/"},"wordCount":3489,"publisher":{"@id":"https:\/\/solarchitecture.ch\/it\/#organization"},"image":{"@id":"https:\/\/solarchitecture.ch\/it\/impianti-solari-e-piani-regolatori\/#primaryimage"},"thumbnailUrl":"https:\/\/solarchitecture.ch\/wp-content\/uploads\/2023\/05\/morcote-e1685566329213.webp","articleSection":["Training"],"inLanguage":"it-IT"},{"@type":"WebPage","@id":"https:\/\/solarchitecture.ch\/it\/impianti-solari-e-piani-regolatori\/","url":"https:\/\/solarchitecture.ch\/it\/impianti-solari-e-piani-regolatori\/","name":"Impianti solari e piani regolatori - Solarchitecture","isPartOf":{"@id":"https:\/\/solarchitecture.ch\/it\/#website"},"primaryImageOfPage":{"@id":"https:\/\/solarchitecture.ch\/it\/impianti-solari-e-piani-regolatori\/#primaryimage"},"image":{"@id":"https:\/\/solarchitecture.ch\/it\/impianti-solari-e-piani-regolatori\/#primaryimage"},"thumbnailUrl":"https:\/\/solarchitecture.ch\/wp-content\/uploads\/2023\/05\/morcote-e1685566329213.webp","datePublished":"2023-06-01T06:28:40+00:00","dateModified":"2023-10-06T09:09:00+00:00","breadcrumb":{"@id":"https:\/\/solarchitecture.ch\/it\/impianti-solari-e-piani-regolatori\/#breadcrumb"},"inLanguage":"it-IT","potentialAction":[{"@type":"ReadAction","target":["https:\/\/solarchitecture.ch\/it\/impianti-solari-e-piani-regolatori\/"]}]},{"@type":"ImageObject","inLanguage":"it-IT","@id":"https:\/\/solarchitecture.ch\/it\/impianti-solari-e-piani-regolatori\/#primaryimage","url":"https:\/\/solarchitecture.ch\/wp-content\/uploads\/2023\/05\/morcote-e1685566329213.webp","contentUrl":"https:\/\/solarchitecture.ch\/wp-content\/uploads\/2023\/05\/morcote-e1685566329213.webp","width":3200,"height":1800},{"@type":"BreadcrumbList","@id":"https:\/\/solarchitecture.ch\/it\/impianti-solari-e-piani-regolatori\/#breadcrumb","itemListElement":[{"@type":"ListItem","position":1,"name":"Home","item":"https:\/\/solarchitecture.ch\/it\/"},{"@type":"ListItem","position":2,"name":"Impianti solari e piani regolatori"}]},{"@type":"WebSite","@id":"https:\/\/solarchitecture.ch\/it\/#website","url":"https:\/\/solarchitecture.ch\/it\/","name":"Solarchitecture","description":"Building solution","publisher":{"@id":"https:\/\/solarchitecture.ch\/it\/#organization"},"potentialAction":[{"@type":"SearchAction","target":{"@type":"EntryPoint","urlTemplate":"https:\/\/solarchitecture.ch\/it\/?s={search_term_string}"},"query-input":{"@type":"PropertyValueSpecification","valueRequired":true,"valueName":"search_term_string"}}],"inLanguage":"it-IT"},{"@type":"Organization","@id":"https:\/\/solarchitecture.ch\/it\/#organization","name":"Solarchitecture","url":"https:\/\/solarchitecture.ch\/it\/","logo":{"@type":"ImageObject","inLanguage":"it-IT","@id":"https:\/\/solarchitecture.ch\/it\/#\/schema\/logo\/image\/","url":"https:\/\/solarchitecture.ch\/wp-content\/uploads\/2022\/07\/solarchitecture_logo.jpg","contentUrl":"https:\/\/solarchitecture.ch\/wp-content\/uploads\/2022\/07\/solarchitecture_logo.jpg","width":312,"height":312,"caption":"Solarchitecture"},"image":{"@id":"https:\/\/solarchitecture.ch\/it\/#\/schema\/logo\/image\/"}},{"@type":"Person","@id":"https:\/\/solarchitecture.ch\/it\/#\/schema\/person\/9574b0ccd534aeaa599ef02f64445744","name":"Solar Architecture","image":{"@type":"ImageObject","inLanguage":"it-IT","@id":"https:\/\/solarchitecture.ch\/it\/#\/schema\/person\/image\/","url":"https:\/\/secure.gravatar.com\/avatar\/5248fcb2bab99263f8f157f166bf6916de4582d008a551554fe906e623e4fda0?s=96&d=mm&r=g","contentUrl":"https:\/\/secure.gravatar.com\/avatar\/5248fcb2bab99263f8f157f166bf6916de4582d008a551554fe906e623e4fda0?s=96&d=mm&r=g","caption":"Solar Architecture"},"url":"https:\/\/solarchitecture.ch\/it\/author\/solar\/"}]}},"_links":{"self":[{"href":"https:\/\/solarchitecture.ch\/it\/wp-json\/wp\/v2\/posts\/55668","targetHints":{"allow":["GET"]}}],"collection":[{"href":"https:\/\/solarchitecture.ch\/it\/wp-json\/wp\/v2\/posts"}],"about":[{"href":"https:\/\/solarchitecture.ch\/it\/wp-json\/wp\/v2\/types\/post"}],"author":[{"embeddable":true,"href":"https:\/\/solarchitecture.ch\/it\/wp-json\/wp\/v2\/users\/2021"}],"replies":[{"embeddable":true,"href":"https:\/\/solarchitecture.ch\/it\/wp-json\/wp\/v2\/comments?post=55668"}],"version-history":[{"count":12,"href":"https:\/\/solarchitecture.ch\/it\/wp-json\/wp\/v2\/posts\/55668\/revisions"}],"predecessor-version":[{"id":56886,"href":"https:\/\/solarchitecture.ch\/it\/wp-json\/wp\/v2\/posts\/55668\/revisions\/56886"}],"wp:featuredmedia":[{"embeddable":true,"href":"https:\/\/solarchitecture.ch\/it\/wp-json\/wp\/v2\/media\/55618"}],"wp:attachment":[{"href":"https:\/\/solarchitecture.ch\/it\/wp-json\/wp\/v2\/media?parent=55668"}],"wp:term":[{"taxonomy":"category","embeddable":true,"href":"https:\/\/solarchitecture.ch\/it\/wp-json\/wp\/v2\/categories?post=55668"},{"taxonomy":"post_tag","embeddable":true,"href":"https:\/\/solarchitecture.ch\/it\/wp-json\/wp\/v2\/tags?post=55668"}],"curies":[{"name":"wp","href":"https:\/\/api.w.org\/{rel}","templated":true}]}}