{"id":53039,"date":"2022-11-16T11:44:17","date_gmt":"2022-11-16T10:44:17","guid":{"rendered":"https:\/\/solarchitecture.ch\/sfruttare-al-massimo-il-potenziale-solare\/"},"modified":"2022-11-21T15:18:00","modified_gmt":"2022-11-21T14:18:00","slug":"sfruttare-al-massimo-il-potenziale-solare","status":"publish","type":"post","link":"https:\/\/solarchitecture.ch\/it\/sfruttare-al-massimo-il-potenziale-solare\/","title":{"rendered":"Sfruttare al massimo il potenziale solare"},"content":{"rendered":"<div class=\"wpb-content-wrapper\"><p>[vc_row][vc_column offset=&#8221;vc_hidden-lg vc_hidden-md vc_hidden-sm vc_hidden-xs&#8221;][vc_acf field_group=&#8221;30126&#8243; field_from_30126=&#8221;field_5c079de146ee1&#8243;][\/vc_column][\/vc_row][vc_row][vc_column]<div class=\"dfd-spacer-module\"  data-units=\"px\" data-wide_resolution=\"1280\" data-wide_size=\"100\" data-normal_resolution=\"1024\" data-normal_size=\"100\" data-tablet_resolution=\"800\" data-tablet_size=\"50\" data-mobile_resolution=\"480\" data-mobile_size=\"50\" style=\"height: 100px;\"><\/div>[\/vc_column][\/vc_row][vc_row][vc_column width=&#8221;3\/4&#8243; dfd_column_responsive_enable=&#8221;dfd-column-responsive-enable&#8221; css=&#8221;.vc_custom_1548941680917{border-right-width: 1px !important;padding-right: 25px !important;padding-left: 25px !important;border-right-color: #000000 !important;border-right-style: solid !important;}&#8221; responsive_styles=&#8221;border_right_mobile:0&#8243;]<div class=\"dfd-heading-shortcode\"><div class=\"dfd-heading-module-wrap  text-left style_01 cr-animate-gen dfd-heading-69f273bd17ac6 dfd-enable-resposive-headings\" id=\"dfd-heading-69f273bd17ac6\" data-animate-type = \"transition.slideLeftIn\" ><div class=\"inline-block\"><div class=\"dfd-heading-module\"><div class=\"widget-title dfd-title block-title\" style=\"font-family:Montserrat; font-weight:700; font-style:normal; font-size: 35px; color: #000000 !important; line-height: 45px; letter-spacing: 0px; \">Sfruttare al massimo il potenziale solare<\/div><\/div><\/div><\/div><script type=\"text\/javascript\">\r\n\t\t\t\t\t\t\t\t\t(function($) {\r\n\t\t\t\t\t\t\t\t\t\t$(\"head\").append(\"<style>.dfd-heading-69f273bd17ac6.dfd-heading-module-wrap .dfd-heading-module .dfd-heading-delimiter {margin-top:10px;margin-bottom:10px;}@media (max-width: 1279px) and (min-width: 1024px){.dfd-heading-69f273bd17ac6 .dfd-title{font-size: 40px !important;letter-spacing: 0px !important;line-height: 45px !important;}}@media (max-width: 1023px) and (min-width: 800px){.dfd-heading-69f273bd17ac6 .dfd-title{font-size: 35px !important;letter-spacing: 0px !important;line-height: 40px !important;}}@media (max-width: 799px){.dfd-heading-69f273bd17ac6 .dfd-title{font-size: 30px !important;letter-spacing: 0px !important;line-height: 35px !important;}}<\/style>\");\r\n\t\t\t\t\t\t\t\t\t})(jQuery);\r\n\t\t\t\t\t\t\t\t<\/script><\/div>[vc_column_text css=&#8221;.vc_custom_1668069514577{padding-bottom: 30px !important;}&#8221;]14 Novembre 2022[\/vc_column_text][vc_single_image image=&#8221;48560&#8243; img_size=&#8221;full&#8221;][vc_column_text css=&#8221;.vc_custom_1668069757627{padding-top: 10px !important;padding-bottom: 10px !important;}&#8221;]<\/p>\n<h3 style=\"text-align: left;\">L\u2019 edificio \u00abWinter Plus Energy\u00bb Sol\u2019CH a Poschiavo (GR) \u00e8 un esempio premiato di fotovoltaico integrato. La totalit\u00e0 del suo involucro, quindi anche la facciata nord, \u00e8 costituita da moduli fotovoltaici. Foto: Nadia Vontobel Architekten GmbH.<\/h3>\n<p>[\/vc_column_text][vc_column_text css=&#8221;.vc_custom_1668788679031{padding-top: 25px !important;}&#8221;]SvizzeraEnergia \u2013 Rivista dell\u2019energia per i proprietari immobiliari \u2013 Ottobre 2022<\/p>\n<p><strong>Sfruttare al massimo il potenziale solare<\/strong><\/p>\n<p>&nbsp;<\/p>\n<p>Intervista: Tobias Fischer, Michela Sormani<\/p>\n<p>&nbsp;<\/p>\n<p><em>FACCIATE SOLARI \u00c8 possibile installare l\u2019impianto fotovoltaico non solo sul tetto, ma sull\u2019 intero involucro dell\u2019edificio. \u00c8 quanto sostengono Francesco Frontini e Pierluigi Bonomo della SUPSI, la Scuola universitaria professionale della Svizzera italiana. Nel corso di un\u2019intervista spiegano i vantaggi delle facciate solari e gli aspetti che bisogna considerare.<\/em><\/p>\n<p>&nbsp;<\/p>\n<p><strong>Quando si parla di \u201ccasa con impianto fotovoltaico\u201d la maggior parte delle persone pensa a un\u2019installazione sul tetto. Perch\u00e9 si dovrebbe considerare anche la facciata?<\/strong><\/p>\n<p><strong>Pierluigi Bonomo<\/strong>: In Svizzera ci sono 1,8 milioni di edifici ad uso abitativo, che rappresentano circa l\u20195 per cento delle superfici edificate. \u00c8 importante utilizzare questi edifici per la produzione di energia solare. Fino a qualche anno fa, gli impianti fotovoltaici sui tetti erano per lo pi\u00f9 concepiti in funzione del fabbisogno individuale, per cui erano piuttosto piccoli. Chi oggi opta per il fotovoltaico pu\u00f2 sfruttare al massimo il potenziale solare usando a questo scopo tutte le superfici idonee dell\u2019involucro edilizio, quindi anche le facciate. Questo in quanto i moduli per facciate generano energia anche quando il sole \u00e8 pi\u00f9 basso all\u2019orizzonte, soprattutto in inverno. Ma anche nelle altre stagioni, quando possono bilanciare la curva di produzione nell\u2019 arco della giornata con una produzione al mattino presto o nel tardo pomeriggio. Questa nuova tendenza si sta diffondendo non solo in risposta alla Strategia energetica 2050, ma anche perch\u00e9 l\u2019elettricit\u00e0 sta diventando sempre pi\u00f9 importante, ad esempio per la mobilit\u00e0 elettrica e le pompe di calore. La tecnologia fotovoltaica di oggi \u00e8 estremamente flessibile e consente soluzioni personalizzate per facciate, tetti o installazioni come carport, balconi o terrazze \u2013 e, di conseguenza, anche un linguaggio architettonico molto individuale.<\/p>\n<p>&nbsp;<\/p>\n<p><strong>Per quali case l\u2019impianto fotovoltaico in facciata \u00e8 particolarmente adatto?<\/strong><\/p>\n<p><strong>Francesco Frontini<\/strong>: La tecnologia \u00e8 adatta sia per i nuovi edifici che per i rinnovi. Nel caso specifico, \u00e8 necessario analizzare innanzitutto l\u2019esposizione al sole. In linea di principio, si possono utilizzare tutte e quattro le facciate, anche quella nord. Tuttavia, vista l\u2019energia grigia contenuta in un modulo solare, ci si chiede se abbia davvero senso installare un modulo di questo tipo su un elemento meno esposto. Infatti, un modulo fotovoltaico ha pi\u00f9 energia grigia rispetto a un rivestimento in legno o a un semplice intonaco. \u00c8 quindi importante installare i moduli fotovoltaici nel punto in cui possono generare il massimo rendimento possibile di energia solare con le loro prestazioni tecniche. Nelle aree meno soleggiate, sistemi in vetro colorato visivamente molto simili ai moduli solari potrebbero fornire un aspetto complessivo armonioso.<\/p>\n<p>&nbsp;<\/p>\n<p><strong>Esiste una dimensione minima al di sotto della quale un impianto fotovoltaico in facciata non avrebbe senso di scendere?<\/strong><\/p>\n<p><strong>Frontini:<\/strong>\u00a0L\u2019impianto pi\u00f9 piccolo che ho visto era un\u2019installazione da 1 chilowatt, per la quale \u00e8 sufficiente un parapetto. Mentre su un tetto \u00e8 corretto considerare una superficie di almeno 15 \u2013 20 metri quadrati per raggiungere i 3 \u2013 5 chilowatt, su una facciata si mette in primo piano l\u2019aspetto architettonico. Quindi, per una superficie di 10 metri quadrati non punterei alla dimensione minima ma alla massima per garantire la massima omogeneit\u00e0 costruttiva e estetica.<\/p>\n<p>&nbsp;<\/p>\n<p><strong>Come si pu\u00f2 integrare un impianto fotovoltaico in facciata senza che la casa sembri una stazione spaziale?<\/strong><\/p>\n<p><strong>Frontini:<\/strong>\u00a0Che un elemento fotovoltaico sia una classica cella blu o nera a quadretti \u00e8 un mito. Lo dimostrano esempi attuali, tra l\u2019altro proprio sul nostro sito solarchitecture.ch. Oggi un modulo fotovoltaico \u00e8 un elemento edile (solitamente in vetro) ed \u00e8 molto flessibile in termini di personalizzazione, colore, forma ed effetto della superficie.<\/p>\n<p><strong>Bonomo<\/strong>: Negli ultimi anni sono state condotte numerose ricerche in questo settore, che hanno portato alla disponibilit\u00e0 sul mercato di vetri con vari trattamenti di superficie e colorazioni. Le facciate fotovoltaiche possono quindi essere adattate in modo flessibile alle esigenze estetiche individuali, siano esse monocromatiche, da scuro a bianco, oppure decorate, richiamando l\u2019immagine di materiali della tradizione, o con un soggetto grafico o fotografico. \u00c8 quindi importante, caso per caso, trovare il giusto compromesso tra l\u2019estetica e la prestazione di questi moduli che devono assicurare la qualit\u00e0 del prodotto, sia rispetto al settore elettrotecnico che edilizio.<\/p>\n<p>&nbsp;<\/p>\n<p><strong>Una facciata fotovoltaica \u00e8 meno resistente di una facciata convenzionale?<\/strong><\/p>\n<p><strong>Frontini<\/strong>: Un modulo fotovoltaico \u00e8 molto resistente se ben progettato. Essendo per\u00f2 composto per il 99 per cento da vetro \u00e8 consigliabile utilizzare i piani superiori per il fotovoltaico e lasciare libero il basamento, cosa abituale in architettura, in quanto pi\u00f9 resistente agli impatti e allo sporco. In alternativa, si pu\u00f2 optare per moduli fotovoltaici progettati per sostenere un carico maggiore e certificati di conseguenza. I moduli solari sono prodotti da costruzione convenzionali e come tali sono testati per la resistenza all\u2019impatto, al vento, alla neve e ai terremoti.<\/p>\n<p>&nbsp;<\/p>\n<p><strong>Qual \u00e8 la durata di vita di un impianto fotovoltaico in facciata?<\/strong><\/p>\n<p><strong>Frontini<\/strong>: Un modulo solare fornisce energia per 25 \u2013 30 anni, e questo \u00e8 garantito. Alla fine di questo periodo, avr\u00e0 perso al massimo il 15 \u2013 20 per cento del suo rendimento e, allo stesso tempo, sul mercato saranno disponibili nuovi moduli pi\u00f9 efficienti. Pertanto, sarebbe utile scegliere attualmente un sistema smontabile e flessibile. Da un lato, posso sostituire il modulo facilmente in caso di vandalismo, dall\u2019 altro posso sostituirlo in un secondo momento con un modulo pi\u00f9 efficiente. Tuttavia, questo non \u00e8 obbligatorio, visto che un modulo pu\u00f2 durare anche 40 \u2013 50 anni se il vetro non si rompe.<\/p>\n<p><strong>Bonomo<\/strong>: Sostenibilit\u00e0 non significa che i prodotti debbano durare per sempre, come si pensava per le cattedrali. Se utilizzo un elemento \u00ableggero\u00bb, che ha una bassa energia grigia e pu\u00f2 essere riciclato o comunque riutilizzato nella circolarit\u00e0 alla fine della sua vita utile, la sostituzione \u00e8 sostenibile anche a fronte di una minore vita utile se questo aspetto \u00e8 considerato nel concetto di sostenibilit\u00e0 ambientale \/ economica dell\u2019intero edificio. E il potenziale di riciclaggio di un modulo in vetro fotovoltaico \u00e8 noto.<\/p>\n<p>&nbsp;<\/p>\n<p><strong>Se qualcuno vuole ristrutturare la facciata e anche isolarla, come si pu\u00f2 integrare un impianto fotovoltaico?<\/strong><\/p>\n<p><strong>Frontini<\/strong>: Il modo pi\u00f9 semplice ed efficace \u00e8 quello di costruire una facciata ventilata, dove l\u2019isolamento viene fissato alla parete gi\u00e0 esistente, oltre a una struttura a cui vengono assicurati i moduli fotovoltaici. Sul sito solarchitecture.ch sono disponibili i dettagli tecnici di ciascun elemento e viene fornita la soluzione ottimale per ogni tipo di edificio.<\/p>\n<p>&nbsp;<\/p>\n<p><strong>Avete dei consigli per i proprietari immobiliari o i committenti interessati alle facciate solari?<\/strong><\/p>\n<p><strong>Bonomo<\/strong>: Il fotovoltaico non pone dei limiti, ma offre possibilit\u00e0, potenziale e regole come tutte le tecnologie in architettura. Se voglio utilizzare il mio tetto come una copertura verde so che posso sfruttare le facciate per il fotovoltaico, e queste non saranno dei dispositivi tecnici ma avranno un proprio linguaggio architettonico. Un altro suggerimento \u00e8 quello di considerare la convenienza economica non solo al momento dell\u2019investimento ma per l\u2019intero ciclo di vita dell\u2019impianto fotovoltaico. I costi aggiuntivi di acquisto di una facciata fotovoltaica, ove ravvisabili rispetto a una convenzionale, vengono di regola ammortizzati nell\u2019 arco del ciclo di vita dell\u2019impianto in quanto ad oggi il fotovoltaico \u00e8 l\u2019unico materiale remunerativo per rivestire gli edifici.<\/p>\n<p>&nbsp;<\/p>\n<p><a href=\"https:\/\/solarchitecture.ch\/wp-content\/uploads\/2022\/11\/11138-2210_BFE_Energiejournal_IT_DS_WEB.pdf\">Pubblicazione completa<\/a>[\/vc_column_text][\/vc_column][vc_column width=&#8221;1\/4&#8243; dfd_column_responsive_enable=&#8221;dfd-column-responsive-enable&#8221; css=&#8221;.vc_custom_1548941751542{padding-right: 25px !important;padding-left: 25px !important;}&#8221; responsive_styles=&#8221;padding_top_mobile:80&#8243;]<div class=\"dfd-heading-shortcode\"><div class=\"dfd-heading-module-wrap  text-left style_01 dfd-heading-69f273bd17c37 dfd-enable-resposive-headings\" id=\"dfd-heading-69f273bd17c37\" ><div class=\"inline-block\"><div class=\"dfd-heading-module\"><div class=\"widget-title dfd-title block-title\" style=\"font-size: 25px; font-family: MontserratBold; color: #000000 !important; line-height: 32px; letter-spacing: 0px; \">Vedi anche<\/div><\/div><\/div><\/div><script type=\"text\/javascript\">\r\n\t\t\t\t\t\t\t\t\t(function($) {\r\n\t\t\t\t\t\t\t\t\t\t$(\"head\").append(\"<style>.dfd-heading-69f273bd17c37 .dfd-heading-module .widget-title {margin-bottom:15px;}.dfd-heading-69f273bd17c37.dfd-heading-module-wrap .dfd-heading-module .dfd-heading-delimiter {margin-top:10px;margin-bottom:10px;}<\/style>\");\r\n\t\t\t\t\t\t\t\t\t})(jQuery);\r\n\t\t\t\t\t\t\t\t<\/script><\/div>[vc_row_inner][vc_column_inner css=&#8221;.vc_custom_1583843692171{padding-top: 25px !important;}&#8221; col_inner_shadow=&#8221;box_shadow_enable:disable|shadow_horizontal:0|shadow_vertical:15|shadow_blur:50|shadow_spread:0|box_shadow_color:rgba(0%2C0%2C0%2C0.35)&#8221; col_inner_shadow_hover=&#8221;box_shadow_enable:disable|shadow_horizontal:0|shadow_vertical:15|shadow_blur:50|shadow_spread:0|box_shadow_color:rgba(0%2C0%2C0%2C0.35)&#8221;]<div id=\"idinfobox69f273bd17d42\" class=\"dfd-info-box clearfix style-01 layout-04  idinfobox69f273bd17d42 cr-animate-gen\" data-animate-item=\".dfd-animate-container\" data-animate-type = \"transition.slideUpIn\" ><div class=\"dfd-animate-container\"><div class=\"icon-wrapper\"><div class=\"module-icon\" style=\"border-radius:px;font-size:65px;\"><div class=\"hover-layer\" ><\/div><img decoding=\"async\" src=\"https:\/\/solarchitecture.ch\/wp-content\/uploads\/2022\/11\/ECH_Logo_EN_CMYK_Square-130x130.jpg\" alt=\"Image icon\" style=\"width: 65px;opacity: 1;\" \/><\/div><\/div><div class=\"content-wrap ovh\"><div class=\"info-box-title feature-title\" style=\"font-size: 14px; font-family: MontserratBold; color: #000000 !important; line-height: 20px; \">SvizzeraEnergia<\/div><div class=\"info-box-subtitle subtitle\" style=\"font-size: 14px; font-family: MontserratRegular; color: #000000 !important; line-height: 20px; font-style:italic; \">Visita la pagina<\/div><div class=\"description\" style=\"\"><\/div><\/div><a href=\"https:\/\/www.svizzeraenergia.ch\/edifici\/architettura-solare\/?pk_vid=d2328a7ed218f00316685953057a47bd\"  target=\"_blank\" class=\"full-box-link\"><\/a><\/div><\/div><div id=\"idinfobox69f273bd19b92\" class=\"dfd-info-box clearfix style-01 layout-04  idinfobox69f273bd19b92 cr-animate-gen\" data-animate-item=\".dfd-animate-container\" data-animate-type = \"transition.slideUpIn\" ><div class=\"dfd-animate-container\"><div class=\"icon-wrapper\"><div class=\"module-icon\" style=\"border-radius:px;font-size:65px;\"><div class=\"hover-layer\" ><\/div><img decoding=\"async\" src=\"https:\/\/solarchitecture.ch\/wp-content\/uploads\/2022\/11\/sonnen-fassade-130x130.jpg\" alt=\"Image icon\" style=\"width: 65px;opacity: 1;\" \/><\/div><\/div><div class=\"content-wrap ovh\"><div class=\"info-box-title feature-title\" style=\"font-size: 14px; font-family: MontserratBold; color: #000000 !important; line-height: 20px; \">facciatasolare.ch<\/div><div class=\"info-box-subtitle subtitle\" style=\"font-size: 14px; font-family: MontserratRegular; color: #000000 !important; line-height: 20px; font-style:italic; \">Visita la pagina<\/div><div class=\"description\" style=\"\"><\/div><\/div><a href=\"https:\/\/www.uvek-gis.admin.ch\/BFE\/sonnenfassade\/?lang=it\"  target=\"_blank\" class=\"full-box-link\"><\/a><\/div><\/div><div id=\"idinfobox69f273bd1a7cf\" class=\"dfd-info-box clearfix style-01 layout-04  idinfobox69f273bd1a7cf cr-animate-gen\" data-animate-item=\".dfd-animate-container\" data-animate-type = \"transition.slideUpIn\" ><div class=\"dfd-animate-container\"><div class=\"icon-wrapper\"><div class=\"module-icon\" style=\"border-radius:px;font-size:65px;\"><div class=\"hover-layer\" ><\/div><img decoding=\"async\" src=\"https:\/\/solarchitecture.ch\/wp-content\/uploads\/2020\/02\/brochures_v2-130x130.jpg\" alt=\"Image icon\" style=\"width: 65px;opacity: 1;\" \/><\/div><\/div><div class=\"content-wrap ovh\"><div class=\"info-box-title feature-title\" style=\"font-size: 14px; font-family: MontserratBold; color: #000000 !important; line-height: 20px; \">Architettura solare. Adesso e per il futuro<\/div><div class=\"info-box-subtitle subtitle\" style=\"font-size: 14px; font-family: MontserratRegular; color: #000000 !important; line-height: 20px; font-style:italic; \">Download PDF (EN)<\/div><div class=\"description\" style=\"\"><\/div><\/div><a href=\"https:\/\/solarchitecture.ch\/solar-architecture-now-and-for-the-future\/\"  target=\"_blank\" class=\"full-box-link\"><\/a><\/div><\/div><div id=\"idinfobox69f273bd1b32d\" class=\"dfd-info-box clearfix style-01 layout-04  idinfobox69f273bd1b32d cr-animate-gen\" data-animate-item=\".dfd-animate-container\" data-animate-type = \"transition.slideUpIn\" ><div class=\"dfd-animate-container\"><div class=\"icon-wrapper\"><div class=\"module-icon\" style=\"border-radius:px;font-size:65px;\"><div class=\"hover-layer\" ><\/div><img decoding=\"async\" src=\"https:\/\/solarchitecture.ch\/wp-content\/uploads\/2022\/11\/Logo-admin-CH-130x130.png\" alt=\"Image icon\" style=\"width: 65px;opacity: 1;\" \/><\/div><\/div><div class=\"content-wrap ovh\"><div class=\"info-box-title feature-title\" style=\"font-size: 14px; font-family: MontserratBold; color: #000000 !important; line-height: 20px; \">Opuscolo - Architettura solare. Adesso e per il futuro<\/div><div class=\"info-box-subtitle subtitle\" style=\"font-size: 14px; font-family: MontserratRegular; color: #000000 !important; line-height: 20px; font-style:italic; \">Download PDF<\/div><div class=\"description\" style=\"\"><\/div><\/div><a href=\"https:\/\/solarchitecture.ch\/wp-content\/uploads\/2022\/11\/10642-ECH-Merkblatt-Solarenergie_Raumplanungsgesetz_RPG-IT.pdf\"  target=\"_blank\" class=\"full-box-link\"><\/a><\/div><\/div>[\/vc_column_inner][\/vc_row_inner]<div class=\"dfd-spacer-module\"  data-units=\"px\" data-wide_resolution=\"1280\" data-wide_size=\"80\" data-normal_resolution=\"1024\" data-normal_size=\"80\" data-tablet_resolution=\"800\" data-tablet_size=\"80\" data-mobile_resolution=\"480\" data-mobile_size=\"80\" style=\"height: 80px;\"><\/div><div class=\"dfd-shar-module-cover\"><div class=\"dfd-new-share-module  text-left style-6 horizontal   \" ><div class=\"module module-entry-share\" id=\"dfd_share_69f273bd1be0f\"><ul class=\"module-entry-share-links-list rrssb-buttons\" data-directory=\"https:\/\/solarchitecture.ch\/wp-content\/themes\/dfd-ronneby\"><li class=\"rrssb-facebook\"><a class=\"module-entry-share-link-facebook feature-title\" data-title=\"Solarchitecture\" data-url=\"https:\/\/solarchitecture.ch\" data-media=\"\" href=\"https:\/\/www.facebook.com\/sharer\/sharer.php?u=https:\/\/solarchitecture.ch\"  style=\"border-radius: 1px; font-size: 14px; \"><span class=\"dfd-share-icon\" style=\"width: 30px; height: 30px; line-height: 30px;\"><\/span><\/a><\/li><li class=\"rrssb-linkedin\"><a class=\"module-entry-share-link-linkedin feature-title\" data-title=\"Solarchitecture\" data-url=\"https:\/\/solarchitecture.ch\" data-media=\"\" href=\"http:\/\/www.linkedin.com\/shareArticle?mini=true&#038;url=https:\/\/solarchitecture.ch\"  style=\"border-radius: 1px; font-size: 14px; \"><span class=\"dfd-share-icon\" style=\"width: 30px; height: 30px; line-height: 30px;\"><\/span><\/a><\/li><li class=\"rrssb-pinterest\"><a class=\"module-entry-share-link-pinterest feature-title\" data-title=\"Solarchitecture\" data-url=\"https:\/\/solarchitecture.ch\" data-media=\"\" href=\"http:\/\/pinterest.com\/pin\/create\/button\/?url=https:\/\/solarchitecture.ch&#038;image_url=https:\/\/solarchitecture.ch\/wp-content\/uploads\/2022\/11\/photo-FFPBo_v1.png\"  style=\"border-radius: 1px; font-size: 14px; \"><span class=\"dfd-share-icon\" style=\"width: 30px; height: 30px; line-height: 30px;\"><\/span><\/a><\/li><\/ul><\/div><\/div>\t\t\t<script type=\"text\/javascript\">\r\n\t\t\t\t(function ($) {\r\n\t\t\t\t\t\"use strict\";\r\n\t\t\t\t\t$(document).ready(function () {\r\n\t\t\t\t\t\tvar $share_container = $('#dfd_share_69f273bd1be0f .module-entry-share-links-list li');\r\n\t\t\t\t\t\tvar parent = $share_container.parent().parent().parent();\r\n\t\t\t\t\t\tif ($share_container.length > 0) {\r\n\t\t\t\t\t\t\tvar scrollbarWidth;\r\n\t\t\t\t\t\t\tvar div = document.createElement('div');\r\n\t\t\t\t\t\t\tdiv.style.overflowY = 'scroll';\r\n\t\t\t\t\t\t\tdiv.style.width = '50px';\r\n\t\t\t\t\t\t\tdiv.style.height = '50px';\r\n\t\t\t\t\t\t\tdiv.style.visibility = 'hidden';\r\n\t\t\t\t\t\t\tdocument.body.appendChild(div);\r\n\t\t\t\t\t\t\tscrollbarWidth = div.offsetWidth - div.clientWidth;\r\n\t\t\t\t\t\t\tdocument.body.removeChild(div);\r\n\t\t\t\t\t\t\tvar setShareWidth = function () {\r\n\t\t\t\t\t\t\t\tif (($(window).width() + scrollbarWidth) >= 800) {\r\n\t\t\t\t\t\t\t\t\tif (parent.hasClass(\"style-6\") || parent.hasClass(\"style-7\") || parent.hasClass(\"vertical\")) {\r\n\t\t\t\t\t\t\t\t\t\t$share_container.width('auto');\r\n\t\t\t\t\t\t\t\t\t} else {\r\n\t\t\t\t\t\t\t\t\t\t$share_container.dfdEqWidth();\r\n\t\t\t\t\t\t\t\t\t}\r\n\t\t\t\t\t\t\t\t} else {\r\n\t\t\t\t\t\t\t\t\tif (parent.hasClass(\"style-6\") || parent.hasClass(\"style-7\") || parent.hasClass(\"vertical\")) {\r\n\t\t\t\t\t\t\t\t\t\t$share_container.width('auto');\r\n\t\t\t\t\t\t\t\t\t} else {\r\n\t\t\t\t\t\t\t\t\t\t$share_container.width('100%');\r\n\t\t\t\t\t\t\t\t\t}\r\n\t\t\t\t\t\t\t\t}\r\n\t\t\t\t\t\t\t};\r\n\t\t\t\t\t\t\tsetShareWidth();\r\n\t\t\t\t\t\t\t$(window).resize(setShareWidth);\r\n\t\t\t\t\t\t}\r\n\t\t\t\t\t});\r\n\t\t\t\t\t\t\t\t\t$('head').append('<style type=\"text\/css\">.dfd-new-share-module.style-6 #dfd_share_69f273bd1be0f ul li a {border-style: solid;border-width: 1px;border-color: #000000;background: #ffffff;color: #000000;}<\/style>');\r\n\t\t\t\t\t\t\t})(jQuery);\r\n\t\t\t<\/script>\r\n\r\n\t\t\t<\/div>[\/vc_column][\/vc_row][vc_row][vc_column]<div class=\"dfd-spacer-module\"  data-units=\"px\" data-wide_resolution=\"1280\" data-wide_size=\"100\" data-normal_resolution=\"1024\" data-normal_size=\"100\" data-tablet_resolution=\"800\" data-tablet_size=\"100\" data-mobile_resolution=\"480\" data-mobile_size=\"100\" style=\"height: 100px;\"><\/div>[\/vc_column][\/vc_row]<\/p>\n<\/div>","protected":false},"excerpt":{"rendered":"<p>[vc_row][vc_column offset=&#8221;vc_hidden-lg vc_hidden-md vc_hidden-sm vc_hidden-xs&#8221;][vc_acf field_group=&#8221;30126&#8243; field_from_30126=&#8221;field_5c079de146ee1&#8243;][\/vc_column][\/vc_row][vc_row][vc_column][\/vc_column][\/vc_row][vc_row][vc_column width=&#8221;3\/4&#8243; dfd_column_responsive_enable=&#8221;dfd-column-responsive-enable&#8221; css=&#8221;.vc_custom_1548941680917{border-right-width: 1px !important;padding-right: 25px !important;padding-left: 25px !important;border-right-color: #000000 !important;border-right-style: solid !important;}&#8221; responsive_styles=&#8221;border_right_mobile:0&#8243;][vc_column_text css=&#8221;.vc_custom_1668069514577{padding-bottom: 30px !important;}&#8221;]14 Novembre 2022[\/vc_column_text][vc_single_image image=&#8221;48560&#8243; img_size=&#8221;full&#8221;][vc_column_text css=&#8221;.vc_custom_1668069757627{padding-top: 10px<\/p>\n","protected":false},"author":2021,"featured_media":52888,"comment_status":"closed","ping_status":"closed","sticky":false,"template":"","format":"standard","meta":{"_acf_changed":false,"inline_featured_image":false,"footnotes":""},"categories":[458],"tags":[],"class_list":["post-53039","post","type-post","status-publish","format-standard","has-post-thumbnail","hentry","category-news-it"],"acf":[],"yoast_head":"<!-- This site is optimized with the Yoast SEO plugin v26.7 - https:\/\/yoast.com\/wordpress\/plugins\/seo\/ -->\n<title>Sfruttare al massimo il potenziale solare - Solarchitecture<\/title>\n<meta name=\"robots\" content=\"index, follow, max-snippet:-1, max-image-preview:large, max-video-preview:-1\" \/>\n<link rel=\"canonical\" href=\"https:\/\/solarchitecture.ch\/it\/sfruttare-al-massimo-il-potenziale-solare\/\" \/>\n<meta property=\"og:locale\" content=\"it_IT\" \/>\n<meta property=\"og:type\" content=\"article\" \/>\n<meta property=\"og:title\" content=\"Sfruttare al massimo il potenziale solare - Solarchitecture\" \/>\n<meta property=\"og:description\" content=\"[vc_row][vc_column offset=&#8221;vc_hidden-lg vc_hidden-md vc_hidden-sm vc_hidden-xs&#8221;][vc_acf field_group=&#8221;30126&#8243; field_from_30126=&#8221;field_5c079de146ee1&#8243;][\/vc_column][\/vc_row][vc_row][vc_column][\/vc_column][\/vc_row][vc_row][vc_column width=&#8221;3\/4&#8243; dfd_column_responsive_enable=&#8221;dfd-column-responsive-enable&#8221; css=&#8221;.vc_custom_1548941680917{border-right-width: 1px !important;padding-right: 25px !important;padding-left: 25px !important;border-right-color: #000000 !important;border-right-style: solid !important;}&#8221; responsive_styles=&#8221;border_right_mobile:0&#8243;][vc_column_text css=&#8221;.vc_custom_1668069514577{padding-bottom: 30px !important;}&#8221;]14 Novembre 2022[\/vc_column_text][vc_single_image image=&#8221;48560&#8243; img_size=&#8221;full&#8221;][vc_column_text css=&#8221;.vc_custom_1668069757627{padding-top: 10px\" \/>\n<meta property=\"og:url\" content=\"https:\/\/solarchitecture.ch\/it\/sfruttare-al-massimo-il-potenziale-solare\/\" \/>\n<meta property=\"og:site_name\" content=\"Solarchitecture\" \/>\n<meta property=\"article:published_time\" content=\"2022-11-16T10:44:17+00:00\" \/>\n<meta property=\"article:modified_time\" content=\"2022-11-21T14:18:00+00:00\" \/>\n<meta property=\"og:image\" content=\"https:\/\/solarchitecture.ch\/wp-content\/uploads\/2022\/11\/photo-FFPBo_v1.png\" \/>\n\t<meta property=\"og:image:width\" content=\"1052\" \/>\n\t<meta property=\"og:image:height\" content=\"664\" \/>\n\t<meta property=\"og:image:type\" content=\"image\/png\" \/>\n<meta name=\"author\" content=\"Solar Architecture\" \/>\n<meta name=\"twitter:card\" content=\"summary_large_image\" \/>\n<meta name=\"twitter:label1\" content=\"Scritto da\" \/>\n\t<meta name=\"twitter:data1\" content=\"Solar Architecture\" \/>\n\t<meta name=\"twitter:label2\" content=\"Tempo di lettura stimato\" \/>\n\t<meta name=\"twitter:data2\" content=\"7 minuti\" \/>\n<script type=\"application\/ld+json\" class=\"yoast-schema-graph\">{\"@context\":\"https:\/\/schema.org\",\"@graph\":[{\"@type\":\"Article\",\"@id\":\"https:\/\/solarchitecture.ch\/it\/sfruttare-al-massimo-il-potenziale-solare\/#article\",\"isPartOf\":{\"@id\":\"https:\/\/solarchitecture.ch\/it\/sfruttare-al-massimo-il-potenziale-solare\/\"},\"author\":{\"name\":\"Solar Architecture\",\"@id\":\"https:\/\/solarchitecture.ch\/it\/#\/schema\/person\/9574b0ccd534aeaa599ef02f64445744\"},\"headline\":\"Sfruttare al massimo il potenziale solare\",\"datePublished\":\"2022-11-16T10:44:17+00:00\",\"dateModified\":\"2022-11-21T14:18:00+00:00\",\"mainEntityOfPage\":{\"@id\":\"https:\/\/solarchitecture.ch\/it\/sfruttare-al-massimo-il-potenziale-solare\/\"},\"wordCount\":2046,\"publisher\":{\"@id\":\"https:\/\/solarchitecture.ch\/it\/#organization\"},\"image\":{\"@id\":\"https:\/\/solarchitecture.ch\/it\/sfruttare-al-massimo-il-potenziale-solare\/#primaryimage\"},\"thumbnailUrl\":\"https:\/\/solarchitecture.ch\/wp-content\/uploads\/2022\/11\/photo-FFPBo_v1.png\",\"articleSection\":[\"News\"],\"inLanguage\":\"it-IT\"},{\"@type\":\"WebPage\",\"@id\":\"https:\/\/solarchitecture.ch\/it\/sfruttare-al-massimo-il-potenziale-solare\/\",\"url\":\"https:\/\/solarchitecture.ch\/it\/sfruttare-al-massimo-il-potenziale-solare\/\",\"name\":\"Sfruttare al massimo il potenziale solare - Solarchitecture\",\"isPartOf\":{\"@id\":\"https:\/\/solarchitecture.ch\/it\/#website\"},\"primaryImageOfPage\":{\"@id\":\"https:\/\/solarchitecture.ch\/it\/sfruttare-al-massimo-il-potenziale-solare\/#primaryimage\"},\"image\":{\"@id\":\"https:\/\/solarchitecture.ch\/it\/sfruttare-al-massimo-il-potenziale-solare\/#primaryimage\"},\"thumbnailUrl\":\"https:\/\/solarchitecture.ch\/wp-content\/uploads\/2022\/11\/photo-FFPBo_v1.png\",\"datePublished\":\"2022-11-16T10:44:17+00:00\",\"dateModified\":\"2022-11-21T14:18:00+00:00\",\"breadcrumb\":{\"@id\":\"https:\/\/solarchitecture.ch\/it\/sfruttare-al-massimo-il-potenziale-solare\/#breadcrumb\"},\"inLanguage\":\"it-IT\",\"potentialAction\":[{\"@type\":\"ReadAction\",\"target\":[\"https:\/\/solarchitecture.ch\/it\/sfruttare-al-massimo-il-potenziale-solare\/\"]}]},{\"@type\":\"ImageObject\",\"inLanguage\":\"it-IT\",\"@id\":\"https:\/\/solarchitecture.ch\/it\/sfruttare-al-massimo-il-potenziale-solare\/#primaryimage\",\"url\":\"https:\/\/solarchitecture.ch\/wp-content\/uploads\/2022\/11\/photo-FFPBo_v1.png\",\"contentUrl\":\"https:\/\/solarchitecture.ch\/wp-content\/uploads\/2022\/11\/photo-FFPBo_v1.png\",\"width\":1052,\"height\":664},{\"@type\":\"BreadcrumbList\",\"@id\":\"https:\/\/solarchitecture.ch\/it\/sfruttare-al-massimo-il-potenziale-solare\/#breadcrumb\",\"itemListElement\":[{\"@type\":\"ListItem\",\"position\":1,\"name\":\"Home\",\"item\":\"https:\/\/solarchitecture.ch\/it\/\"},{\"@type\":\"ListItem\",\"position\":2,\"name\":\"Sfruttare al massimo il potenziale solare\"}]},{\"@type\":\"WebSite\",\"@id\":\"https:\/\/solarchitecture.ch\/it\/#website\",\"url\":\"https:\/\/solarchitecture.ch\/it\/\",\"name\":\"Solarchitecture\",\"description\":\"Building solution\",\"publisher\":{\"@id\":\"https:\/\/solarchitecture.ch\/it\/#organization\"},\"potentialAction\":[{\"@type\":\"SearchAction\",\"target\":{\"@type\":\"EntryPoint\",\"urlTemplate\":\"https:\/\/solarchitecture.ch\/it\/?s={search_term_string}\"},\"query-input\":{\"@type\":\"PropertyValueSpecification\",\"valueRequired\":true,\"valueName\":\"search_term_string\"}}],\"inLanguage\":\"it-IT\"},{\"@type\":\"Organization\",\"@id\":\"https:\/\/solarchitecture.ch\/it\/#organization\",\"name\":\"Solarchitecture\",\"url\":\"https:\/\/solarchitecture.ch\/it\/\",\"logo\":{\"@type\":\"ImageObject\",\"inLanguage\":\"it-IT\",\"@id\":\"https:\/\/solarchitecture.ch\/it\/#\/schema\/logo\/image\/\",\"url\":\"https:\/\/solarchitecture.ch\/wp-content\/uploads\/2022\/07\/solarchitecture_logo.jpg\",\"contentUrl\":\"https:\/\/solarchitecture.ch\/wp-content\/uploads\/2022\/07\/solarchitecture_logo.jpg\",\"width\":312,\"height\":312,\"caption\":\"Solarchitecture\"},\"image\":{\"@id\":\"https:\/\/solarchitecture.ch\/it\/#\/schema\/logo\/image\/\"}},{\"@type\":\"Person\",\"@id\":\"https:\/\/solarchitecture.ch\/it\/#\/schema\/person\/9574b0ccd534aeaa599ef02f64445744\",\"name\":\"Solar Architecture\",\"image\":{\"@type\":\"ImageObject\",\"inLanguage\":\"it-IT\",\"@id\":\"https:\/\/solarchitecture.ch\/it\/#\/schema\/person\/image\/\",\"url\":\"https:\/\/secure.gravatar.com\/avatar\/5248fcb2bab99263f8f157f166bf6916de4582d008a551554fe906e623e4fda0?s=96&d=mm&r=g\",\"contentUrl\":\"https:\/\/secure.gravatar.com\/avatar\/5248fcb2bab99263f8f157f166bf6916de4582d008a551554fe906e623e4fda0?s=96&d=mm&r=g\",\"caption\":\"Solar Architecture\"},\"url\":\"https:\/\/solarchitecture.ch\/it\/author\/solar\/\"}]}<\/script>\n<!-- \/ Yoast SEO plugin. -->","yoast_head_json":{"title":"Sfruttare al massimo il potenziale solare - Solarchitecture","robots":{"index":"index","follow":"follow","max-snippet":"max-snippet:-1","max-image-preview":"max-image-preview:large","max-video-preview":"max-video-preview:-1"},"canonical":"https:\/\/solarchitecture.ch\/it\/sfruttare-al-massimo-il-potenziale-solare\/","og_locale":"it_IT","og_type":"article","og_title":"Sfruttare al massimo il potenziale solare - Solarchitecture","og_description":"[vc_row][vc_column offset=&#8221;vc_hidden-lg vc_hidden-md vc_hidden-sm vc_hidden-xs&#8221;][vc_acf field_group=&#8221;30126&#8243; field_from_30126=&#8221;field_5c079de146ee1&#8243;][\/vc_column][\/vc_row][vc_row][vc_column][\/vc_column][\/vc_row][vc_row][vc_column width=&#8221;3\/4&#8243; dfd_column_responsive_enable=&#8221;dfd-column-responsive-enable&#8221; css=&#8221;.vc_custom_1548941680917{border-right-width: 1px !important;padding-right: 25px !important;padding-left: 25px !important;border-right-color: #000000 !important;border-right-style: solid !important;}&#8221; responsive_styles=&#8221;border_right_mobile:0&#8243;][vc_column_text css=&#8221;.vc_custom_1668069514577{padding-bottom: 30px !important;}&#8221;]14 Novembre 2022[\/vc_column_text][vc_single_image image=&#8221;48560&#8243; img_size=&#8221;full&#8221;][vc_column_text css=&#8221;.vc_custom_1668069757627{padding-top: 10px","og_url":"https:\/\/solarchitecture.ch\/it\/sfruttare-al-massimo-il-potenziale-solare\/","og_site_name":"Solarchitecture","article_published_time":"2022-11-16T10:44:17+00:00","article_modified_time":"2022-11-21T14:18:00+00:00","og_image":[{"width":1052,"height":664,"url":"https:\/\/solarchitecture.ch\/wp-content\/uploads\/2022\/11\/photo-FFPBo_v1.png","type":"image\/png"}],"author":"Solar Architecture","twitter_card":"summary_large_image","twitter_misc":{"Scritto da":"Solar Architecture","Tempo di lettura stimato":"7 minuti"},"schema":{"@context":"https:\/\/schema.org","@graph":[{"@type":"Article","@id":"https:\/\/solarchitecture.ch\/it\/sfruttare-al-massimo-il-potenziale-solare\/#article","isPartOf":{"@id":"https:\/\/solarchitecture.ch\/it\/sfruttare-al-massimo-il-potenziale-solare\/"},"author":{"name":"Solar Architecture","@id":"https:\/\/solarchitecture.ch\/it\/#\/schema\/person\/9574b0ccd534aeaa599ef02f64445744"},"headline":"Sfruttare al massimo il potenziale solare","datePublished":"2022-11-16T10:44:17+00:00","dateModified":"2022-11-21T14:18:00+00:00","mainEntityOfPage":{"@id":"https:\/\/solarchitecture.ch\/it\/sfruttare-al-massimo-il-potenziale-solare\/"},"wordCount":2046,"publisher":{"@id":"https:\/\/solarchitecture.ch\/it\/#organization"},"image":{"@id":"https:\/\/solarchitecture.ch\/it\/sfruttare-al-massimo-il-potenziale-solare\/#primaryimage"},"thumbnailUrl":"https:\/\/solarchitecture.ch\/wp-content\/uploads\/2022\/11\/photo-FFPBo_v1.png","articleSection":["News"],"inLanguage":"it-IT"},{"@type":"WebPage","@id":"https:\/\/solarchitecture.ch\/it\/sfruttare-al-massimo-il-potenziale-solare\/","url":"https:\/\/solarchitecture.ch\/it\/sfruttare-al-massimo-il-potenziale-solare\/","name":"Sfruttare al massimo il potenziale solare - Solarchitecture","isPartOf":{"@id":"https:\/\/solarchitecture.ch\/it\/#website"},"primaryImageOfPage":{"@id":"https:\/\/solarchitecture.ch\/it\/sfruttare-al-massimo-il-potenziale-solare\/#primaryimage"},"image":{"@id":"https:\/\/solarchitecture.ch\/it\/sfruttare-al-massimo-il-potenziale-solare\/#primaryimage"},"thumbnailUrl":"https:\/\/solarchitecture.ch\/wp-content\/uploads\/2022\/11\/photo-FFPBo_v1.png","datePublished":"2022-11-16T10:44:17+00:00","dateModified":"2022-11-21T14:18:00+00:00","breadcrumb":{"@id":"https:\/\/solarchitecture.ch\/it\/sfruttare-al-massimo-il-potenziale-solare\/#breadcrumb"},"inLanguage":"it-IT","potentialAction":[{"@type":"ReadAction","target":["https:\/\/solarchitecture.ch\/it\/sfruttare-al-massimo-il-potenziale-solare\/"]}]},{"@type":"ImageObject","inLanguage":"it-IT","@id":"https:\/\/solarchitecture.ch\/it\/sfruttare-al-massimo-il-potenziale-solare\/#primaryimage","url":"https:\/\/solarchitecture.ch\/wp-content\/uploads\/2022\/11\/photo-FFPBo_v1.png","contentUrl":"https:\/\/solarchitecture.ch\/wp-content\/uploads\/2022\/11\/photo-FFPBo_v1.png","width":1052,"height":664},{"@type":"BreadcrumbList","@id":"https:\/\/solarchitecture.ch\/it\/sfruttare-al-massimo-il-potenziale-solare\/#breadcrumb","itemListElement":[{"@type":"ListItem","position":1,"name":"Home","item":"https:\/\/solarchitecture.ch\/it\/"},{"@type":"ListItem","position":2,"name":"Sfruttare al massimo il potenziale solare"}]},{"@type":"WebSite","@id":"https:\/\/solarchitecture.ch\/it\/#website","url":"https:\/\/solarchitecture.ch\/it\/","name":"Solarchitecture","description":"Building solution","publisher":{"@id":"https:\/\/solarchitecture.ch\/it\/#organization"},"potentialAction":[{"@type":"SearchAction","target":{"@type":"EntryPoint","urlTemplate":"https:\/\/solarchitecture.ch\/it\/?s={search_term_string}"},"query-input":{"@type":"PropertyValueSpecification","valueRequired":true,"valueName":"search_term_string"}}],"inLanguage":"it-IT"},{"@type":"Organization","@id":"https:\/\/solarchitecture.ch\/it\/#organization","name":"Solarchitecture","url":"https:\/\/solarchitecture.ch\/it\/","logo":{"@type":"ImageObject","inLanguage":"it-IT","@id":"https:\/\/solarchitecture.ch\/it\/#\/schema\/logo\/image\/","url":"https:\/\/solarchitecture.ch\/wp-content\/uploads\/2022\/07\/solarchitecture_logo.jpg","contentUrl":"https:\/\/solarchitecture.ch\/wp-content\/uploads\/2022\/07\/solarchitecture_logo.jpg","width":312,"height":312,"caption":"Solarchitecture"},"image":{"@id":"https:\/\/solarchitecture.ch\/it\/#\/schema\/logo\/image\/"}},{"@type":"Person","@id":"https:\/\/solarchitecture.ch\/it\/#\/schema\/person\/9574b0ccd534aeaa599ef02f64445744","name":"Solar Architecture","image":{"@type":"ImageObject","inLanguage":"it-IT","@id":"https:\/\/solarchitecture.ch\/it\/#\/schema\/person\/image\/","url":"https:\/\/secure.gravatar.com\/avatar\/5248fcb2bab99263f8f157f166bf6916de4582d008a551554fe906e623e4fda0?s=96&d=mm&r=g","contentUrl":"https:\/\/secure.gravatar.com\/avatar\/5248fcb2bab99263f8f157f166bf6916de4582d008a551554fe906e623e4fda0?s=96&d=mm&r=g","caption":"Solar Architecture"},"url":"https:\/\/solarchitecture.ch\/it\/author\/solar\/"}]}},"_links":{"self":[{"href":"https:\/\/solarchitecture.ch\/it\/wp-json\/wp\/v2\/posts\/53039","targetHints":{"allow":["GET"]}}],"collection":[{"href":"https:\/\/solarchitecture.ch\/it\/wp-json\/wp\/v2\/posts"}],"about":[{"href":"https:\/\/solarchitecture.ch\/it\/wp-json\/wp\/v2\/types\/post"}],"author":[{"embeddable":true,"href":"https:\/\/solarchitecture.ch\/it\/wp-json\/wp\/v2\/users\/2021"}],"replies":[{"embeddable":true,"href":"https:\/\/solarchitecture.ch\/it\/wp-json\/wp\/v2\/comments?post=53039"}],"version-history":[{"count":40,"href":"https:\/\/solarchitecture.ch\/it\/wp-json\/wp\/v2\/posts\/53039\/revisions"}],"predecessor-version":[{"id":53324,"href":"https:\/\/solarchitecture.ch\/it\/wp-json\/wp\/v2\/posts\/53039\/revisions\/53324"}],"wp:featuredmedia":[{"embeddable":true,"href":"https:\/\/solarchitecture.ch\/it\/wp-json\/wp\/v2\/media\/52888"}],"wp:attachment":[{"href":"https:\/\/solarchitecture.ch\/it\/wp-json\/wp\/v2\/media?parent=53039"}],"wp:term":[{"taxonomy":"category","embeddable":true,"href":"https:\/\/solarchitecture.ch\/it\/wp-json\/wp\/v2\/categories?post=53039"},{"taxonomy":"post_tag","embeddable":true,"href":"https:\/\/solarchitecture.ch\/it\/wp-json\/wp\/v2\/tags?post=53039"}],"curies":[{"name":"wp","href":"https:\/\/api.w.org\/{rel}","templated":true}]}}