{"id":60284,"date":"2024-07-29T09:00:17","date_gmt":"2024-07-29T07:00:17","guid":{"rendered":"https:\/\/solarchitecture.ch\/?p=60284"},"modified":"2024-10-09T11:24:33","modified_gmt":"2024-10-09T09:24:33","slug":"solaris-9","status":"publish","type":"post","link":"https:\/\/solarchitecture.ch\/fr\/solaris-9\/","title":{"rendered":"Solaris #9"},"content":{"rendered":"<div class=\"wpb-content-wrapper\"><p>[vc_row][vc_column offset=\u00a0\u00bbvc_hidden-lg vc_hidden-md vc_hidden-sm vc_hidden-xs\u00a0\u00bb]<\/p>\n<p>[vc_acf field_group=\u00a0\u00bb30126&Prime; field_from_30126=\u00a0\u00bbfield_5c079de146ee1&Prime;]<\/p>\n<p>[\/vc_column][\/vc_row][vc_row][vc_column]<\/p>\n<div class=\"dfd-spacer-module\"  data-units=\"px\" data-wide_resolution=\"1280\" data-wide_size=\"100\" data-normal_resolution=\"1024\" data-normal_size=\"100\" data-tablet_resolution=\"800\" data-tablet_size=\"50\" data-mobile_resolution=\"480\" data-mobile_size=\"50\" style=\"height: 100px;\"><\/div>\n<p>[\/vc_column][\/vc_row][vc_row][vc_column width=\u00a0\u00bb3\/4&Prime; dfd_column_responsive_enable=\u00a0\u00bbdfd-column-responsive-enable\u00a0\u00bb css=\u00a0\u00bb.vc_custom_1548941680917{border-right-width: 1px !important;padding-right: 25px !important;padding-left: 25px !important;border-right-color: #000000 !important;border-right-style: solid !important;}\u00a0\u00bb responsive_styles=\u00a0\u00bbborder_right_mobile:0&Prime;]<div class=\"dfd-heading-shortcode\"><div class=\"dfd-heading-module-wrap  text-left style_01 cr-animate-gen dfd-heading-69f23d5f93b75 dfd-enable-resposive-headings\" id=\"dfd-heading-69f23d5f93b75\" data-animate-type = \"transition.slideLeftIn\" ><div class=\"inline-block\"><div class=\"dfd-heading-module\"><div class=\"widget-title dfd-title block-title\" style=\"font-family:Montserrat; font-weight:700; font-style:normal; font-size: 35px; color: #000000 !important; line-height: 45px; letter-spacing: 0px; \">Solaris #9<\/div><\/div><\/div><\/div><script type=\"text\/javascript\">\r\n\t\t\t\t\t\t\t\t\t(function($) {\r\n\t\t\t\t\t\t\t\t\t\t$(\"head\").append(\"<style>.dfd-heading-69f23d5f93b75.dfd-heading-module-wrap .dfd-heading-module .dfd-heading-delimiter {margin-top:10px;margin-bottom:10px;}@media (max-width: 1279px) and (min-width: 1024px){.dfd-heading-69f23d5f93b75 .dfd-title{font-size: 40px !important;letter-spacing: 0px !important;line-height: 45px !important;}}@media (max-width: 1023px) and (min-width: 800px){.dfd-heading-69f23d5f93b75 .dfd-title{font-size: 35px !important;letter-spacing: 0px !important;line-height: 40px !important;}}@media (max-width: 799px){.dfd-heading-69f23d5f93b75 .dfd-title{font-size: 30px !important;letter-spacing: 0px !important;line-height: 35px !important;}}<\/style>\");\r\n\t\t\t\t\t\t\t\t\t})(jQuery);\r\n\t\t\t\t\t\t\t\t<\/script><\/div>[vc_column_text css=\u00a0\u00bb.vc_custom_1721054282487{padding-bottom: 30px !important;}\u00a0\u00bb]29 juillet 2024[\/vc_column_text][vc_single_image image=\u00a0\u00bb60297&Prime; img_size=\u00a0\u00bbfull\u00a0\u00bb css=\u00a0\u00bb\u00a0\u00bb][vc_column_text css=\u00a0\u00bb.vc_custom_1721054394595{padding-top: 10px !important;padding-bottom: 10px !important;}\u00a0\u00bb]<\/p>\n<h3 style=\"text-align: left;\">Des Bandeaux d\u2019all\u00e8ges inclin\u00e9s \u00e9quip\u00e9s de modules photovolta\u00efques comme nouvelle norme? Ici, l\u2019architecte B\u00fcrgi Burkhard von Euw \u00e0 Root pour un projet d\u2019\u00e9cole (mis en service en 2027). Source: CGI B\u00fcrgi Burkhard von Euw.<\/h3>\n<p>[\/vc_column_text][vc_column_text css=\u00a0\u00bb.vc_custom_1721054492699{padding-top: 25px !important;}\u00a0\u00bb]S\u00e9rie de publications de Hochparterre sur l\u2019architecture solaire \u2013 Juin 2024<\/p>\n<p>&nbsp;<\/p>\n<p><strong>\u201cDes ailes de papillon photovoltai\u00efques\u201d &#8211; Roger Boltshauser, architecte, page 27<\/strong><\/p>\n<p>&nbsp;<\/p>\n<ul>\n<li>Comment un nouveau standard na\u00eet de l\u2019\u00e9nergie solaire et du postmodernisme \u2013 page 2<\/li>\n<li>Roger Boltshauser \u00e0 propos de la technologie solaire comme \u00e9l\u00e9ment de conception\u2013 page 24<\/li>\n<li>Le bureau d\u2019architecture danois C.F. M\u00f8ller nous parle de ses b\u00e2timents solaires \u2013 page 32<\/li>\n<\/ul>\n<p>&nbsp;<\/p>\n<p>Les modules photovolta\u00efques inclin\u00e9s font actuelle- ment une entr\u00e9e remarqu\u00e9e. Sous la forme de bandeaux d\u2019all\u00e8ge, de panneaux de fa\u00e7ades, d\u2019avant-toits p\u00e9riph\u00e9riques ou de garde-corps de balcons ou de coursives, les projets de concours r\u00e9cents font la part belle aux modules photovolta\u00efques. Dans son article, Marcel B\u00e4chtiger \u00e9crit que \u00abce qui \u00e9tait il y a peu de temps encore un signe de sensibilit\u00e9 particuli\u00e8re aux enjeux climatiques et de ce fait, surtout pr\u00e9sent dans les projets audacieux de jeunes bureaux d\u2019architecture est, en deux ou trois ans, devenu la norme.\u00bb Serions-nous donc en pr\u00e9sence d\u2019un nouveau style architectural solaire?<\/p>\n<p>&nbsp;<\/p>\n<p>Ce num\u00e9ro explore cette tendance, depuis ses racines jusqu&rsquo;\u00e0 la r\u00e9colte de ses fruits.<\/p>\n<p>&nbsp;<\/p>\n<p>La publication est disponible en allemand, en fran\u00e7ais et en italien, en version imprim\u00e9e ou en format PDF.[\/vc_column_text][\/vc_column][vc_column width=\u00a0\u00bb1\/4&Prime; dfd_column_responsive_enable=\u00a0\u00bbdfd-column-responsive-enable\u00a0\u00bb css=\u00a0\u00bb.vc_custom_1548941751542{padding-right: 25px !important;padding-left: 25px !important;}\u00a0\u00bb responsive_styles=\u00a0\u00bbpadding_top_mobile:80&Prime;]<div class=\"dfd-heading-shortcode\"><div class=\"dfd-heading-module-wrap  text-left style_01 dfd-heading-69f23d5f93ce8 dfd-enable-resposive-headings\" id=\"dfd-heading-69f23d5f93ce8\" ><div class=\"inline-block\"><div class=\"dfd-heading-module\"><div class=\"widget-title dfd-title block-title\" style=\"font-size: 25px; font-family: MontserratBold; color: #000000 !important; line-height: 32px; letter-spacing: 0px; \">Voir aussi<\/div><\/div><\/div><\/div><script type=\"text\/javascript\">\r\n\t\t\t\t\t\t\t\t\t(function($) {\r\n\t\t\t\t\t\t\t\t\t\t$(\"head\").append(\"<style>.dfd-heading-69f23d5f93ce8 .dfd-heading-module .widget-title {margin-bottom:15px;}.dfd-heading-69f23d5f93ce8.dfd-heading-module-wrap .dfd-heading-module .dfd-heading-delimiter {margin-top:10px;margin-bottom:10px;}<\/style>\");\r\n\t\t\t\t\t\t\t\t\t})(jQuery);\r\n\t\t\t\t\t\t\t\t<\/script><\/div>[vc_row_inner][vc_column_inner css=\u00a0\u00bb.vc_custom_1583843692171{padding-top: 25px !important;}\u00a0\u00bb col_inner_shadow=\u00a0\u00bbbox_shadow_enable:disable|shadow_horizontal:0|shadow_vertical:15|shadow_blur:50|shadow_spread:0|box_shadow_color:rgba(0%2C0%2C0%2C0.35)\u00a0\u00bb col_inner_shadow_hover=\u00a0\u00bbbox_shadow_enable:disable|shadow_horizontal:0|shadow_vertical:15|shadow_blur:50|shadow_spread:0|box_shadow_color:rgba(0%2C0%2C0%2C0.35)\u00a0\u00bb]<div id=\"idinfobox69f23d5f93ddc\" class=\"dfd-info-box clearfix style-01 layout-04  idinfobox69f23d5f93ddc cr-animate-gen\" data-animate-item=\".dfd-animate-container\" data-animate-type = \"transition.slideUpIn\" ><div class=\"dfd-animate-container\"><div class=\"icon-wrapper\"><div class=\"module-icon\" style=\"border-radius:px;font-size:65px;\"><div class=\"hover-layer\" ><\/div><img decoding=\"async\" src=\"https:\/\/solarchitecture.ch\/wp-content\/uploads\/2020\/12\/hochparterre-logo-130x130.png\" alt=\"Image icon\" style=\"width: 65px;opacity: 1;\" \/><\/div><\/div><div class=\"content-wrap ovh\"><div class=\"info-box-title feature-title\" style=\"font-size: 14px; color: #000000 !important; line-height: 20px; \">Hochparterre  (DE)<\/div><div class=\"info-box-subtitle subtitle\" style=\"font-size: 14px; color: #000000 !important; line-height: 20px; font-style:italic; \"> Consultez la page<\/div><div class=\"description\" style=\"\"><\/div><\/div><a href=\"https:\/\/www.hochparterre.ch\/\"  target=\"_blank\" class=\"full-box-link\"><\/a><\/div><\/div><div id=\"idinfobox69f23d5f94550\" class=\"dfd-info-box clearfix style-01 layout-04  idinfobox69f23d5f94550 cr-animate-gen\" data-animate-item=\".dfd-animate-container\" data-animate-type = \"transition.slideUpIn\" ><div class=\"dfd-animate-container\"><div class=\"icon-wrapper\"><div class=\"module-icon\" style=\"border-radius:px;font-size:65px;\"><div class=\"hover-layer\" ><\/div><img decoding=\"async\" src=\"https:\/\/solarchitecture.ch\/wp-content\/uploads\/2024\/07\/preview-130x130.jpg\" alt=\"Image icon\" style=\"width: 65px;opacity: 1;\" \/><\/div><\/div><div class=\"content-wrap ovh\"><div class=\"info-box-title feature-title\" style=\"font-size: 14px; color: #000000 !important; line-height: 20px; \">Solaris #9<\/div><div class=\"info-box-subtitle subtitle\" style=\"font-size: 14px; color: #000000 !important; line-height: 20px; font-style:italic; \"> Consultez la page<\/div><div class=\"description\" style=\"\"><\/div><\/div><a href=\"https:\/\/shop.hochparterre.ch\/cms\/Artikel-Detail\/87062?itemID=TH-Sol9_fr\"  target=\"_blank\" class=\"full-box-link\"><\/a><\/div><\/div>[\/vc_column_inner][\/vc_row_inner]<div class=\"dfd-spacer-module\"  data-units=\"px\" data-wide_resolution=\"1280\" data-wide_size=\"80\" data-normal_resolution=\"1024\" data-normal_size=\"80\" data-tablet_resolution=\"800\" data-tablet_size=\"80\" data-mobile_resolution=\"480\" data-mobile_size=\"80\" style=\"height: 80px;\"><\/div><div class=\"dfd-shar-module-cover\"><div class=\"dfd-new-share-module  text-left style-6 horizontal   \" ><div class=\"module module-entry-share\" id=\"dfd_share_69f23d5f94b86\"><ul class=\"module-entry-share-links-list rrssb-buttons\" data-directory=\"https:\/\/solarchitecture.ch\/wp-content\/themes\/dfd-ronneby\"><li class=\"rrssb-facebook\"><a class=\"module-entry-share-link-facebook feature-title\" data-title=\"Solarchitecture\" data-url=\"https:\/\/solarchitecture.ch\" data-media=\"\" href=\"https:\/\/www.facebook.com\/sharer\/sharer.php?u=https:\/\/solarchitecture.ch\"  style=\"border-radius: 1px; font-size: 14px; \"><span class=\"dfd-share-icon\" style=\"width: 30px; height: 30px; line-height: 30px;\"><\/span><\/a><\/li><li class=\"rrssb-linkedin\"><a class=\"module-entry-share-link-linkedin feature-title\" data-title=\"Solarchitecture\" data-url=\"https:\/\/solarchitecture.ch\" data-media=\"\" href=\"http:\/\/www.linkedin.com\/shareArticle?mini=true&#038;url=https:\/\/solarchitecture.ch\"  style=\"border-radius: 1px; font-size: 14px; \"><span class=\"dfd-share-icon\" style=\"width: 30px; height: 30px; line-height: 30px;\"><\/span><\/a><\/li><li class=\"rrssb-pinterest\"><a class=\"module-entry-share-link-pinterest feature-title\" data-title=\"Solarchitecture\" data-url=\"https:\/\/solarchitecture.ch\" data-media=\"\" href=\"http:\/\/pinterest.com\/pin\/create\/button\/?url=https:\/\/solarchitecture.ch&#038;image_url=https:\/\/solarchitecture.ch\/wp-content\/uploads\/2024\/07\/Burgi-Burkhard-von-Euw_root_bauprojekt_aussen.jpg\"  style=\"border-radius: 1px; font-size: 14px; \"><span class=\"dfd-share-icon\" style=\"width: 30px; height: 30px; line-height: 30px;\"><\/span><\/a><\/li><\/ul><\/div><\/div>\t\t\t<script type=\"text\/javascript\">\r\n\t\t\t\t(function ($) {\r\n\t\t\t\t\t\"use strict\";\r\n\t\t\t\t\t$(document).ready(function () {\r\n\t\t\t\t\t\tvar $share_container = $('#dfd_share_69f23d5f94b86 .module-entry-share-links-list li');\r\n\t\t\t\t\t\tvar parent = $share_container.parent().parent().parent();\r\n\t\t\t\t\t\tif ($share_container.length > 0) {\r\n\t\t\t\t\t\t\tvar scrollbarWidth;\r\n\t\t\t\t\t\t\tvar div = document.createElement('div');\r\n\t\t\t\t\t\t\tdiv.style.overflowY = 'scroll';\r\n\t\t\t\t\t\t\tdiv.style.width = '50px';\r\n\t\t\t\t\t\t\tdiv.style.height = '50px';\r\n\t\t\t\t\t\t\tdiv.style.visibility = 'hidden';\r\n\t\t\t\t\t\t\tdocument.body.appendChild(div);\r\n\t\t\t\t\t\t\tscrollbarWidth = div.offsetWidth - div.clientWidth;\r\n\t\t\t\t\t\t\tdocument.body.removeChild(div);\r\n\t\t\t\t\t\t\tvar setShareWidth = function () {\r\n\t\t\t\t\t\t\t\tif (($(window).width() + scrollbarWidth) >= 800) {\r\n\t\t\t\t\t\t\t\t\tif (parent.hasClass(\"style-6\") || parent.hasClass(\"style-7\") || parent.hasClass(\"vertical\")) {\r\n\t\t\t\t\t\t\t\t\t\t$share_container.width('auto');\r\n\t\t\t\t\t\t\t\t\t} else {\r\n\t\t\t\t\t\t\t\t\t\t$share_container.dfdEqWidth();\r\n\t\t\t\t\t\t\t\t\t}\r\n\t\t\t\t\t\t\t\t} else {\r\n\t\t\t\t\t\t\t\t\tif (parent.hasClass(\"style-6\") || parent.hasClass(\"style-7\") || parent.hasClass(\"vertical\")) {\r\n\t\t\t\t\t\t\t\t\t\t$share_container.width('auto');\r\n\t\t\t\t\t\t\t\t\t} else {\r\n\t\t\t\t\t\t\t\t\t\t$share_container.width('100%');\r\n\t\t\t\t\t\t\t\t\t}\r\n\t\t\t\t\t\t\t\t}\r\n\t\t\t\t\t\t\t};\r\n\t\t\t\t\t\t\tsetShareWidth();\r\n\t\t\t\t\t\t\t$(window).resize(setShareWidth);\r\n\t\t\t\t\t\t}\r\n\t\t\t\t\t});\r\n\t\t\t\t\t\t\t\t\t$('head').append('<style type=\"text\/css\">.dfd-new-share-module.style-6 #dfd_share_69f23d5f94b86 ul li a {border-style: solid;border-width: 1px;border-color: #000000;background: #ffffff;color: #000000;}<\/style>');\r\n\t\t\t\t\t\t\t})(jQuery);\r\n\t\t\t<\/script>\r\n\r\n\t\t\t<\/div>[\/vc_column][\/vc_row][vc_row][vc_column]<\/p>\n<div class=\"dfd-spacer-module\"  data-units=\"px\" data-wide_resolution=\"1280\" data-wide_size=\"100\" data-normal_resolution=\"1024\" data-normal_size=\"100\" data-tablet_resolution=\"800\" data-tablet_size=\"100\" data-mobile_resolution=\"480\" data-mobile_size=\"100\" style=\"height: 100px;\"><\/div>\n<p>[\/vc_column][\/vc_row]<\/p>\n<\/div>","protected":false},"excerpt":{"rendered":"<p>Les modules photovolta\u00efques inclin\u00e9s font actuelle- ment une entr\u00e9e remarqu\u00e9e. Sous la forme de bandeaux d\u2019all\u00e8ge, de panneaux de fa\u00e7ades, d\u2019avant-toits p\u00e9riph\u00e9riques ou de&#8230;<\/p>\n","protected":false},"author":2021,"featured_media":60297,"comment_status":"closed","ping_status":"closed","sticky":false,"template":"","format":"standard","meta":{"_acf_changed":false,"inline_featured_image":false,"footnotes":""},"categories":[460],"tags":[],"class_list":["post-60284","post","type-post","status-publish","format-standard","has-post-thumbnail","hentry","category-formation"],"acf":[],"yoast_head":"<!-- This site is optimized with the Yoast SEO plugin v26.7 - https:\/\/yoast.com\/wordpress\/plugins\/seo\/ -->\n<title>Solaris #9 - Solarchitecture<\/title>\n<meta name=\"robots\" content=\"index, follow, max-snippet:-1, max-image-preview:large, max-video-preview:-1\" \/>\n<link rel=\"canonical\" href=\"https:\/\/solarchitecture.ch\/fr\/solaris-9\/\" \/>\n<meta property=\"og:locale\" content=\"fr_FR\" \/>\n<meta property=\"og:type\" content=\"article\" \/>\n<meta property=\"og:title\" content=\"Solaris #9 - Solarchitecture\" \/>\n<meta property=\"og:description\" content=\"Les modules photovolta\u00efques inclin\u00e9s font actuelle- ment une entr\u00e9e remarqu\u00e9e. Sous la forme de bandeaux d\u2019all\u00e8ge, de panneaux de fa\u00e7ades, d\u2019avant-toits p\u00e9riph\u00e9riques ou de...\" \/>\n<meta property=\"og:url\" content=\"https:\/\/solarchitecture.ch\/fr\/solaris-9\/\" \/>\n<meta property=\"og:site_name\" content=\"Solarchitecture\" \/>\n<meta property=\"article:published_time\" content=\"2024-07-29T07:00:17+00:00\" \/>\n<meta property=\"article:modified_time\" content=\"2024-10-09T09:24:33+00:00\" \/>\n<meta property=\"og:image\" content=\"https:\/\/solarchitecture.ch\/wp-content\/uploads\/2024\/07\/Burgi-Burkhard-von-Euw_root_bauprojekt_aussen.jpg\" \/>\n\t<meta property=\"og:image:width\" content=\"1920\" \/>\n\t<meta property=\"og:image:height\" content=\"1280\" \/>\n\t<meta property=\"og:image:type\" content=\"image\/jpeg\" \/>\n<meta name=\"author\" content=\"Solar Architecture\" \/>\n<meta name=\"twitter:card\" content=\"summary_large_image\" \/>\n<meta name=\"twitter:label1\" content=\"\u00c9crit par\" \/>\n\t<meta name=\"twitter:data1\" content=\"Solar Architecture\" \/>\n\t<meta name=\"twitter:label2\" content=\"Dur\u00e9e de lecture estim\u00e9e\" \/>\n\t<meta name=\"twitter:data2\" content=\"3 minutes\" \/>\n<script type=\"application\/ld+json\" class=\"yoast-schema-graph\">{\"@context\":\"https:\/\/schema.org\",\"@graph\":[{\"@type\":\"Article\",\"@id\":\"https:\/\/solarchitecture.ch\/fr\/solaris-9\/#article\",\"isPartOf\":{\"@id\":\"https:\/\/solarchitecture.ch\/fr\/solaris-9\/\"},\"author\":{\"name\":\"Solar Architecture\",\"@id\":\"https:\/\/solarchitecture.ch\/fr\/#\/schema\/person\/9574b0ccd534aeaa599ef02f64445744\"},\"headline\":\"Solaris #9\",\"datePublished\":\"2024-07-29T07:00:17+00:00\",\"dateModified\":\"2024-10-09T09:24:33+00:00\",\"mainEntityOfPage\":{\"@id\":\"https:\/\/solarchitecture.ch\/fr\/solaris-9\/\"},\"wordCount\":886,\"publisher\":{\"@id\":\"https:\/\/solarchitecture.ch\/fr\/#organization\"},\"image\":{\"@id\":\"https:\/\/solarchitecture.ch\/fr\/solaris-9\/#primaryimage\"},\"thumbnailUrl\":\"https:\/\/solarchitecture.ch\/wp-content\/uploads\/2024\/07\/Burgi-Burkhard-von-Euw_root_bauprojekt_aussen.jpg\",\"articleSection\":[\"Training\"],\"inLanguage\":\"fr-FR\"},{\"@type\":\"WebPage\",\"@id\":\"https:\/\/solarchitecture.ch\/fr\/solaris-9\/\",\"url\":\"https:\/\/solarchitecture.ch\/fr\/solaris-9\/\",\"name\":\"Solaris #9 - Solarchitecture\",\"isPartOf\":{\"@id\":\"https:\/\/solarchitecture.ch\/fr\/#website\"},\"primaryImageOfPage\":{\"@id\":\"https:\/\/solarchitecture.ch\/fr\/solaris-9\/#primaryimage\"},\"image\":{\"@id\":\"https:\/\/solarchitecture.ch\/fr\/solaris-9\/#primaryimage\"},\"thumbnailUrl\":\"https:\/\/solarchitecture.ch\/wp-content\/uploads\/2024\/07\/Burgi-Burkhard-von-Euw_root_bauprojekt_aussen.jpg\",\"datePublished\":\"2024-07-29T07:00:17+00:00\",\"dateModified\":\"2024-10-09T09:24:33+00:00\",\"breadcrumb\":{\"@id\":\"https:\/\/solarchitecture.ch\/fr\/solaris-9\/#breadcrumb\"},\"inLanguage\":\"fr-FR\",\"potentialAction\":[{\"@type\":\"ReadAction\",\"target\":[\"https:\/\/solarchitecture.ch\/fr\/solaris-9\/\"]}]},{\"@type\":\"ImageObject\",\"inLanguage\":\"fr-FR\",\"@id\":\"https:\/\/solarchitecture.ch\/fr\/solaris-9\/#primaryimage\",\"url\":\"https:\/\/solarchitecture.ch\/wp-content\/uploads\/2024\/07\/Burgi-Burkhard-von-Euw_root_bauprojekt_aussen.jpg\",\"contentUrl\":\"https:\/\/solarchitecture.ch\/wp-content\/uploads\/2024\/07\/Burgi-Burkhard-von-Euw_root_bauprojekt_aussen.jpg\",\"width\":1920,\"height\":1280},{\"@type\":\"BreadcrumbList\",\"@id\":\"https:\/\/solarchitecture.ch\/fr\/solaris-9\/#breadcrumb\",\"itemListElement\":[{\"@type\":\"ListItem\",\"position\":1,\"name\":\"Home\",\"item\":\"https:\/\/solarchitecture.ch\/fr\/\"},{\"@type\":\"ListItem\",\"position\":2,\"name\":\"Solaris #9\"}]},{\"@type\":\"WebSite\",\"@id\":\"https:\/\/solarchitecture.ch\/fr\/#website\",\"url\":\"https:\/\/solarchitecture.ch\/fr\/\",\"name\":\"Solarchitecture\",\"description\":\"Building solution\",\"publisher\":{\"@id\":\"https:\/\/solarchitecture.ch\/fr\/#organization\"},\"potentialAction\":[{\"@type\":\"SearchAction\",\"target\":{\"@type\":\"EntryPoint\",\"urlTemplate\":\"https:\/\/solarchitecture.ch\/fr\/?s={search_term_string}\"},\"query-input\":{\"@type\":\"PropertyValueSpecification\",\"valueRequired\":true,\"valueName\":\"search_term_string\"}}],\"inLanguage\":\"fr-FR\"},{\"@type\":\"Organization\",\"@id\":\"https:\/\/solarchitecture.ch\/fr\/#organization\",\"name\":\"Solarchitecture\",\"url\":\"https:\/\/solarchitecture.ch\/fr\/\",\"logo\":{\"@type\":\"ImageObject\",\"inLanguage\":\"fr-FR\",\"@id\":\"https:\/\/solarchitecture.ch\/fr\/#\/schema\/logo\/image\/\",\"url\":\"https:\/\/solarchitecture.ch\/wp-content\/uploads\/2022\/07\/solarchitecture_logo.jpg\",\"contentUrl\":\"https:\/\/solarchitecture.ch\/wp-content\/uploads\/2022\/07\/solarchitecture_logo.jpg\",\"width\":312,\"height\":312,\"caption\":\"Solarchitecture\"},\"image\":{\"@id\":\"https:\/\/solarchitecture.ch\/fr\/#\/schema\/logo\/image\/\"}},{\"@type\":\"Person\",\"@id\":\"https:\/\/solarchitecture.ch\/fr\/#\/schema\/person\/9574b0ccd534aeaa599ef02f64445744\",\"name\":\"Solar Architecture\",\"image\":{\"@type\":\"ImageObject\",\"inLanguage\":\"fr-FR\",\"@id\":\"https:\/\/solarchitecture.ch\/fr\/#\/schema\/person\/image\/\",\"url\":\"https:\/\/secure.gravatar.com\/avatar\/5248fcb2bab99263f8f157f166bf6916de4582d008a551554fe906e623e4fda0?s=96&d=mm&r=g\",\"contentUrl\":\"https:\/\/secure.gravatar.com\/avatar\/5248fcb2bab99263f8f157f166bf6916de4582d008a551554fe906e623e4fda0?s=96&d=mm&r=g\",\"caption\":\"Solar Architecture\"},\"url\":\"https:\/\/solarchitecture.ch\/fr\/author\/solar\/\"}]}<\/script>\n<!-- \/ Yoast SEO plugin. -->","yoast_head_json":{"title":"Solaris #9 - Solarchitecture","robots":{"index":"index","follow":"follow","max-snippet":"max-snippet:-1","max-image-preview":"max-image-preview:large","max-video-preview":"max-video-preview:-1"},"canonical":"https:\/\/solarchitecture.ch\/fr\/solaris-9\/","og_locale":"fr_FR","og_type":"article","og_title":"Solaris #9 - Solarchitecture","og_description":"Les modules photovolta\u00efques inclin\u00e9s font actuelle- ment une entr\u00e9e remarqu\u00e9e. Sous la forme de bandeaux d\u2019all\u00e8ge, de panneaux de fa\u00e7ades, d\u2019avant-toits p\u00e9riph\u00e9riques ou de...","og_url":"https:\/\/solarchitecture.ch\/fr\/solaris-9\/","og_site_name":"Solarchitecture","article_published_time":"2024-07-29T07:00:17+00:00","article_modified_time":"2024-10-09T09:24:33+00:00","og_image":[{"width":1920,"height":1280,"url":"https:\/\/solarchitecture.ch\/wp-content\/uploads\/2024\/07\/Burgi-Burkhard-von-Euw_root_bauprojekt_aussen.jpg","type":"image\/jpeg"}],"author":"Solar Architecture","twitter_card":"summary_large_image","twitter_misc":{"\u00c9crit par":"Solar Architecture","Dur\u00e9e de lecture estim\u00e9e":"3 minutes"},"schema":{"@context":"https:\/\/schema.org","@graph":[{"@type":"Article","@id":"https:\/\/solarchitecture.ch\/fr\/solaris-9\/#article","isPartOf":{"@id":"https:\/\/solarchitecture.ch\/fr\/solaris-9\/"},"author":{"name":"Solar Architecture","@id":"https:\/\/solarchitecture.ch\/fr\/#\/schema\/person\/9574b0ccd534aeaa599ef02f64445744"},"headline":"Solaris #9","datePublished":"2024-07-29T07:00:17+00:00","dateModified":"2024-10-09T09:24:33+00:00","mainEntityOfPage":{"@id":"https:\/\/solarchitecture.ch\/fr\/solaris-9\/"},"wordCount":886,"publisher":{"@id":"https:\/\/solarchitecture.ch\/fr\/#organization"},"image":{"@id":"https:\/\/solarchitecture.ch\/fr\/solaris-9\/#primaryimage"},"thumbnailUrl":"https:\/\/solarchitecture.ch\/wp-content\/uploads\/2024\/07\/Burgi-Burkhard-von-Euw_root_bauprojekt_aussen.jpg","articleSection":["Training"],"inLanguage":"fr-FR"},{"@type":"WebPage","@id":"https:\/\/solarchitecture.ch\/fr\/solaris-9\/","url":"https:\/\/solarchitecture.ch\/fr\/solaris-9\/","name":"Solaris #9 - Solarchitecture","isPartOf":{"@id":"https:\/\/solarchitecture.ch\/fr\/#website"},"primaryImageOfPage":{"@id":"https:\/\/solarchitecture.ch\/fr\/solaris-9\/#primaryimage"},"image":{"@id":"https:\/\/solarchitecture.ch\/fr\/solaris-9\/#primaryimage"},"thumbnailUrl":"https:\/\/solarchitecture.ch\/wp-content\/uploads\/2024\/07\/Burgi-Burkhard-von-Euw_root_bauprojekt_aussen.jpg","datePublished":"2024-07-29T07:00:17+00:00","dateModified":"2024-10-09T09:24:33+00:00","breadcrumb":{"@id":"https:\/\/solarchitecture.ch\/fr\/solaris-9\/#breadcrumb"},"inLanguage":"fr-FR","potentialAction":[{"@type":"ReadAction","target":["https:\/\/solarchitecture.ch\/fr\/solaris-9\/"]}]},{"@type":"ImageObject","inLanguage":"fr-FR","@id":"https:\/\/solarchitecture.ch\/fr\/solaris-9\/#primaryimage","url":"https:\/\/solarchitecture.ch\/wp-content\/uploads\/2024\/07\/Burgi-Burkhard-von-Euw_root_bauprojekt_aussen.jpg","contentUrl":"https:\/\/solarchitecture.ch\/wp-content\/uploads\/2024\/07\/Burgi-Burkhard-von-Euw_root_bauprojekt_aussen.jpg","width":1920,"height":1280},{"@type":"BreadcrumbList","@id":"https:\/\/solarchitecture.ch\/fr\/solaris-9\/#breadcrumb","itemListElement":[{"@type":"ListItem","position":1,"name":"Home","item":"https:\/\/solarchitecture.ch\/fr\/"},{"@type":"ListItem","position":2,"name":"Solaris #9"}]},{"@type":"WebSite","@id":"https:\/\/solarchitecture.ch\/fr\/#website","url":"https:\/\/solarchitecture.ch\/fr\/","name":"Solarchitecture","description":"Building solution","publisher":{"@id":"https:\/\/solarchitecture.ch\/fr\/#organization"},"potentialAction":[{"@type":"SearchAction","target":{"@type":"EntryPoint","urlTemplate":"https:\/\/solarchitecture.ch\/fr\/?s={search_term_string}"},"query-input":{"@type":"PropertyValueSpecification","valueRequired":true,"valueName":"search_term_string"}}],"inLanguage":"fr-FR"},{"@type":"Organization","@id":"https:\/\/solarchitecture.ch\/fr\/#organization","name":"Solarchitecture","url":"https:\/\/solarchitecture.ch\/fr\/","logo":{"@type":"ImageObject","inLanguage":"fr-FR","@id":"https:\/\/solarchitecture.ch\/fr\/#\/schema\/logo\/image\/","url":"https:\/\/solarchitecture.ch\/wp-content\/uploads\/2022\/07\/solarchitecture_logo.jpg","contentUrl":"https:\/\/solarchitecture.ch\/wp-content\/uploads\/2022\/07\/solarchitecture_logo.jpg","width":312,"height":312,"caption":"Solarchitecture"},"image":{"@id":"https:\/\/solarchitecture.ch\/fr\/#\/schema\/logo\/image\/"}},{"@type":"Person","@id":"https:\/\/solarchitecture.ch\/fr\/#\/schema\/person\/9574b0ccd534aeaa599ef02f64445744","name":"Solar Architecture","image":{"@type":"ImageObject","inLanguage":"fr-FR","@id":"https:\/\/solarchitecture.ch\/fr\/#\/schema\/person\/image\/","url":"https:\/\/secure.gravatar.com\/avatar\/5248fcb2bab99263f8f157f166bf6916de4582d008a551554fe906e623e4fda0?s=96&d=mm&r=g","contentUrl":"https:\/\/secure.gravatar.com\/avatar\/5248fcb2bab99263f8f157f166bf6916de4582d008a551554fe906e623e4fda0?s=96&d=mm&r=g","caption":"Solar Architecture"},"url":"https:\/\/solarchitecture.ch\/fr\/author\/solar\/"}]}},"_links":{"self":[{"href":"https:\/\/solarchitecture.ch\/fr\/wp-json\/wp\/v2\/posts\/60284","targetHints":{"allow":["GET"]}}],"collection":[{"href":"https:\/\/solarchitecture.ch\/fr\/wp-json\/wp\/v2\/posts"}],"about":[{"href":"https:\/\/solarchitecture.ch\/fr\/wp-json\/wp\/v2\/types\/post"}],"author":[{"embeddable":true,"href":"https:\/\/solarchitecture.ch\/fr\/wp-json\/wp\/v2\/users\/2021"}],"replies":[{"embeddable":true,"href":"https:\/\/solarchitecture.ch\/fr\/wp-json\/wp\/v2\/comments?post=60284"}],"version-history":[{"count":20,"href":"https:\/\/solarchitecture.ch\/fr\/wp-json\/wp\/v2\/posts\/60284\/revisions"}],"predecessor-version":[{"id":61281,"href":"https:\/\/solarchitecture.ch\/fr\/wp-json\/wp\/v2\/posts\/60284\/revisions\/61281"}],"wp:featuredmedia":[{"embeddable":true,"href":"https:\/\/solarchitecture.ch\/fr\/wp-json\/wp\/v2\/media\/60297"}],"wp:attachment":[{"href":"https:\/\/solarchitecture.ch\/fr\/wp-json\/wp\/v2\/media?parent=60284"}],"wp:term":[{"taxonomy":"category","embeddable":true,"href":"https:\/\/solarchitecture.ch\/fr\/wp-json\/wp\/v2\/categories?post=60284"},{"taxonomy":"post_tag","embeddable":true,"href":"https:\/\/solarchitecture.ch\/fr\/wp-json\/wp\/v2\/tags?post=60284"}],"curies":[{"name":"wp","href":"https:\/\/api.w.org\/{rel}","templated":true}]}}