{"id":56558,"date":"2023-09-01T14:25:50","date_gmt":"2023-09-01T12:25:50","guid":{"rendered":"https:\/\/solarchitecture.ch\/installations-solaires-et-plans-directeurs\/"},"modified":"2023-10-06T11:06:45","modified_gmt":"2023-10-06T09:06:45","slug":"installations-solaires-et-plans-directeurs","status":"publish","type":"post","link":"https:\/\/solarchitecture.ch\/fr\/installations-solaires-et-plans-directeurs\/","title":{"rendered":"Installations solaires et plans directeurs"},"content":{"rendered":"<div class=\"wpb-content-wrapper\"><p>[vc_row][vc_column offset=\u00a0\u00bbvc_hidden-lg vc_hidden-md vc_hidden-sm vc_hidden-xs\u00a0\u00bb][vc_acf field_group=\u00a0\u00bb30126&Prime; field_from_30126=\u00a0\u00bbfield_5c079de146ee1&Prime;][\/vc_column][\/vc_row][vc_row][vc_column]<div class=\"dfd-spacer-module\"  data-units=\"px\" data-wide_resolution=\"1280\" data-wide_size=\"100\" data-normal_resolution=\"1024\" data-normal_size=\"100\" data-tablet_resolution=\"800\" data-tablet_size=\"50\" data-mobile_resolution=\"480\" data-mobile_size=\"50\" style=\"height: 100px;\"><\/div>[\/vc_column][\/vc_row][vc_row][vc_column width=\u00a0\u00bb3\/4&Prime; dfd_column_responsive_enable=\u00a0\u00bbdfd-column-responsive-enable\u00a0\u00bb css=\u00a0\u00bb.vc_custom_1548941680917{border-right-width: 1px !important;padding-right: 25px !important;padding-left: 25px !important;border-right-color: #000000 !important;border-right-style: solid !important;}\u00a0\u00bb responsive_styles=\u00a0\u00bbborder_right_mobile:0&Prime;]<div class=\"dfd-heading-shortcode\"><div class=\"dfd-heading-module-wrap  text-left style_01 cr-animate-gen dfd-heading-69f273dceb6d1 dfd-enable-resposive-headings\" id=\"dfd-heading-69f273dceb6d1\" data-animate-type = \"transition.slideLeftIn\" ><div class=\"inline-block\"><div class=\"dfd-heading-module\"><div class=\"widget-title dfd-title block-title\" style=\"font-family:Montserrat; font-weight:700; font-style:normal; font-size: 35px; color: #000000 !important; line-height: 45px; letter-spacing: 0px; \">Installations solaires et plans directeurs<\/div><\/div><\/div><\/div><script type=\"text\/javascript\">\r\n\t\t\t\t\t\t\t\t\t(function($) {\r\n\t\t\t\t\t\t\t\t\t\t$(\"head\").append(\"<style>.dfd-heading-69f273dceb6d1.dfd-heading-module-wrap .dfd-heading-module .dfd-heading-delimiter {margin-top:10px;margin-bottom:10px;}@media (max-width: 1279px) and (min-width: 1024px){.dfd-heading-69f273dceb6d1 .dfd-title{font-size: 40px !important;letter-spacing: 0px !important;line-height: 45px !important;}}@media (max-width: 1023px) and (min-width: 800px){.dfd-heading-69f273dceb6d1 .dfd-title{font-size: 35px !important;letter-spacing: 0px !important;line-height: 40px !important;}}@media (max-width: 799px){.dfd-heading-69f273dceb6d1 .dfd-title{font-size: 30px !important;letter-spacing: 0px !important;line-height: 35px !important;}}<\/style>\");\r\n\t\t\t\t\t\t\t\t\t})(jQuery);\r\n\t\t\t\t\t\t\t\t<\/script><\/div>[vc_column_text css=\u00a0\u00bb.vc_custom_1685560912641{padding-bottom: 30px !important;}\u00a0\u00bb]1er juin 2023[\/vc_column_text][vc_single_image image=\u00a0\u00bb55634&Prime; img_size=\u00a0\u00bbfull\u00a0\u00bb][vc_column_text css=\u00a0\u00bb.vc_custom_1695321774068{padding-top: 10px !important;padding-bottom: 10px !important;}\u00a0\u00bb]<\/p>\n<h3 style=\"text-align: left;\">Orthophoto de Bedigliora (TI-CH), site d&rsquo;importance nationale inscrit \u00e0 l&rsquo;Inventaire f\u00e9d\u00e9ral des sites construits d&rsquo;importance nationale (ISOS). Source: Studio Habitat SA.<\/h3>\n<p>[\/vc_column_text][vc_column_text css=\u00a0\u00bb.vc_custom_1695322209150{padding-top: 25px !important;}\u00a0\u00bb]<em>Auteurs: P. Bonomo, I. Zanetti (ISAAC-SUPSI)<\/em><\/p>\n<p>&nbsp;<\/p>\n<p>Le 10 mai, un cours de mise \u00e0 jour a \u00e9t\u00e9 organis\u00e9 pour les communes et les professionnels sur le th\u00e8me de l&rsquo;int\u00e9gration des installations solaires dans les plans directeurs.<\/p>\n<p>&nbsp;<\/p>\n<p>Ce cours a \u00e9t\u00e9 organis\u00e9 conjointement par Swissolar, l&rsquo;association suisse des professionnels de l&rsquo;\u00e9nergie solaire, et le DACD de SUPSI, le d\u00e9partement de l&rsquo;environnement, de la construction et de l&rsquo;am\u00e9nagement, avec le soutien de SuisseEnergie et de l&rsquo;association TicinoEnergia.<\/p>\n<p>&nbsp;<\/p>\n<p>La croissance du photovolta\u00efque en Suisse est exponentielle. Fin 2022, il couvrait pr\u00e8s de 8 % de la consommation d&rsquo;\u00e9lectricit\u00e9 et les pr\u00e9visions indiquent qu&rsquo;il jouera un r\u00f4le encore plus important dans les d\u00e9cennies \u00e0 venir, dans l&rsquo;optique d&rsquo;un approvisionnement \u00e9nerg\u00e9tique plus s\u00fbr et plus durable, ainsi que plus respectueux du climat. Actuellement, 1.2 TWh\/an d&rsquo;\u00e9lectricit\u00e9 photovolta\u00efque est produite, alors qu&rsquo;elle devrait atteindre 33.6 TWh\/an en 2050.<\/p>\n<p>&nbsp;<\/p>\n<p>Pour de nombreuses raisons, il faut avant tout exploiter le potentiel d&rsquo;\u00e9nergie solaire disponible sur les toits et les fa\u00e7ades des b\u00e2timents existants, que la conf\u00e9d\u00e9ration estime \u00e0 67TWh\/an. Il est donc important que l&rsquo;expansion pr\u00e9vue n&rsquo;entre pas en conflit avec l&rsquo;am\u00e9nagement du territoire et qu&rsquo;elle tienne compte de la qualit\u00e9 de l&rsquo;habitat. Il est donc essentiel d&rsquo;\u00e9tablir un dialogue constructif entre ceux qui s&rsquo;occupent de la planification du territoire et de la conception des b\u00e2timents et ceux qui sont actifs dans la conception et la mise en \u0153uvre des projets de d\u00e9veloppement durable.<\/p>\n<p>&nbsp;<\/p>\n<p>La r\u00e9glementation suisse, en particulier la LAT (loi f\u00e9d\u00e9rale sur l&rsquo;am\u00e9nagement du territoire) et l&rsquo;OAT (ordonnance sur l&rsquo;am\u00e9nagement du territoire), d\u00e9finit les syst\u00e8mes solaires qui peuvent \u00eatre install\u00e9s sans permis de construire. Pour les syst\u00e8mes \u00ab\u00a0suffisamment adapt\u00e9s\u00a0\u00bb, seule une proc\u00e9dure de notification est requise pour la plupart des b\u00e2timents, \u00e0 condition que les dispositions de l&rsquo;article 32a al. 1 et 1bis de l&rsquo;OAT soient respect\u00e9es.<\/p>\n<p>&nbsp;<\/p>\n<p>Dans tous les autres cas ou si, par exemple, des installations solaires doivent \u00eatre construites sur des monuments culturels ou naturels d&rsquo;importance cantonale ou nationale ou dans des zones d\u00e9clar\u00e9es dignes de protection, un permis de construire est n\u00e9cessaire. Dans ce contexte, les installations solaires ne doivent pas porter atteinte de mani\u00e8re substantielle \u00e0 ces monuments.<\/p>\n<p>&nbsp;<\/p>\n<p>Dans tous les cas, les int\u00e9r\u00eats li\u00e9s \u00e0 l&rsquo;utilisation de l&rsquo;\u00e9nergie solaire dans les b\u00e2timents existants ou nouveaux pr\u00e9valent en principe sur les aspects esth\u00e9tiques, c&rsquo;est-\u00e0-dire que les prescriptions relatives \u00e0 l&rsquo;aspect ext\u00e9rieur ne doivent pas emp\u00eacher ou restreindre une telle exploitation.[\/vc_column_text]<div class=\"dfd-spacer-module\"  data-units=\"px\" data-wide_resolution=\"1280\" data-wide_size=\"10\" data-normal_resolution=\"1024\" data-normal_size=\"\" data-tablet_resolution=\"800\" data-tablet_size=\"\" data-mobile_resolution=\"480\" data-mobile_size=\"\" style=\"height: 10px;\"><\/div>[vc_column_text css=\u00a0\u00bb.vc_custom_1695357451912{padding-top: 25px !important;}\u00a0\u00bb]<strong>L\u2019\u00e9volution de la technologie<\/strong><\/p>\n<p>Au cours des 40 derni\u00e8res ann\u00e9es, l&rsquo;efficacit\u00e9 des modules photovolta\u00efques s&rsquo;est consid\u00e9rablement am\u00e9lior\u00e9e gr\u00e2ce aux d\u00e9veloppements technologiques et \u00e0 l&rsquo;exp\u00e9rience accumul\u00e9e par l&rsquo;industrie photovolta\u00efque. On est pass\u00e9s de modules ayant un rendement inf\u00e9rieur \u00e0 9 % (d\u00e9but des ann\u00e9es 1980) \u00e0 des produits ayant un rendement sup\u00e9rieur \u00e0 22 % (2023).<\/p>\n<p>&nbsp;<\/p>\n<p>Cela s&rsquo;explique par le fait que les cellules photovolta\u00efques ont fait l&rsquo;objet de nombreuses innovations technologiques. En outre, l&rsquo;optimisation des processus de production a permis de r\u00e9duire les co\u00fbts et d&rsquo;am\u00e9liorer l&rsquo;efficacit\u00e9 des modules photovolta\u00efques. L&rsquo;automatisation et l&rsquo;introduction de nouvelles technologies de fabrication ont permis une production \u00e0 grande \u00e9chelle plus efficace et plus pr\u00e9cise. En outre, l&rsquo;am\u00e9lioration des processus de traitement de silicium, l&rsquo;utilisation de techniques de traitement chimique et physique avanc\u00e9es et l&rsquo;optimisation des jonctions entre les mat\u00e9riaux ont jou\u00e9 un r\u00f4le crucial dans l&rsquo;augmentation de l&rsquo;efficacit\u00e9 globale.[\/vc_column_text]<div class=\"dfd-spacer-module\"  data-units=\"px\" data-wide_resolution=\"1280\" data-wide_size=\"10\" data-normal_resolution=\"1024\" data-normal_size=\"\" data-tablet_resolution=\"800\" data-tablet_size=\"\" data-mobile_resolution=\"480\" data-mobile_size=\"\" style=\"height: 10px;\"><\/div>[vc_single_image image=\u00a0\u00bb55657&Prime; img_size=\u00a0\u00bbfull\u00a0\u00bb]<div class=\"dfd-spacer-module\"  data-units=\"px\" data-wide_resolution=\"1280\" data-wide_size=\"10\" data-normal_resolution=\"1024\" data-normal_size=\"\" data-tablet_resolution=\"800\" data-tablet_size=\"\" data-mobile_resolution=\"480\" data-mobile_size=\"\" style=\"height: 10px;\"><\/div>[vc_column_text css=\u00a0\u00bb.vc_custom_1685562545423{padding-top: 10px !important;padding-bottom: 10px !important;}\u00a0\u00bb]<\/p>\n<h3 style=\"text-align: left;\">Les modules SunPower Maxeon sont parmi les produits ayant le plus haut rendement sur le march\u00e9 aujourd&rsquo;hui.<\/h3>\n<p>[\/vc_column_text][vc_column_text css=\u00a0\u00bb.vc_custom_1695357557379{padding-top: 25px !important;}\u00a0\u00bb]<strong>La couleur<\/strong><\/p>\n<p>La couleur des cellules photovolta\u00efques donne une flexibilit\u00e9 fondamentale \u00e0 l&rsquo;int\u00e9gration en influen\u00e7ant cependant l&rsquo;efficacit\u00e9 du module photovolta\u00efque. Par rapport \u00e0 un module conventionnel, il peut y avoir une r\u00e9duction de l&rsquo;efficacit\u00e9 de 5% \u00e0 30% en fonction de la couleur choisie et des techniques de traitement. Il faut cependant consid\u00e9rer que la possibilit\u00e9 d&rsquo;exploiter des surfaces plus grandes et des orientations diff\u00e9rentes permet de maximiser l&rsquo;autoconsommation par rapport aux solutions conventionnelles, ce qui augmente \u00e9galement la valeur \u00e9nerg\u00e9tique et \u00e9conomique.<\/p>\n<p>&nbsp;<\/p>\n<p>Les donn\u00e9es pr\u00e9sent\u00e9es dans le tableau suivant se r\u00e9f\u00e8rent aux r\u00e9sultats obtenus dans le cadre du projet ENHANCE. Il s&rsquo;agit d&rsquo;un projet financ\u00e9 par l&rsquo;Office f\u00e9d\u00e9ral de l&rsquo;\u00e9nergie, dont l&rsquo;objectif principal est d&rsquo;\u00e9valuer de nouvelles proc\u00e9dures d&rsquo;essai et leur incertitude de mesure, ainsi que de mettre en \u0153uvre de nouveaux \u00e9quipements ou d&rsquo;adapter les infrastructures d&rsquo;essai existantes \u00e0 de nouvelles solutions de modules avec des rendements \u00e9nerg\u00e9tiques plus \u00e9lev\u00e9s ou une valeur esth\u00e9tique plus importante. Par rapport aux valeurs indiqu\u00e9es dans la section pr\u00e9c\u00e9dente, celles mesur\u00e9es dans le cadre de ce projet sont plus \u00e9lev\u00e9es, mais il s&rsquo;agit en effet de produits sp\u00e9ciaux. Pour les produits color\u00e9s classiques, une r\u00e9duction de 5 \u00e0 30 % est valable.[\/vc_column_text]<div class=\"dfd-spacer-module\"  data-units=\"px\" data-wide_resolution=\"1280\" data-wide_size=\"10\" data-normal_resolution=\"1024\" data-normal_size=\"\" data-tablet_resolution=\"800\" data-tablet_size=\"\" data-mobile_resolution=\"480\" data-mobile_size=\"\" style=\"height: 10px;\"><\/div>[vc_single_image image=\u00a0\u00bb55612&Prime; img_size=\u00a0\u00bbfull\u00a0\u00bb][vc_column_text css=\u00a0\u00bb.vc_custom_1685563382290{padding-top: 10px !important;padding-bottom: 10px !important;}\u00a0\u00bb]<\/p>\n<h3 style=\"text-align: left;\">Pourcentage de perte par rapport \u00e0 un module standard. Source : Projet ENHANCE.<\/h3>\n<p>[\/vc_column_text]<div class=\"dfd-spacer-module\"  data-units=\"px\" data-wide_resolution=\"1280\" data-wide_size=\"10\" data-normal_resolution=\"1024\" data-normal_size=\"\" data-tablet_resolution=\"800\" data-tablet_size=\"\" data-mobile_resolution=\"480\" data-mobile_size=\"\" style=\"height: 10px;\"><\/div>[vc_column_text css=\u00a0\u00bb.vc_custom_1685563585064{padding-top: 25px !important;}\u00a0\u00bb]<strong>L\u2019importance du dialogue<\/strong><\/p>\n<p>Le dialogue entre les diff\u00e9rents acteurs est essentiel pour combiner le cadre juridique et les exigences de conception, harmoniser les aspects \u00e9nerg\u00e9tiques et esth\u00e9tiques, et rendre la technologie compatible avec les exigences de pr\u00e9servation. Alors que dans les zones b\u00e2ties et agricoles, sans crit\u00e8res particuliers de protection et de pr\u00e9servation des b\u00e2timents et\/ou du paysage, les proc\u00e9dures soient simplifi\u00e9es et ordinaires, les installations solaires dans les zones soumises \u00e0 protection au titre de monuments culturels ou naturels d&rsquo;importance cantonale ou nationale sont soumises \u00e0 des exigences en mati\u00e8re d\u2019autorisation. Malgr\u00e9 l&rsquo;approche conservatrice g\u00e9n\u00e9rale, dans le cas de solutions techniques, mat\u00e9rielles et chromatiques appropri\u00e9es, qui permettent aujourd&rsquo;hui de personnaliser les technologies solaires et donc de ne pas impacter le paysage des toits et de leurs environs, une int\u00e9gration respectueuse de la substance des b\u00e2timents traditionnels est possible.<\/p>\n<p>&nbsp;<\/p>\n<p>Au niveau tessinois, selon les statistiques bas\u00e9es sur les donn\u00e9es collect\u00e9es sur la p\u00e9riode quinquennale 2017-2022, seulement 5% des interventions pour l&rsquo;installation de syst\u00e8mes solaires sont pr\u00e9-annonc\u00e9es n\u00e9gativement, dont:<\/p>\n<p>&nbsp;<\/p>\n<ul>\n<li>2.7% concernent des zones de construction : toits des zones prot\u00e9g\u00e9s au niveau f\u00e9d\u00e9ral, b\u00e2timents avec toits en pierre subventionn\u00e9s, installation sur les fa\u00e7ades, au sol ou sur les murs;<\/li>\n<li>2.3 % concernent des travaux en dehors des zones \u00e0 b\u00e2tir : installation au sol ou sur des murs de sout\u00e8nement qualifiant le paysage.<\/li>\n<\/ul>\n<p>&nbsp;<\/p>\n<p>En effet, l&rsquo;article 102 de la loi sur le d\u00e9veloppement territorial indique que \u00ab\u00a0le paysage cantonal doit \u00eatre respect\u00e9, prot\u00e9g\u00e9 et mis en valeur, notamment en assurant sa vari\u00e9t\u00e9, sa qualit\u00e9 et son caract\u00e8re\u00a0\u00bb. Ces caract\u00e9ristiques se pr\u00eatent souvent \u00e0 des interpr\u00e9tations diff\u00e9rentes et il est donc important d&rsquo;\u00e9viter tout arbitraire afin d&rsquo;appliquer ces principes de mani\u00e8re proportionn\u00e9e sur la base de crit\u00e8res objectifs. Le contexte devient le point de r\u00e9f\u00e9rence, la m\u00eame intervention peut avoir un impact plus ou moins important selon le contexte, les exigences sont plus grandes lorsque la valeur qualitative est plus importante.[\/vc_column_text]<div class=\"dfd-spacer-module\"  data-units=\"px\" data-wide_resolution=\"1280\" data-wide_size=\"10\" data-normal_resolution=\"1024\" data-normal_size=\"\" data-tablet_resolution=\"800\" data-tablet_size=\"\" data-mobile_resolution=\"480\" data-mobile_size=\"\" style=\"height: 10px;\"><\/div>[vc_column_text css=\u00a0\u00bb.vc_custom_1695357982367{padding-top: 25px !important;}\u00a0\u00bb]<strong>Installations solaires dans les zones prot\u00e9g\u00e9es<\/strong><\/p>\n<p>Les sites historiques, qui correspondent au 2 % de la b\u00e2tie du canton du Tessin, sont des sites o\u00f9 la sauvegarde de l&rsquo;identit\u00e9 et des valeurs patrimoniales traditionnelles est g\u00e9n\u00e9ralement consid\u00e9r\u00e9e comme primordiale.<\/p>\n<p>&nbsp;<\/p>\n<p>La surface, la forme, la coh\u00e9rence linguistique et mat\u00e9rielle et les d\u00e9tails d&rsquo;une installation solaire construite dans ces contextes doivent en g\u00e9n\u00e9ral \u00eatre soigneusement planifi\u00e9s afin de garantir que les valeurs historiques encore pr\u00e9sentes ne soient pas compromises par la pr\u00e9sence de dispositifs uniquement destin\u00e9s \u00e0 la production d&rsquo;\u00e9nergie et non con\u00e7us pour l&rsquo;int\u00e9gration architecturale, comme c&rsquo;est le cas pour les installations solaires traditionnelles.<\/p>\n<p>Au vu du cadre l\u00e9gal et de la r\u00e9glementation, une attention particuli\u00e8re doit \u00eatre port\u00e9e aux sites ou p\u00e9rim\u00e8tres prot\u00e9g\u00e9s au niveau f\u00e9d\u00e9ral (inventaire ISOS) : la qualit\u00e9 de la construction, la visibilit\u00e9 de l&rsquo;ensemble des toitures et surtout la r\u00e9sultante des impacts des interventions individuelles doivent \u00eatre \u00e9valu\u00e9es.<\/p>\n<p>&nbsp;<\/p>\n<p>En mati\u00e8re de planification, l&rsquo;Office de la nature et du paysage soutient par principe les communes dans leurs choix et demande la mise \u00e0 jour des r\u00e8glements d&rsquo;urbanisme d\u00e9pass\u00e9s ou non conformes au cadre l\u00e9gal f\u00e9d\u00e9ral. Il estime \u00e9galement opportun de d\u00e9finir un cadre r\u00e9glementaire qui consid\u00e8re les \u00e9volutions technologiques (en pr\u00e9voyant des r\u00e9gimes de d\u00e9rogation appropri\u00e9s aux restrictions dans des cas justifi\u00e9s).<\/p>\n<p>&nbsp;<\/p>\n<p>Conform\u00e9ment \u00e0 la LAT, les sites ayant une grande valeur monumentale et o\u00f9 la conception des toitures dans le paysage d\u00e9finit un \u00e9l\u00e9ment de grande valeur paysag\u00e8re doivent \u00eatre prot\u00e9g\u00e9s. Dans ce cas le canton peut exiger des restrictions d&rsquo;installation, voire une interdiction totale.<\/p>\n<p>&nbsp;<\/p>\n<p>Lorsqu&rsquo;il existe une obligation de r\u00e9aliser des toits en pierre subventionn\u00e9s par le canton, la pose de syst\u00e8mes solaires sur les toits est en principe exclue. Dans ce cas, la commune est invit\u00e9e \u00e0 examiner l&rsquo;opportunit\u00e9 de solutions alternatives de nature collective (p. ex. chauffage \u00e0 distance) pour soutenir les habitants de cette zone.[\/vc_column_text]<div class=\"dfd-spacer-module\"  data-units=\"px\" data-wide_resolution=\"1280\" data-wide_size=\"10\" data-normal_resolution=\"1024\" data-normal_size=\"\" data-tablet_resolution=\"800\" data-tablet_size=\"\" data-mobile_resolution=\"480\" data-mobile_size=\"\" style=\"height: 10px;\"><\/div>[vc_single_image image=\u00a0\u00bb55616&Prime; img_size=\u00a0\u00bbfull\u00a0\u00bb][vc_column_text css=\u00a0\u00bb.vc_custom_1685563841615{padding-top: 10px !important;padding-bottom: 10px !important;}\u00a0\u00bb]<\/p>\n<h3 style=\"text-align: left;\">Morcote (TI), site d&rsquo;importance nationale. L&rsquo;Inventaire f\u00e9d\u00e9ral des sites construits d&rsquo;importance nationale (ISOS) r\u00e9pertorie et documente les sites les plus pr\u00e9cieux de Suisse. Photos : \u00a9 Suisse Tourisme \/ Doyenne+david&amp;kathrin.<\/h3>\n<p>[\/vc_column_text]<div class=\"dfd-spacer-module\"  data-units=\"px\" data-wide_resolution=\"1280\" data-wide_size=\"10\" data-normal_resolution=\"1024\" data-normal_size=\"\" data-tablet_resolution=\"800\" data-tablet_size=\"\" data-mobile_resolution=\"480\" data-mobile_size=\"\" style=\"height: 10px;\"><\/div>[vc_column_text css=\u00a0\u00bb.vc_custom_1695358364312{padding-top: 25px !important;}\u00a0\u00bb]<strong>Crit\u00e8res d&rsquo;installation dans les zones historiques<\/strong><\/p>\n<p>Depuis 2008, l&rsquo;installation de panneaux solaires est r\u00e9glement\u00e9e par la loi f\u00e9d\u00e9rale, dans le but de promouvoir leur utilisation comme source d&rsquo;\u00e9nergie renouvelable. L&rsquo;art. 18a de la loi f\u00e9d\u00e9rale sur l&rsquo;am\u00e9nagement du territoire (LAT), entr\u00e9e en vigueur dans sa forme actuelle le 1er mai 2014, stipule que dans les zones \u00e0 b\u00e2tir et agricoles, les installations solaires suffisamment adapt\u00e9es aux toitures ne n\u00e9cessitent aucune autorisation. En revanche, une autorisation devient indispensable lorsque les installations touchent des zones historiques, des monuments culturels ou naturels d&rsquo;importance cantonale ou f\u00e9d\u00e9rale.<\/p>\n<p>&nbsp;<\/p>\n<p>Lorsqu&rsquo;il n&rsquo;y a pas de valeurs historiques pr\u00e9pond\u00e9rantes et qu&rsquo;il n&rsquo;y a pas d&rsquo;interdictions au niveau de la planification, l&rsquo;installation est autoris\u00e9e. Toutefois, la situation du b\u00e2timent dans le paysage global de la zone centrale et la visibilit\u00e9 de la toiture elle-m\u00eame doivent \u00eatre soigneusement \u00e9valu\u00e9es. La surface et la forme de l&rsquo;installation doivent \u00eatre d\u00fbment prises en consid\u00e9ration ; en principe, le toit d&rsquo;origine et l&rsquo;aspect traditionnel doivent rester perceptibles.<\/p>\n<p>&nbsp;<\/p>\n<p>Le canton, par l&rsquo;interm\u00e9diaire de la section du d\u00e9veloppement territorial, a publi\u00e9 des lignes directrices qui codifient et rendent plus transparents les crit\u00e8res d&rsquo;\u00e9valuation de l&rsquo;autorit\u00e9, devenant ainsi un outil de planification utile.<\/p>\n<p>&nbsp;<\/p>\n<p><em>Surface<\/em><\/p>\n<ul>\n<li>l&rsquo;installation doit de pr\u00e9f\u00e9rence \u00eatre planifi\u00e9e selon une forme rectangulaire r\u00e9guli\u00e8re ;<\/li>\n<li>plusieurs surfaces ne sont pas exclues, mais l&rsquo;installation doit \u00eatre mise en place de mani\u00e8re ordonn\u00e9e dans le respect de la conception g\u00e9n\u00e9rale du toit ;<\/li>\n<li>la dimension totale de l&rsquo;installation par rapport \u00e0 celle de la toiture doit \u00eatre consid\u00e9r\u00e9e \u00e0 la lumi\u00e8re de la valeur historique et paysag\u00e8re du site central et de la conception g\u00e9n\u00e9rale de la toiture.<\/li>\n<\/ul>\n<p><em>M\u00e9thodes d&rsquo;installation<\/em><\/p>\n<ul>\n<li>int\u00e9gr\u00e9e ou ajout\u00e9e;<\/li>\n<li>il est conseill\u00e9 de conserver au moins deux rang\u00e9es de tuiles sur tous les c\u00f4t\u00e9s, vers l&rsquo;avant-toit, l&rsquo;angle ou le fa\u00eetage, afin qu&rsquo;une partie de la toiture traditionnelle reste visible et se connecte de mani\u00e8re perceptible avec le reste des toits de la r\u00e9gion ;<\/li>\n<li>les raccords doivent \u00eatre dissimul\u00e9s sous la couverture.<\/li>\n<\/ul>\n<p><em>Couleur et finition<\/em><\/p>\n<ul>\n<li>les cadres doivent \u00eatre propos\u00e9s dans la m\u00eame couleur que les panneaux ;<\/li>\n<li>la finition du panneau doit \u00eatre uniforme et opaque (pas de cellules ou de lignes de texture) ;<\/li>\n<li>le degr\u00e9 de r\u00e9flexion doit \u00eatre le plus faible possible;<\/li>\n<li>plus la couleur du panneau est proche de celle du bardage, meilleure est l&rsquo;int\u00e9gration.<\/li>\n<\/ul>\n<p>[\/vc_column_text]<div class=\"dfd-spacer-module\"  data-units=\"px\" data-wide_resolution=\"1280\" data-wide_size=\"10\" data-normal_resolution=\"1024\" data-normal_size=\"\" data-tablet_resolution=\"800\" data-tablet_size=\"\" data-mobile_resolution=\"480\" data-mobile_size=\"\" style=\"height: 10px;\"><\/div>[vc_single_image image=\u00a0\u00bb55661&Prime; img_size=\u00a0\u00bbfull\u00a0\u00bb][vc_column_text css=\u00a0\u00bb.vc_custom_1695358187104{padding-top: 10px !important;padding-bottom: 10px !important;}\u00a0\u00bb]<\/p>\n<h3 style=\"text-align: left;\">Dans ce projet pilote concernant une maison rurale de 1859, des modules photovolta\u00efques color\u00e9e (terre cuite) d\u00e9velopp\u00e9s par le CSEM de Neuch\u00e2tel ont \u00e9t\u00e9 utilis\u00e9s sp\u00e9cifiquement pour des sites prot\u00e9g\u00e9s au niveau du patrimoine culturel. Photo : Solstis.<\/h3>\n<p>[\/vc_column_text]<div class=\"dfd-spacer-module\"  data-units=\"px\" data-wide_resolution=\"1280\" data-wide_size=\"10\" data-normal_resolution=\"1024\" data-normal_size=\"\" data-tablet_resolution=\"800\" data-tablet_size=\"\" data-mobile_resolution=\"480\" data-mobile_size=\"\" style=\"height: 10px;\"><\/div>[vc_column_text css=\u00a0\u00bb.vc_custom_1695358449241{padding-top: 25px !important;}\u00a0\u00bb]<strong>Conclusions<\/strong><\/p>\n<p>La possibilit\u00e9 d&rsquo;installer une installation solaire sur un b\u00e2timent class\u00e9 pour des raisons paysag\u00e8res ou historiques doit \u00eatre attentivement \u00e9valu\u00e9es avec une conception qui prend en compte les crit\u00e8res de compatibilit\u00e9 et les caract\u00e9ristiques sp\u00e9cifiques du site, ses valeurs et les r\u00e9glementations en vigueur.<\/p>\n<p>&nbsp;<\/p>\n<p>Dans ces cas, plut\u00f4t qu&rsquo;une installation classique, il s&rsquo;agit souvent de raisonner au niveau des composants et des syst\u00e8mes selon une logique de conception plus minutieuse, d&rsquo;\u00e9valuer les autorisations et approbations n\u00e9cessaires aupr\u00e8s des autorit\u00e9s comp\u00e9tentes, mais aussi d&rsquo;entamer un dialogue \u00e9quitable et constructif entre les parties. Il peut \u00eatre n\u00e9cessaire de soumettre une demande formelle et de fournir des informations d\u00e9taill\u00e9es sur le projet, y compris les sp\u00e9cifications techniques du produit \u00e0 utiliser, les d\u00e9tails de la construction et l&rsquo;impact de l&rsquo;installation sur le b\u00e2timent (par exemple au moyen de rendus ou de photomontages). Ces informations permettent d&rsquo;\u00e9valuer objectivement les caract\u00e9ristiques d&rsquo;une installation solaire par rapport aux caract\u00e9ristiques du paysage \u00e0 diff\u00e9rentes \u00e9chelles par des documents d&rsquo;analyse et des proc\u00e9dures d&rsquo;examen pour un jugement objectives, notamment par des \u00e9valuations collectives (commissions, et non individuelles), l&rsquo;utilisation de directives officielles et d&rsquo;inventaires f\u00e9d\u00e9raux (ISOS, IFP, IVP) et cantonaux (patrimoine culturel).<\/p>\n<p>&nbsp;<\/p>\n<p>Un dialogue constructif entre les diff\u00e9rentes parties prenantes est essentiel et fournit une base commune pour \u00e9tablir objectivement une approche partag\u00e9e dans laquelle tous les acteurs (autorit\u00e9s d&rsquo;approbation et de mise en \u0153uvre, grand public, planificateurs et architectes) sont impliqu\u00e9s dans la d\u00e9finition des r\u00e8gles de base pour la mise en \u0153uvre coh\u00e9rente de la protection du paysage et pour la meilleure int\u00e9gration possible de ces solutions dans des contextes sp\u00e9cifiques.[\/vc_column_text][\/vc_column][vc_column width=\u00a0\u00bb1\/4&Prime; dfd_column_responsive_enable=\u00a0\u00bbdfd-column-responsive-enable\u00a0\u00bb css=\u00a0\u00bb.vc_custom_1548941751542{padding-right: 25px !important;padding-left: 25px !important;}\u00a0\u00bb responsive_styles=\u00a0\u00bbpadding_top_mobile:80&Prime;]<div class=\"dfd-heading-shortcode\"><div class=\"dfd-heading-module-wrap  text-left style_01 dfd-heading-69f273dcebb38 dfd-enable-resposive-headings\" id=\"dfd-heading-69f273dcebb38\" ><div class=\"inline-block\"><div class=\"dfd-heading-module\"><div class=\"widget-title dfd-title block-title\" style=\"font-size: 25px; font-family: MontserratBold; color: #000000 !important; line-height: 32px; letter-spacing: 0px; \">Voir aussi<\/div><\/div><\/div><\/div><script type=\"text\/javascript\">\r\n\t\t\t\t\t\t\t\t\t(function($) {\r\n\t\t\t\t\t\t\t\t\t\t$(\"head\").append(\"<style>.dfd-heading-69f273dcebb38 .dfd-heading-module .widget-title {margin-bottom:15px;}.dfd-heading-69f273dcebb38.dfd-heading-module-wrap .dfd-heading-module .dfd-heading-delimiter {margin-top:10px;margin-bottom:10px;}<\/style>\");\r\n\t\t\t\t\t\t\t\t\t})(jQuery);\r\n\t\t\t\t\t\t\t\t<\/script><\/div>[vc_row_inner][vc_column_inner css=\u00a0\u00bb.vc_custom_1583843692171{padding-top: 25px !important;}\u00a0\u00bb col_inner_shadow=\u00a0\u00bbbox_shadow_enable:disable|shadow_horizontal:0|shadow_vertical:15|shadow_blur:50|shadow_spread:0|box_shadow_color:rgba(0%2C0%2C0%2C0.35)\u00a0\u00bb col_inner_shadow_hover=\u00a0\u00bbbox_shadow_enable:disable|shadow_horizontal:0|shadow_vertical:15|shadow_blur:50|shadow_spread:0|box_shadow_color:rgba(0%2C0%2C0%2C0.35)\u00a0\u00bb]<div id=\"idinfobox69f273dcebc36\" class=\"dfd-info-box clearfix style-01 layout-04  idinfobox69f273dcebc36 cr-animate-gen\" data-animate-item=\".dfd-animate-container\" data-animate-type = \"transition.slideUpIn\" ><div class=\"dfd-animate-container\"><div class=\"icon-wrapper\"><div class=\"module-icon\" style=\"border-radius:px;font-size:65px;\"><div class=\"hover-layer\" ><\/div><img decoding=\"async\" src=\"https:\/\/solarchitecture.ch\/wp-content\/uploads\/2022\/07\/swissolar-logo-1-130x130.jpg\" alt=\"Image icon\" style=\"width: 65px;opacity: 1;\" \/><\/div><\/div><div class=\"content-wrap ovh\"><div class=\"info-box-title feature-title\" style=\"font-size: 14px; color: #000000 !important; line-height: 20px; \">Swissolar<\/div><div class=\"info-box-subtitle subtitle\" style=\"font-size: 14px; color: #000000 !important; line-height: 20px; font-style:italic; \">Visitez le website<\/div><div class=\"description\" style=\"\"><\/div><\/div><a href=\"https:\/\/solarchitecture.ch\/wp-contehttps:\/\/www.swissolar.ch\/nc\/en\/\"  target=\"_blank\" class=\"full-box-link\"><\/a><\/div><\/div>[\/vc_column_inner][\/vc_row_inner][vc_row_inner][vc_column_inner css=\u00a0\u00bb.vc_custom_1583843692171{padding-top: 25px !important;}\u00a0\u00bb col_inner_shadow=\u00a0\u00bbbox_shadow_enable:disable|shadow_horizontal:0|shadow_vertical:15|shadow_blur:50|shadow_spread:0|box_shadow_color:rgba(0%2C0%2C0%2C0.35)\u00a0\u00bb col_inner_shadow_hover=\u00a0\u00bbbox_shadow_enable:disable|shadow_horizontal:0|shadow_vertical:15|shadow_blur:50|shadow_spread:0|box_shadow_color:rgba(0%2C0%2C0%2C0.35)\u00a0\u00bb]<div id=\"idinfobox69f273dcec387\" class=\"dfd-info-box clearfix style-01 layout-04  idinfobox69f273dcec387 cr-animate-gen\" data-animate-item=\".dfd-animate-container\" data-animate-type = \"transition.slideUpIn\" ><div class=\"dfd-animate-container\"><div class=\"icon-wrapper\"><div class=\"module-icon\" style=\"border-radius:px;font-size:65px;\"><div class=\"hover-layer\" ><\/div><img decoding=\"async\" src=\"https:\/\/solarchitecture.ch\/wp-content\/uploads\/2022\/05\/logo-supsi-130x130.jpg\" alt=\"Image icon\" style=\"width: 65px;opacity: 1;\" \/><\/div><\/div><div class=\"content-wrap ovh\"><div class=\"info-box-title feature-title\" style=\"font-size: 14px; color: #000000 !important; line-height: 20px; \">SUPSI-DACD<\/div><div class=\"info-box-subtitle subtitle\" style=\"font-size: 14px; color: #000000 !important; line-height: 20px; font-style:italic; \">Visitez le site web (IT)<\/div><div class=\"description\" style=\"\"><\/div><\/div><a href=\"https:\/\/www.supsi.ch\/dacd\"  target=\"_blank\" class=\"full-box-link\"><\/a><\/div><\/div>[\/vc_column_inner][\/vc_row_inner][vc_row_inner][vc_column_inner css=\u00a0\u00bb.vc_custom_1583843692171{padding-top: 25px !important;}\u00a0\u00bb col_inner_shadow=\u00a0\u00bbbox_shadow_enable:disable|shadow_horizontal:0|shadow_vertical:15|shadow_blur:50|shadow_spread:0|box_shadow_color:rgba(0%2C0%2C0%2C0.35)\u00a0\u00bb col_inner_shadow_hover=\u00a0\u00bbbox_shadow_enable:disable|shadow_horizontal:0|shadow_vertical:15|shadow_blur:50|shadow_spread:0|box_shadow_color:rgba(0%2C0%2C0%2C0.35)\u00a0\u00bb]<div id=\"idinfobox69f273dcec99e\" class=\"dfd-info-box clearfix style-01 layout-04  idinfobox69f273dcec99e cr-animate-gen\" data-animate-item=\".dfd-animate-container\" data-animate-type = \"transition.slideUpIn\" ><div class=\"dfd-animate-container\"><div class=\"icon-wrapper\"><div class=\"module-icon\" style=\"border-radius:px;font-size:65px;\"><div class=\"hover-layer\" ><\/div><img decoding=\"async\" src=\"https:\/\/solarchitecture.ch\/wp-content\/uploads\/2023\/05\/pdf-presentation_preview-130x130.jpg\" alt=\"Image icon\" style=\"width: 65px;opacity: 1;\" \/><\/div><\/div><div class=\"content-wrap ovh\"><div class=\"info-box-title feature-title\" style=\"font-size: 14px; color: #000000 !important; line-height: 20px; \">Pr\u00e9sentations PDF <\/div><div class=\"info-box-subtitle subtitle\" style=\"font-size: 14px; color: #000000 !important; line-height: 20px; font-style:italic; \">Consultez la page (IT)<\/div><div class=\"description\" style=\"\"><\/div><\/div><a href=\"https:\/\/www.swissolar.ch\/it\/chi-e-swissolar\/agenda\/eventi\/event\/corso-impianti-solari-e-piani-regolatori-2023\/\"  target=\"_blank\" class=\"full-box-link\"><\/a><\/div><\/div>[\/vc_column_inner][\/vc_row_inner][vc_row_inner][vc_column_inner css=\u00a0\u00bb.vc_custom_1583843692171{padding-top: 25px !important;}\u00a0\u00bb col_inner_shadow=\u00a0\u00bbbox_shadow_enable:disable|shadow_horizontal:0|shadow_vertical:15|shadow_blur:50|shadow_spread:0|box_shadow_color:rgba(0%2C0%2C0%2C0.35)\u00a0\u00bb col_inner_shadow_hover=\u00a0\u00bbbox_shadow_enable:disable|shadow_horizontal:0|shadow_vertical:15|shadow_blur:50|shadow_spread:0|box_shadow_color:rgba(0%2C0%2C0%2C0.35)\u00a0\u00bb]<div id=\"idinfobox69f273dced071\" class=\"dfd-info-box clearfix style-01 layout-04  idinfobox69f273dced071 cr-animate-gen\" data-animate-item=\".dfd-animate-container\" data-animate-type = \"transition.slideUpIn\" ><div class=\"dfd-animate-container\"><div class=\"icon-wrapper\"><div class=\"module-icon\" style=\"border-radius:px;font-size:65px;\"><div class=\"hover-layer\" ><\/div><img decoding=\"async\" src=\"https:\/\/solarchitecture.ch\/wp-content\/uploads\/2023\/05\/energieschweiz-logo-130x130.png\" alt=\"Image icon\" style=\"width: 65px;opacity: 1;\" \/><\/div><\/div><div class=\"content-wrap ovh\"><div class=\"info-box-title feature-title\" style=\"font-size: 14px; color: #000000 !important; line-height: 20px; \">SuisseEnergie<\/div><div class=\"info-box-subtitle subtitle\" style=\"font-size: 14px; color: #000000 !important; line-height: 20px; font-style:italic; \">Visitez le site web<\/div><div class=\"description\" style=\"\"><\/div><\/div><a href=\"https:\/\/www.suisseenergie.ch\/\"  target=\"_blank\" class=\"full-box-link\"><\/a><\/div><\/div>[\/vc_column_inner][\/vc_row_inner][vc_row_inner][vc_column_inner css=\u00a0\u00bb.vc_custom_1583843692171{padding-top: 25px !important;}\u00a0\u00bb col_inner_shadow=\u00a0\u00bbbox_shadow_enable:disable|shadow_horizontal:0|shadow_vertical:15|shadow_blur:50|shadow_spread:0|box_shadow_color:rgba(0%2C0%2C0%2C0.35)\u00a0\u00bb col_inner_shadow_hover=\u00a0\u00bbbox_shadow_enable:disable|shadow_horizontal:0|shadow_vertical:15|shadow_blur:50|shadow_spread:0|box_shadow_color:rgba(0%2C0%2C0%2C0.35)\u00a0\u00bb]<div id=\"idinfobox69f273dced627\" class=\"dfd-info-box clearfix style-01 layout-04  idinfobox69f273dced627 cr-animate-gen\" data-animate-item=\".dfd-animate-container\" data-animate-type = \"transition.slideUpIn\" ><div class=\"dfd-animate-container\"><div class=\"icon-wrapper\"><div class=\"module-icon\" style=\"border-radius:px;font-size:65px;\"><div class=\"hover-layer\" ><\/div><img decoding=\"async\" src=\"https:\/\/solarchitecture.ch\/wp-content\/uploads\/2023\/05\/ticinoenergia_logo-130x130.png\" alt=\"Image icon\" style=\"width: 65px;opacity: 1;\" \/><\/div><\/div><div class=\"content-wrap ovh\"><div class=\"info-box-title feature-title\" style=\"font-size: 14px; color: #000000 !important; line-height: 20px; \">TicinoEnergia<\/div><div class=\"info-box-subtitle subtitle\" style=\"font-size: 14px; color: #000000 !important; line-height: 20px; font-style:italic; \">Visitez le site web (IT)<\/div><div class=\"description\" style=\"\"><\/div><\/div><a href=\"https:\/\/www.ticinoenergia.ch\/it\/\"  target=\"_blank\" class=\"full-box-link\"><\/a><\/div><\/div>[\/vc_column_inner][\/vc_row_inner]<div class=\"dfd-spacer-module\"  data-units=\"px\" data-wide_resolution=\"1280\" data-wide_size=\"80\" data-normal_resolution=\"1024\" data-normal_size=\"80\" data-tablet_resolution=\"800\" data-tablet_size=\"80\" data-mobile_resolution=\"480\" data-mobile_size=\"80\" style=\"height: 80px;\"><\/div><div class=\"dfd-shar-module-cover\"><div class=\"dfd-new-share-module  text-left style-6 horizontal   \" ><div class=\"module module-entry-share\" id=\"dfd_share_69f273dcedbe7\"><ul class=\"module-entry-share-links-list rrssb-buttons\" data-directory=\"https:\/\/solarchitecture.ch\/wp-content\/themes\/dfd-ronneby\"><li class=\"rrssb-facebook\"><a class=\"module-entry-share-link-facebook feature-title\" data-title=\"Solarchitecture\" data-url=\"https:\/\/solarchitecture.ch\" data-media=\"\" href=\"https:\/\/www.facebook.com\/sharer\/sharer.php?u=https:\/\/solarchitecture.ch\"  style=\"border-radius: 1px; font-size: 14px; \"><span class=\"dfd-share-icon\" style=\"width: 30px; height: 30px; line-height: 30px;\"><\/span><\/a><\/li><li class=\"rrssb-linkedin\"><a class=\"module-entry-share-link-linkedin feature-title\" data-title=\"Solarchitecture\" data-url=\"https:\/\/solarchitecture.ch\" data-media=\"\" href=\"http:\/\/www.linkedin.com\/shareArticle?mini=true&#038;url=https:\/\/solarchitecture.ch\"  style=\"border-radius: 1px; font-size: 14px; \"><span class=\"dfd-share-icon\" style=\"width: 30px; height: 30px; line-height: 30px;\"><\/span><\/a><\/li><li class=\"rrssb-pinterest\"><a class=\"module-entry-share-link-pinterest feature-title\" data-title=\"Solarchitecture\" data-url=\"https:\/\/solarchitecture.ch\" data-media=\"\" href=\"http:\/\/pinterest.com\/pin\/create\/button\/?url=https:\/\/solarchitecture.ch&#038;image_url=https:\/\/solarchitecture.ch\/wp-content\/uploads\/2023\/05\/morcote-e1685566329213.webp\"  style=\"border-radius: 1px; font-size: 14px; \"><span class=\"dfd-share-icon\" style=\"width: 30px; height: 30px; line-height: 30px;\"><\/span><\/a><\/li><\/ul><\/div><\/div>\t\t\t<script type=\"text\/javascript\">\r\n\t\t\t\t(function ($) {\r\n\t\t\t\t\t\"use strict\";\r\n\t\t\t\t\t$(document).ready(function () {\r\n\t\t\t\t\t\tvar $share_container = $('#dfd_share_69f273dcedbe7 .module-entry-share-links-list li');\r\n\t\t\t\t\t\tvar parent = $share_container.parent().parent().parent();\r\n\t\t\t\t\t\tif ($share_container.length > 0) {\r\n\t\t\t\t\t\t\tvar scrollbarWidth;\r\n\t\t\t\t\t\t\tvar div = document.createElement('div');\r\n\t\t\t\t\t\t\tdiv.style.overflowY = 'scroll';\r\n\t\t\t\t\t\t\tdiv.style.width = '50px';\r\n\t\t\t\t\t\t\tdiv.style.height = '50px';\r\n\t\t\t\t\t\t\tdiv.style.visibility = 'hidden';\r\n\t\t\t\t\t\t\tdocument.body.appendChild(div);\r\n\t\t\t\t\t\t\tscrollbarWidth = div.offsetWidth - div.clientWidth;\r\n\t\t\t\t\t\t\tdocument.body.removeChild(div);\r\n\t\t\t\t\t\t\tvar setShareWidth = function () {\r\n\t\t\t\t\t\t\t\tif (($(window).width() + scrollbarWidth) >= 800) {\r\n\t\t\t\t\t\t\t\t\tif (parent.hasClass(\"style-6\") || parent.hasClass(\"style-7\") || parent.hasClass(\"vertical\")) {\r\n\t\t\t\t\t\t\t\t\t\t$share_container.width('auto');\r\n\t\t\t\t\t\t\t\t\t} else {\r\n\t\t\t\t\t\t\t\t\t\t$share_container.dfdEqWidth();\r\n\t\t\t\t\t\t\t\t\t}\r\n\t\t\t\t\t\t\t\t} else {\r\n\t\t\t\t\t\t\t\t\tif (parent.hasClass(\"style-6\") || parent.hasClass(\"style-7\") || parent.hasClass(\"vertical\")) {\r\n\t\t\t\t\t\t\t\t\t\t$share_container.width('auto');\r\n\t\t\t\t\t\t\t\t\t} else {\r\n\t\t\t\t\t\t\t\t\t\t$share_container.width('100%');\r\n\t\t\t\t\t\t\t\t\t}\r\n\t\t\t\t\t\t\t\t}\r\n\t\t\t\t\t\t\t};\r\n\t\t\t\t\t\t\tsetShareWidth();\r\n\t\t\t\t\t\t\t$(window).resize(setShareWidth);\r\n\t\t\t\t\t\t}\r\n\t\t\t\t\t});\r\n\t\t\t\t\t\t\t\t\t$('head').append('<style type=\"text\/css\">.dfd-new-share-module.style-6 #dfd_share_69f273dcedbe7 ul li a {border-style: solid;border-width: 1px;border-color: #000000;background: #ffffff;color: #000000;}<\/style>');\r\n\t\t\t\t\t\t\t})(jQuery);\r\n\t\t\t<\/script>\r\n\r\n\t\t\t<\/div>[\/vc_column][\/vc_row][vc_row][vc_column]<div class=\"dfd-spacer-module\"  data-units=\"px\" data-wide_resolution=\"1280\" data-wide_size=\"100\" data-normal_resolution=\"1024\" data-normal_size=\"100\" data-tablet_resolution=\"800\" data-tablet_size=\"100\" data-mobile_resolution=\"480\" data-mobile_size=\"100\" style=\"height: 100px;\"><\/div>[\/vc_column][\/vc_row]<\/p>\n<\/div>","protected":false},"excerpt":{"rendered":"<p>[vc_row][vc_column offset=\u00a0\u00bbvc_hidden-lg vc_hidden-md vc_hidden-sm vc_hidden-xs\u00a0\u00bb][vc_acf field_group=\u00a0\u00bb30126&Prime; field_from_30126=\u00a0\u00bbfield_5c079de146ee1&Prime;][\/vc_column][\/vc_row][vc_row][vc_column][\/vc_column][\/vc_row][vc_row][vc_column width=\u00a0\u00bb3\/4&Prime; dfd_column_responsive_enable=\u00a0\u00bbdfd-column-responsive-enable\u00a0\u00bb css=\u00a0\u00bb.vc_custom_1548941680917{border-right-width: 1px !important;padding-right: 25px !important;padding-left: 25px !important;border-right-color: #000000 !important;border-right-style: solid !important;}\u00a0\u00bb responsive_styles=\u00a0\u00bbborder_right_mobile:0&Prime;][vc_column_text css=\u00a0\u00bb.vc_custom_1685560912641{padding-bottom: 30px !important;}\u00a0\u00bb]1er juin 2023[\/vc_column_text][vc_single_image image=\u00a0\u00bb55634&Prime; img_size=\u00a0\u00bbfull\u00a0\u00bb][vc_column_text css=\u00a0\u00bb.vc_custom_1695321774068{padding-top: 10px<\/p>\n","protected":false},"author":2021,"featured_media":55616,"comment_status":"closed","ping_status":"closed","sticky":false,"template":"","format":"standard","meta":{"_acf_changed":false,"inline_featured_image":false,"footnotes":""},"categories":[460,1],"tags":[],"class_list":["post-56558","post","type-post","status-publish","format-standard","has-post-thumbnail","hentry","category-formation","category-uncategorized"],"acf":[],"yoast_head":"<!-- This site is optimized with the Yoast SEO plugin v26.7 - https:\/\/yoast.com\/wordpress\/plugins\/seo\/ -->\n<title>Installations solaires et plans directeurs - Solarchitecture<\/title>\n<meta name=\"robots\" content=\"index, follow, max-snippet:-1, max-image-preview:large, max-video-preview:-1\" \/>\n<link rel=\"canonical\" href=\"https:\/\/solarchitecture.ch\/fr\/installations-solaires-et-plans-directeurs\/\" \/>\n<meta property=\"og:locale\" content=\"fr_FR\" \/>\n<meta property=\"og:type\" content=\"article\" \/>\n<meta property=\"og:title\" content=\"Installations solaires et plans directeurs - Solarchitecture\" \/>\n<meta property=\"og:description\" content=\"[vc_row][vc_column offset=\u00a0\u00bbvc_hidden-lg vc_hidden-md vc_hidden-sm vc_hidden-xs\u00a0\u00bb][vc_acf field_group=\u00a0\u00bb30126&Prime; field_from_30126=\u00a0\u00bbfield_5c079de146ee1&Prime;][\/vc_column][\/vc_row][vc_row][vc_column][\/vc_column][\/vc_row][vc_row][vc_column width=\u00a0\u00bb3\/4&Prime; dfd_column_responsive_enable=\u00a0\u00bbdfd-column-responsive-enable\u00a0\u00bb css=\u00a0\u00bb.vc_custom_1548941680917{border-right-width: 1px !important;padding-right: 25px !important;padding-left: 25px !important;border-right-color: #000000 !important;border-right-style: solid !important;}\u00a0\u00bb responsive_styles=\u00a0\u00bbborder_right_mobile:0&Prime;][vc_column_text css=\u00a0\u00bb.vc_custom_1685560912641{padding-bottom: 30px !important;}\u00a0\u00bb]1er juin 2023[\/vc_column_text][vc_single_image image=\u00a0\u00bb55634&Prime; img_size=\u00a0\u00bbfull\u00a0\u00bb][vc_column_text css=\u00a0\u00bb.vc_custom_1695321774068{padding-top: 10px\" \/>\n<meta property=\"og:url\" content=\"https:\/\/solarchitecture.ch\/fr\/installations-solaires-et-plans-directeurs\/\" \/>\n<meta property=\"og:site_name\" content=\"Solarchitecture\" \/>\n<meta property=\"article:published_time\" content=\"2023-09-01T12:25:50+00:00\" \/>\n<meta property=\"article:modified_time\" content=\"2023-10-06T09:06:45+00:00\" \/>\n<meta property=\"og:image\" content=\"https:\/\/solarchitecture.ch\/wp-content\/uploads\/2023\/05\/morcote-e1685566329213.webp\" \/>\n\t<meta property=\"og:image:width\" content=\"3200\" \/>\n\t<meta property=\"og:image:height\" content=\"1800\" \/>\n\t<meta property=\"og:image:type\" content=\"image\/webp\" \/>\n<meta name=\"author\" content=\"Solar Architecture\" \/>\n<meta name=\"twitter:card\" content=\"summary_large_image\" \/>\n<meta name=\"twitter:label1\" content=\"\u00c9crit par\" \/>\n\t<meta name=\"twitter:data1\" content=\"Solar Architecture\" \/>\n\t<meta name=\"twitter:label2\" content=\"Dur\u00e9e de lecture estim\u00e9e\" \/>\n\t<meta name=\"twitter:data2\" content=\"19 minutes\" \/>\n<script type=\"application\/ld+json\" class=\"yoast-schema-graph\">{\"@context\":\"https:\/\/schema.org\",\"@graph\":[{\"@type\":\"Article\",\"@id\":\"https:\/\/solarchitecture.ch\/fr\/installations-solaires-et-plans-directeurs\/#article\",\"isPartOf\":{\"@id\":\"https:\/\/solarchitecture.ch\/fr\/installations-solaires-et-plans-directeurs\/\"},\"author\":{\"name\":\"Solar Architecture\",\"@id\":\"https:\/\/solarchitecture.ch\/fr\/#\/schema\/person\/9574b0ccd534aeaa599ef02f64445744\"},\"headline\":\"Installations solaires et plans directeurs\",\"datePublished\":\"2023-09-01T12:25:50+00:00\",\"dateModified\":\"2023-10-06T09:06:45+00:00\",\"mainEntityOfPage\":{\"@id\":\"https:\/\/solarchitecture.ch\/fr\/installations-solaires-et-plans-directeurs\/\"},\"wordCount\":3996,\"publisher\":{\"@id\":\"https:\/\/solarchitecture.ch\/fr\/#organization\"},\"image\":{\"@id\":\"https:\/\/solarchitecture.ch\/fr\/installations-solaires-et-plans-directeurs\/#primaryimage\"},\"thumbnailUrl\":\"https:\/\/solarchitecture.ch\/wp-content\/uploads\/2023\/05\/morcote-e1685566329213.webp\",\"articleSection\":[\"Training\",\"Uncategorized\"],\"inLanguage\":\"fr-FR\"},{\"@type\":\"WebPage\",\"@id\":\"https:\/\/solarchitecture.ch\/fr\/installations-solaires-et-plans-directeurs\/\",\"url\":\"https:\/\/solarchitecture.ch\/fr\/installations-solaires-et-plans-directeurs\/\",\"name\":\"Installations solaires et plans directeurs - Solarchitecture\",\"isPartOf\":{\"@id\":\"https:\/\/solarchitecture.ch\/fr\/#website\"},\"primaryImageOfPage\":{\"@id\":\"https:\/\/solarchitecture.ch\/fr\/installations-solaires-et-plans-directeurs\/#primaryimage\"},\"image\":{\"@id\":\"https:\/\/solarchitecture.ch\/fr\/installations-solaires-et-plans-directeurs\/#primaryimage\"},\"thumbnailUrl\":\"https:\/\/solarchitecture.ch\/wp-content\/uploads\/2023\/05\/morcote-e1685566329213.webp\",\"datePublished\":\"2023-09-01T12:25:50+00:00\",\"dateModified\":\"2023-10-06T09:06:45+00:00\",\"breadcrumb\":{\"@id\":\"https:\/\/solarchitecture.ch\/fr\/installations-solaires-et-plans-directeurs\/#breadcrumb\"},\"inLanguage\":\"fr-FR\",\"potentialAction\":[{\"@type\":\"ReadAction\",\"target\":[\"https:\/\/solarchitecture.ch\/fr\/installations-solaires-et-plans-directeurs\/\"]}]},{\"@type\":\"ImageObject\",\"inLanguage\":\"fr-FR\",\"@id\":\"https:\/\/solarchitecture.ch\/fr\/installations-solaires-et-plans-directeurs\/#primaryimage\",\"url\":\"https:\/\/solarchitecture.ch\/wp-content\/uploads\/2023\/05\/morcote-e1685566329213.webp\",\"contentUrl\":\"https:\/\/solarchitecture.ch\/wp-content\/uploads\/2023\/05\/morcote-e1685566329213.webp\",\"width\":3200,\"height\":1800},{\"@type\":\"BreadcrumbList\",\"@id\":\"https:\/\/solarchitecture.ch\/fr\/installations-solaires-et-plans-directeurs\/#breadcrumb\",\"itemListElement\":[{\"@type\":\"ListItem\",\"position\":1,\"name\":\"Home\",\"item\":\"https:\/\/solarchitecture.ch\/fr\/\"},{\"@type\":\"ListItem\",\"position\":2,\"name\":\"Installations solaires et plans directeurs\"}]},{\"@type\":\"WebSite\",\"@id\":\"https:\/\/solarchitecture.ch\/fr\/#website\",\"url\":\"https:\/\/solarchitecture.ch\/fr\/\",\"name\":\"Solarchitecture\",\"description\":\"Building solution\",\"publisher\":{\"@id\":\"https:\/\/solarchitecture.ch\/fr\/#organization\"},\"potentialAction\":[{\"@type\":\"SearchAction\",\"target\":{\"@type\":\"EntryPoint\",\"urlTemplate\":\"https:\/\/solarchitecture.ch\/fr\/?s={search_term_string}\"},\"query-input\":{\"@type\":\"PropertyValueSpecification\",\"valueRequired\":true,\"valueName\":\"search_term_string\"}}],\"inLanguage\":\"fr-FR\"},{\"@type\":\"Organization\",\"@id\":\"https:\/\/solarchitecture.ch\/fr\/#organization\",\"name\":\"Solarchitecture\",\"url\":\"https:\/\/solarchitecture.ch\/fr\/\",\"logo\":{\"@type\":\"ImageObject\",\"inLanguage\":\"fr-FR\",\"@id\":\"https:\/\/solarchitecture.ch\/fr\/#\/schema\/logo\/image\/\",\"url\":\"https:\/\/solarchitecture.ch\/wp-content\/uploads\/2022\/07\/solarchitecture_logo.jpg\",\"contentUrl\":\"https:\/\/solarchitecture.ch\/wp-content\/uploads\/2022\/07\/solarchitecture_logo.jpg\",\"width\":312,\"height\":312,\"caption\":\"Solarchitecture\"},\"image\":{\"@id\":\"https:\/\/solarchitecture.ch\/fr\/#\/schema\/logo\/image\/\"}},{\"@type\":\"Person\",\"@id\":\"https:\/\/solarchitecture.ch\/fr\/#\/schema\/person\/9574b0ccd534aeaa599ef02f64445744\",\"name\":\"Solar Architecture\",\"image\":{\"@type\":\"ImageObject\",\"inLanguage\":\"fr-FR\",\"@id\":\"https:\/\/solarchitecture.ch\/fr\/#\/schema\/person\/image\/\",\"url\":\"https:\/\/secure.gravatar.com\/avatar\/5248fcb2bab99263f8f157f166bf6916de4582d008a551554fe906e623e4fda0?s=96&d=mm&r=g\",\"contentUrl\":\"https:\/\/secure.gravatar.com\/avatar\/5248fcb2bab99263f8f157f166bf6916de4582d008a551554fe906e623e4fda0?s=96&d=mm&r=g\",\"caption\":\"Solar Architecture\"},\"url\":\"https:\/\/solarchitecture.ch\/fr\/author\/solar\/\"}]}<\/script>\n<!-- \/ Yoast SEO plugin. -->","yoast_head_json":{"title":"Installations solaires et plans directeurs - Solarchitecture","robots":{"index":"index","follow":"follow","max-snippet":"max-snippet:-1","max-image-preview":"max-image-preview:large","max-video-preview":"max-video-preview:-1"},"canonical":"https:\/\/solarchitecture.ch\/fr\/installations-solaires-et-plans-directeurs\/","og_locale":"fr_FR","og_type":"article","og_title":"Installations solaires et plans directeurs - Solarchitecture","og_description":"[vc_row][vc_column offset=\u00a0\u00bbvc_hidden-lg vc_hidden-md vc_hidden-sm vc_hidden-xs\u00a0\u00bb][vc_acf field_group=\u00a0\u00bb30126&Prime; field_from_30126=\u00a0\u00bbfield_5c079de146ee1&Prime;][\/vc_column][\/vc_row][vc_row][vc_column][\/vc_column][\/vc_row][vc_row][vc_column width=\u00a0\u00bb3\/4&Prime; dfd_column_responsive_enable=\u00a0\u00bbdfd-column-responsive-enable\u00a0\u00bb css=\u00a0\u00bb.vc_custom_1548941680917{border-right-width: 1px !important;padding-right: 25px !important;padding-left: 25px !important;border-right-color: #000000 !important;border-right-style: solid !important;}\u00a0\u00bb responsive_styles=\u00a0\u00bbborder_right_mobile:0&Prime;][vc_column_text css=\u00a0\u00bb.vc_custom_1685560912641{padding-bottom: 30px !important;}\u00a0\u00bb]1er juin 2023[\/vc_column_text][vc_single_image image=\u00a0\u00bb55634&Prime; img_size=\u00a0\u00bbfull\u00a0\u00bb][vc_column_text css=\u00a0\u00bb.vc_custom_1695321774068{padding-top: 10px","og_url":"https:\/\/solarchitecture.ch\/fr\/installations-solaires-et-plans-directeurs\/","og_site_name":"Solarchitecture","article_published_time":"2023-09-01T12:25:50+00:00","article_modified_time":"2023-10-06T09:06:45+00:00","og_image":[{"width":3200,"height":1800,"url":"https:\/\/solarchitecture.ch\/wp-content\/uploads\/2023\/05\/morcote-e1685566329213.webp","type":"image\/webp"}],"author":"Solar Architecture","twitter_card":"summary_large_image","twitter_misc":{"\u00c9crit par":"Solar Architecture","Dur\u00e9e de lecture estim\u00e9e":"19 minutes"},"schema":{"@context":"https:\/\/schema.org","@graph":[{"@type":"Article","@id":"https:\/\/solarchitecture.ch\/fr\/installations-solaires-et-plans-directeurs\/#article","isPartOf":{"@id":"https:\/\/solarchitecture.ch\/fr\/installations-solaires-et-plans-directeurs\/"},"author":{"name":"Solar Architecture","@id":"https:\/\/solarchitecture.ch\/fr\/#\/schema\/person\/9574b0ccd534aeaa599ef02f64445744"},"headline":"Installations solaires et plans directeurs","datePublished":"2023-09-01T12:25:50+00:00","dateModified":"2023-10-06T09:06:45+00:00","mainEntityOfPage":{"@id":"https:\/\/solarchitecture.ch\/fr\/installations-solaires-et-plans-directeurs\/"},"wordCount":3996,"publisher":{"@id":"https:\/\/solarchitecture.ch\/fr\/#organization"},"image":{"@id":"https:\/\/solarchitecture.ch\/fr\/installations-solaires-et-plans-directeurs\/#primaryimage"},"thumbnailUrl":"https:\/\/solarchitecture.ch\/wp-content\/uploads\/2023\/05\/morcote-e1685566329213.webp","articleSection":["Training","Uncategorized"],"inLanguage":"fr-FR"},{"@type":"WebPage","@id":"https:\/\/solarchitecture.ch\/fr\/installations-solaires-et-plans-directeurs\/","url":"https:\/\/solarchitecture.ch\/fr\/installations-solaires-et-plans-directeurs\/","name":"Installations solaires et plans directeurs - Solarchitecture","isPartOf":{"@id":"https:\/\/solarchitecture.ch\/fr\/#website"},"primaryImageOfPage":{"@id":"https:\/\/solarchitecture.ch\/fr\/installations-solaires-et-plans-directeurs\/#primaryimage"},"image":{"@id":"https:\/\/solarchitecture.ch\/fr\/installations-solaires-et-plans-directeurs\/#primaryimage"},"thumbnailUrl":"https:\/\/solarchitecture.ch\/wp-content\/uploads\/2023\/05\/morcote-e1685566329213.webp","datePublished":"2023-09-01T12:25:50+00:00","dateModified":"2023-10-06T09:06:45+00:00","breadcrumb":{"@id":"https:\/\/solarchitecture.ch\/fr\/installations-solaires-et-plans-directeurs\/#breadcrumb"},"inLanguage":"fr-FR","potentialAction":[{"@type":"ReadAction","target":["https:\/\/solarchitecture.ch\/fr\/installations-solaires-et-plans-directeurs\/"]}]},{"@type":"ImageObject","inLanguage":"fr-FR","@id":"https:\/\/solarchitecture.ch\/fr\/installations-solaires-et-plans-directeurs\/#primaryimage","url":"https:\/\/solarchitecture.ch\/wp-content\/uploads\/2023\/05\/morcote-e1685566329213.webp","contentUrl":"https:\/\/solarchitecture.ch\/wp-content\/uploads\/2023\/05\/morcote-e1685566329213.webp","width":3200,"height":1800},{"@type":"BreadcrumbList","@id":"https:\/\/solarchitecture.ch\/fr\/installations-solaires-et-plans-directeurs\/#breadcrumb","itemListElement":[{"@type":"ListItem","position":1,"name":"Home","item":"https:\/\/solarchitecture.ch\/fr\/"},{"@type":"ListItem","position":2,"name":"Installations solaires et plans directeurs"}]},{"@type":"WebSite","@id":"https:\/\/solarchitecture.ch\/fr\/#website","url":"https:\/\/solarchitecture.ch\/fr\/","name":"Solarchitecture","description":"Building solution","publisher":{"@id":"https:\/\/solarchitecture.ch\/fr\/#organization"},"potentialAction":[{"@type":"SearchAction","target":{"@type":"EntryPoint","urlTemplate":"https:\/\/solarchitecture.ch\/fr\/?s={search_term_string}"},"query-input":{"@type":"PropertyValueSpecification","valueRequired":true,"valueName":"search_term_string"}}],"inLanguage":"fr-FR"},{"@type":"Organization","@id":"https:\/\/solarchitecture.ch\/fr\/#organization","name":"Solarchitecture","url":"https:\/\/solarchitecture.ch\/fr\/","logo":{"@type":"ImageObject","inLanguage":"fr-FR","@id":"https:\/\/solarchitecture.ch\/fr\/#\/schema\/logo\/image\/","url":"https:\/\/solarchitecture.ch\/wp-content\/uploads\/2022\/07\/solarchitecture_logo.jpg","contentUrl":"https:\/\/solarchitecture.ch\/wp-content\/uploads\/2022\/07\/solarchitecture_logo.jpg","width":312,"height":312,"caption":"Solarchitecture"},"image":{"@id":"https:\/\/solarchitecture.ch\/fr\/#\/schema\/logo\/image\/"}},{"@type":"Person","@id":"https:\/\/solarchitecture.ch\/fr\/#\/schema\/person\/9574b0ccd534aeaa599ef02f64445744","name":"Solar Architecture","image":{"@type":"ImageObject","inLanguage":"fr-FR","@id":"https:\/\/solarchitecture.ch\/fr\/#\/schema\/person\/image\/","url":"https:\/\/secure.gravatar.com\/avatar\/5248fcb2bab99263f8f157f166bf6916de4582d008a551554fe906e623e4fda0?s=96&d=mm&r=g","contentUrl":"https:\/\/secure.gravatar.com\/avatar\/5248fcb2bab99263f8f157f166bf6916de4582d008a551554fe906e623e4fda0?s=96&d=mm&r=g","caption":"Solar Architecture"},"url":"https:\/\/solarchitecture.ch\/fr\/author\/solar\/"}]}},"_links":{"self":[{"href":"https:\/\/solarchitecture.ch\/fr\/wp-json\/wp\/v2\/posts\/56558","targetHints":{"allow":["GET"]}}],"collection":[{"href":"https:\/\/solarchitecture.ch\/fr\/wp-json\/wp\/v2\/posts"}],"about":[{"href":"https:\/\/solarchitecture.ch\/fr\/wp-json\/wp\/v2\/types\/post"}],"author":[{"embeddable":true,"href":"https:\/\/solarchitecture.ch\/fr\/wp-json\/wp\/v2\/users\/2021"}],"replies":[{"embeddable":true,"href":"https:\/\/solarchitecture.ch\/fr\/wp-json\/wp\/v2\/comments?post=56558"}],"version-history":[{"count":6,"href":"https:\/\/solarchitecture.ch\/fr\/wp-json\/wp\/v2\/posts\/56558\/revisions"}],"predecessor-version":[{"id":56880,"href":"https:\/\/solarchitecture.ch\/fr\/wp-json\/wp\/v2\/posts\/56558\/revisions\/56880"}],"wp:featuredmedia":[{"embeddable":true,"href":"https:\/\/solarchitecture.ch\/fr\/wp-json\/wp\/v2\/media\/55616"}],"wp:attachment":[{"href":"https:\/\/solarchitecture.ch\/fr\/wp-json\/wp\/v2\/media?parent=56558"}],"wp:term":[{"taxonomy":"category","embeddable":true,"href":"https:\/\/solarchitecture.ch\/fr\/wp-json\/wp\/v2\/categories?post=56558"},{"taxonomy":"post_tag","embeddable":true,"href":"https:\/\/solarchitecture.ch\/fr\/wp-json\/wp\/v2\/tags?post=56558"}],"curies":[{"name":"wp","href":"https:\/\/api.w.org\/{rel}","templated":true}]}}