{"id":55925,"date":"2023-06-20T09:12:18","date_gmt":"2023-06-20T07:12:18","guid":{"rendered":"https:\/\/solarchitecture.ch\/la-suisse-pionniere-de-linnovation-dans-le-solaire\/"},"modified":"2023-06-20T14:57:43","modified_gmt":"2023-06-20T12:57:43","slug":"la-suisse-pionniere-de-linnovation-dans-le-solaire","status":"publish","type":"post","link":"https:\/\/solarchitecture.ch\/fr\/la-suisse-pionniere-de-linnovation-dans-le-solaire\/","title":{"rendered":"La Suisse : pionni\u00e8re de l\u2019innovation dans le solaire"},"content":{"rendered":"<div class=\"wpb-content-wrapper\"><p>[vc_row][vc_column offset=\u00a0\u00bbvc_hidden-lg vc_hidden-md vc_hidden-sm vc_hidden-xs\u00a0\u00bb][vc_acf field_group=\u00a0\u00bb30126&Prime; field_from_30126=\u00a0\u00bbfield_5c079de146ee1&Prime;][\/vc_column][\/vc_row][vc_row][vc_column]<div class=\"dfd-spacer-module\"  data-units=\"px\" data-wide_resolution=\"1280\" data-wide_size=\"100\" data-normal_resolution=\"1024\" data-normal_size=\"100\" data-tablet_resolution=\"800\" data-tablet_size=\"50\" data-mobile_resolution=\"480\" data-mobile_size=\"50\" style=\"height: 100px;\"><\/div>[\/vc_column][\/vc_row][vc_row][vc_column width=\u00a0\u00bb3\/4&Prime; dfd_column_responsive_enable=\u00a0\u00bbdfd-column-responsive-enable\u00a0\u00bb css=\u00a0\u00bb.vc_custom_1548941680917{border-right-width: 1px !important;padding-right: 25px !important;padding-left: 25px !important;border-right-color: #000000 !important;border-right-style: solid !important;}\u00a0\u00bb responsive_styles=\u00a0\u00bbborder_right_mobile:0&Prime;]<div class=\"dfd-heading-shortcode\"><div class=\"dfd-heading-module-wrap  text-left style_01 cr-animate-gen dfd-heading-69f2682e05ba2 dfd-enable-resposive-headings\" id=\"dfd-heading-69f2682e05ba2\" data-animate-type = \"transition.slideLeftIn\" ><div class=\"inline-block\"><div class=\"dfd-heading-module\"><div class=\"widget-title dfd-title block-title\" style=\"font-family:Montserrat; font-weight:700; font-style:normal; font-size: 35px; color: #000000 !important; line-height: 45px; letter-spacing: 0px; \">La Suisse : pionni\u00e8re de l\u2019innovation dans le solaire<\/div><\/div><\/div><\/div><script type=\"text\/javascript\">\r\n\t\t\t\t\t\t\t\t\t(function($) {\r\n\t\t\t\t\t\t\t\t\t\t$(\"head\").append(\"<style>.dfd-heading-69f2682e05ba2.dfd-heading-module-wrap .dfd-heading-module .dfd-heading-delimiter {margin-top:10px;margin-bottom:10px;}@media (max-width: 1279px) and (min-width: 1024px){.dfd-heading-69f2682e05ba2 .dfd-title{font-size: 40px !important;letter-spacing: 0px !important;line-height: 45px !important;}}@media (max-width: 1023px) and (min-width: 800px){.dfd-heading-69f2682e05ba2 .dfd-title{font-size: 35px !important;letter-spacing: 0px !important;line-height: 40px !important;}}@media (max-width: 799px){.dfd-heading-69f2682e05ba2 .dfd-title{font-size: 30px !important;letter-spacing: 0px !important;line-height: 35px !important;}}<\/style>\");\r\n\t\t\t\t\t\t\t\t\t})(jQuery);\r\n\t\t\t\t\t\t\t\t<\/script><\/div>[vc_column_text css=\u00a0\u00bb.vc_custom_1686749236374{padding-bottom: 30px !important;}\u00a0\u00bb]19 juin 2023[\/vc_column_text][vc_single_image image=\u00a0\u00bb55827&Prime; img_size=\u00a0\u00bbfull\u00a0\u00bb][vc_column_text css=\u00a0\u00bb.vc_custom_1687265349833{padding-top: 10px !important;padding-bottom: 10px !important;}\u00a0\u00bb]<\/p>\n<h3 style=\"text-align: left;\">Haute technologie dans l\u2019atelier: des syst\u00e8mes photovolta\u00efques innovants int\u00e9gr\u00e9s aux b\u00e2timents sont produits sur le site de Gwatt. Source: Journal de l&rsquo;\u00e9nergie &#8211; SuisseEnergie.<\/h3>\n<p>[\/vc_column_text][vc_column_text css=\u00a0\u00bb.vc_custom_1687265670014{padding-top: 25px !important;}\u00a0\u00bb]<em>Par Roland Gr\u00fcter (texte) et Gerry Nitsch (photos) &#8211; Journal de l\u2019\u00e9nergie pour les propri\u00e9taires immobiliers 2023-05-23<\/em><\/p>\n<p><em>\u00a0<\/em><\/p>\n<p><em>Plus de 70% des modules photovolta\u00efques install\u00e9s en Suisse viennent d\u2019Asie. Mais quelques entreprises suisses hautement sp\u00e9cialis\u00e9es tiennent t\u00eate \u00e0 la supr\u00e9matie asiatique. 3S Swiss Solar Solution, bas\u00e9e \u00e0 Gwatt (BE), en fait partie. Leurs installations int\u00e9gr\u00e9es aux b\u00e2timents sont tr\u00e8s demand\u00e9es.<\/em><\/p>\n<p><em>\u00a0<\/em><\/p>\n<p>\u00c0 l\u2019entr\u00e9e du bureau du directeur, on peut lire en gros caract\u00e8res : \u00ab\u00a0Cr\u00e9er de la nouveaut\u00e9 avec passion\u00a0\u00bb. 3S Swiss Solar Solutions est l\u2019un des principaux fabricants suisses de syst\u00e8mes photovolta\u00efques. Quelque 20 000 toits suisses en sont \u00e9quip\u00e9s. L\u2019entreprise de Gwatt emploie 130 personnes, soit quatre fois plus qu\u2019il y a cinq ans. \u00c0 premi\u00e8re vue, les locaux font penser \u00e0 une banque ou \u00e0 une compagnie d\u2019assurance: des bureaux derri\u00e8re d\u2019imposantes baies vitr\u00e9es, des salles de reunion bien agenc\u00e9es.<\/p>\n<p>&nbsp;<\/p>\n<p>Mais l\u2019image est trompeuse. Lorsque l\u2019on ouvre la porte de l\u2019autre c\u00f4t\u00e9, on p\u00e9n\u00e8tre dans un tout autre monde, un atelier de 2000 m\u00e8tres carr\u00e9s o\u00f9 collaborent la haute technologie et l\u2019homme. Des bras robotis\u00e9s redressent des vitres et des modules sont bombard\u00e9s de faisceaux de lumi\u00e8re. Les ouvriers soudent des fils de cuivre, d\u00e9coupent des restes de film. Plus de 25 tonnes de mat\u00e9riel sont trait\u00e9es ici chaque jour. Une vingtaine d\u2019\u00e9tapes sont n\u00e9cessaires pour obtenir des modules photovolta\u00efques chatoyants et la sp\u00e9cialit\u00e9 de la maison: les modules MegaSlate. Ils sont particuli\u00e8rement innovants et esth\u00e9tiques. L\u2019office f\u00e9d\u00e9ral de l\u2019\u00e9nergie a r\u00e9cemment d\u00e9cern\u00e9 \u00e0 l\u2019entreprise le prestigieux Watt d\u2019Or. Une cons\u00e9cration.<\/p>\n<p>&nbsp;<\/p>\n<p><strong>Se fondre dans l\u2019architecture<\/strong><\/p>\n<p>&nbsp;<\/p>\n<p>\u00ab\u00a0Nous fabriquons les enveloppes de b\u00e2timents g\u00e9n\u00e9ratrices d\u2019\u00e9nergie de demain\u00a0\u00bb, peut-on lire sur le site Internet de l\u2019entreprise. Le point fort: les modules solaires ne sont pas install\u00e9s sur le toit comme c\u2019est le cas pour les autres, mais directement int\u00e9gr\u00e9s dans l\u2019enveloppe du b\u00e2timent. Ils remplacent les tuiles traditionnelles, recouvrent les toits, les parkings, les fa\u00e7ades ou les balustrades jusque dans les moindres recoins, se fondant ainsi dans l\u2019architecture. Ils se distinguent ainsi des syst\u00e8mes habituels qui sont propos\u00e9s par de nombreux concurrents asiatiques. Le succ\u00e8s est au rendez-vous: l\u2019ann\u00e9e derni\u00e8re, l\u2019entreprise a doubl\u00e9 ses ventes et cette ann\u00e9e, les responsables anticipent de nouveau une forte croissance.<\/p>\n<p>&nbsp;<\/p>\n<p>Une partie de l\u2019\u00e9quipe, compos\u00e9e de seize personnes, fait une pause dans la halle de fabrication. La direction offre un brunch en recompense du record de production atteint la semaine pr\u00e9c\u00e9dente. Les employ\u00e9s saluent le directeur par int\u00e9rim d\u2019un geste de la main, lorsqu\u2019 il passe devant eux. Marcus B\u00e4ckmann est responsable de la gestion de l\u2019entreprise. Mais aujourd\u2019hui, c\u2019est lui qui fait visiter l\u2019entreprise. Il a d\u00fb remplacer au pied lev\u00e9 le fondateur et actionnaire principal de l\u2019entreprise, Patrick Hofer-Noser, qui a eu un accident pendant ses vacances. La passion de Marcus B\u00e4ckmann pour l\u2019entreprise et son personnel transpara\u00eet dans chacun de ses mots. L\u2019ambiance est familiale bien que l\u2019entreprise se soit fortement d\u00e9velopp\u00e9e.<\/p>\n<p>&nbsp;<\/p>\n<p><strong>Des d\u00e9buts dans la construction m\u00e9canique<\/strong><\/p>\n<p>&nbsp;<\/p>\n<p>L\u2019histoire de l\u2019entreprise est riche en rebondissements. \u00c0 l\u2019origine, elle a \u00e9t\u00e9 fond\u00e9e en 2001 \u00e0 Lyss (BE) par Patrick Hofer-Noser, avec l\u2019objectif \u00e0 long terme de r\u00e9aliser des b\u00e2timents autosuffisants en \u00e9nergie et neutres en CO\u00b2. Initialement,l\u2019 entreprise s\u2019 occupait de l\u2019 automatisation des processus de production des modules photovolta\u00efques. 3S est devenue un constructeur de machines. En 2010, elle fusionne avec Meyer Burger, un autre fabricant de machines. Ensemble, les deux entreprises vivent des ann\u00e9es prosp\u00e8res, d\u00e9veloppant des modules photovolta\u00efques qui aujourd\u2019hui sont consid\u00e9r\u00e9s comme des modules classiques. Apr\u00e8s l\u2019arriv\u00e9e de la concurrence asiatique, le groupe d\u00e9cide de se diversifier, de vendre certaines activit\u00e9s ou de les arr\u00eater. En ao\u00fbt 2018, Patrick Hofer-Noser rach\u00e8te l\u2019activit\u00e9 \u00ab\u00a0photovolta\u00efque int\u00e9gr\u00e9 au b\u00e2timent\u00a0\u00bb, poursuivant ainsi la voie qu\u2019il avait emprunt\u00e9e 17 ans auparavant.<\/p>\n<p>&nbsp;<\/p>\n<p>Cela n\u2019allait pas de soi. En effet, les chercheurs suisses contribuent depuis toujours \u00e0 d\u00e9velopper des technologies photovolta\u00efques innovantes. Cependant, l\u2019industrie locale n\u2019a pas vraiment su profiter de cette longueur d\u2019avance en termes de savoir-faire. Lorsque la production a \u00e9t\u00e9 automatis\u00e9e il y a une dizaine d\u2019ann\u00e9es, de nombreuses entreprises ont rat\u00e9 le coche. La production s\u2019est faite ailleurs, et les quelques entreprises qui ont souhait\u00e9 d\u00e9fier la concurrence \u00e9trang\u00e8re n\u2019ont pu s\u2019implanter que dans des niches. La plupart se sont tourn\u00e9es vers les installations photovolta\u00efques int\u00e9gr\u00e9es aux b\u00e2timents.<\/p>\n<p>&nbsp;<\/p>\n<p>Le cercle des producteurs europ\u00e9ens est petit, mais tr\u00e8s qualitatif. Outre 3S Swiss Solar Solution, on compte parmi eux Meyer Burger, Sunage, Axsun, Aleo, Sonnenkraft et Enel. \u00ab\u00a0C\u2019est \u00e0 peine si la jeune g\u00e9n\u00e9ration sait que la Suisse \u00e9tait autrefois la premi\u00e8re nation d\u2019europe en mati\u00e8re d\u2019\u00e9nergie solaire\u00a0\u00bb, \u00e9crit l\u2019office f\u00e9d\u00e9ral de l\u2019\u00e9nergie pour justifier l\u2019 attribution du Watt d\u2019 or. \u00ab\u00a03S Swiss Solar Solutions fait partie des pionniers de l\u2019\u00e2ge d\u2019or de l\u2019\u00e9nergie solaire en Suisse\u00a0\u00bb.<\/p>\n<p>&nbsp;<\/p>\n<p><strong>Un combat in\u00e9gal<\/strong><\/p>\n<p>&nbsp;<\/p>\n<p>La grande \u00e9poque est r\u00e9volue depuis longtemps. Plus de 70% des modules photovolta\u00efques install\u00e9s en Suisse viennent d\u00e9sormais de l\u2019\u00e9tranger, principalement de Chine. \u00ab\u00a0Le gouvernement chinois a reconnu tr\u00e8s t\u00f4t le potentiel du photovolta\u00efque et l\u2019a encourag\u00e9 afin de s\u00e9curiser l\u2019approvisionnement \u00e9nerg\u00e9tique du pays. Le march\u00e9 int\u00e9rieur est \u00e9norme, seule une petite partie de la production est export\u00e9e\u00a0\u00bb, explique Marcus B\u00e4ckmann. Aux \u00c9tats-Unis aussi, le secteur est soutenu par l\u2019\u00c9tat. De son c\u00f4t\u00e9, David Stickelberger, directeur de l\u2019association suisse des professionnels de l\u2019\u00e9nergie solaire Swissolar, d\u00e9clare: \u00ab\u00a0Actuellement, les investisseurs europ\u00e9ens placent leur argent aux \u00c9tats-Unis, ce qui entra\u00eene \u00e9galement une fuite du savoir-faire. C\u2019est un combat \u00e0 armes in\u00e9gales. Les concurrents suisses et europ\u00e9ens peuvent difficilement rivaliser. Chez nous, la recherche est certes soutenue, mais pas l\u2019industrie.\u00a0\u00bb<\/p>\n<p>&nbsp;<\/p>\n<p>Il en r\u00e9sulte une grande d\u00e9pendance dont l\u2019Europe veut se d\u00e9faire dans les ann\u00e9es \u00e0 venir. L\u2019UE s\u2019est fix\u00e9e pour objectif de r\u00e9cup\u00e9rer 40% de la production. Une loi en ce sens est en pr\u00e9paration. Une deuxi\u00e8me vise \u00e0 apporter plus de transparence sur l\u2019origine des modules photovolta\u00efques: d\u2019o\u00f9 proviennent les composants? Les droits de l\u2019homme sont-ils respect\u00e9s dans la cha\u00eene de production? Les objectifs de la politique sont ambitieux. \u00ab\u00a0Mais cela vaut la peine de s\u2019y atteler\u00a0\u00bb, soutient Marcus B\u00e4ckmann. \u00ab\u00a0La d\u00e9pendance vis\u00e0- vis de l\u2019Asie est tr\u00e8s risqu\u00e9e et il est urgent de changer de mentalit\u00e9 si nous ne voulons pas compromettre les objectifs de la politique \u00e9nerg\u00e9tique\u00a0\u00bb. L\u2019\u00e9nergie solaire contribue d\u00e9j\u00e0 grandement \u00e0 l\u2019approvisionnement \u00e9nerg\u00e9tique du pays. N\u00e9anmoins, pour sortir des \u00e9nergies fossiles et du nucl\u00e9aire, la Suisse a besoin de pr\u00e8s de dix fois plus de puissance solaire qu\u2019aujourd\u2019 hui. Pour cela, il faut des conditions-cadres fiables, et aussi la certitude que la technologie necessaire est \u00e0 port\u00e9e de main. \u00ab\u00a0Les voies commerciales sont fragiles. La guerre en Ukraine nous l\u2019a clairement montr\u00e9\u00a0\u00bb, affirme Marcus B\u00e4ckmann.<\/p>\n<p>&nbsp;<\/p>\n<p>Pour de nombreux propri\u00e9taires, l\u2019origine des panneaux solaires est un facteur de plus en plus d\u00e9cisif. On se demande combien de temps un module photovolta\u00efque doit produire de l\u2019\u00e9lectricit\u00e9 propre pour compenser les \u00e9missions de CO\u00b2 g\u00e9n\u00e9r\u00e9es lors de sa fabrication et de son transport. \u00ab\u00a0Les installations produites en Europe ou en Suisse ont un net avantage sur ce point\u00a0\u00bb, assure David Stickelberger.<\/p>\n<p>&nbsp;<\/p>\n<p>La visite de l\u2019atelier est termin\u00e9e, il est temps de pr\u00e9voir l\u2019avenir. L\u2019entreprise a de grands projets. \u00c0 la fin de l\u2019ann\u00e9e, elle ouvrira un deuxi\u00e8me site \u00e0 Worb (BE) avec une ligne de production hautement automatis\u00e9e, ce qui permettra de tripler les capacit\u00e9s de production. En outre, le nouveau produit TeraSlate, plus performant que son pr\u00e9d\u00e9cesseur, va bient\u00f4t \u00eatre lanc\u00e9. O\u00f9 veut \u00eatre 3S Swiss Solar Solution dans dix ans? \u00ab\u00a0Nous voulons devenir un acteur majeur de notre segment \u00e0 l\u2019\u00e9chelle europ\u00e9enne\u00a0\u00bb, annonce Marcus B\u00e4ckmann. Il brandit un bout de papier jauni: \u00ab\u00a0Cr\u00e9er de la nouveaut\u00e9 avec passion\u00a0\u00bb La phrase cl\u00e9 date de la reunion qui a suivi le rachat, au cours de laquelle la direction a r\u00e9fl\u00e9chi \u00e0 sa philosophie, et elle doit continuer de s\u2019appliquer dans le futur.[\/vc_column_text][\/vc_column][vc_column width=\u00a0\u00bb1\/4&Prime; dfd_column_responsive_enable=\u00a0\u00bbdfd-column-responsive-enable\u00a0\u00bb css=\u00a0\u00bb.vc_custom_1548941751542{padding-right: 25px !important;padding-left: 25px !important;}\u00a0\u00bb responsive_styles=\u00a0\u00bbpadding_top_mobile:80&Prime;]<div class=\"dfd-heading-shortcode\"><div class=\"dfd-heading-module-wrap  text-left style_01 dfd-heading-69f2682e05d18 dfd-enable-resposive-headings\" id=\"dfd-heading-69f2682e05d18\" ><div class=\"inline-block\"><div class=\"dfd-heading-module\"><div class=\"widget-title dfd-title block-title\" style=\"font-size: 25px; font-family: MontserratBold; color: #000000 !important; line-height: 32px; letter-spacing: 0px; \">Voir aussi<\/div><\/div><\/div><\/div><script type=\"text\/javascript\">\r\n\t\t\t\t\t\t\t\t\t(function($) {\r\n\t\t\t\t\t\t\t\t\t\t$(\"head\").append(\"<style>.dfd-heading-69f2682e05d18 .dfd-heading-module .widget-title {margin-bottom:15px;}.dfd-heading-69f2682e05d18.dfd-heading-module-wrap .dfd-heading-module .dfd-heading-delimiter {margin-top:10px;margin-bottom:10px;}<\/style>\");\r\n\t\t\t\t\t\t\t\t\t})(jQuery);\r\n\t\t\t\t\t\t\t\t<\/script><\/div>[vc_row_inner][vc_column_inner css=\u00a0\u00bb.vc_custom_1583843692171{padding-top: 25px !important;}\u00a0\u00bb col_inner_shadow=\u00a0\u00bbbox_shadow_enable:disable|shadow_horizontal:0|shadow_vertical:15|shadow_blur:50|shadow_spread:0|box_shadow_color:rgba(0%2C0%2C0%2C0.35)\u00a0\u00bb col_inner_shadow_hover=\u00a0\u00bbbox_shadow_enable:disable|shadow_horizontal:0|shadow_vertical:15|shadow_blur:50|shadow_spread:0|box_shadow_color:rgba(0%2C0%2C0%2C0.35)\u00a0\u00bb]<div id=\"idinfobox69f2682e05e25\" class=\"dfd-info-box clearfix style-01 layout-04  idinfobox69f2682e05e25 cr-animate-gen\" data-animate-item=\".dfd-animate-container\" data-animate-type = \"transition.slideUpIn\" ><div class=\"dfd-animate-container\"><div class=\"icon-wrapper\"><div class=\"module-icon\" style=\"border-radius:px;font-size:65px;\"><div class=\"hover-layer\" ><\/div><img decoding=\"async\" src=\"https:\/\/solarchitecture.ch\/wp-content\/uploads\/2022\/11\/ECH_Logo_EN_CMYK_Square-130x130.jpg\" alt=\"Image icon\" style=\"width: 65px;opacity: 1;\" \/><\/div><\/div><div class=\"content-wrap ovh\"><div class=\"info-box-title feature-title\" style=\"font-size: 14px; color: #000000 !important; line-height: 20px; \">SuisseEnergie<\/div><div class=\"info-box-subtitle subtitle\" style=\"font-size: 14px; color: #000000 !important; line-height: 20px; font-style:italic; \">Consultez la page (FR)<\/div><div class=\"description\" style=\"\"><\/div><\/div><a href=\"https:\/\/www.suisseenergie.ch\/batiment\/architecture-solaire\/?pk_vid=68155d8b369a9a8a168724501702f2cd\"  target=\"_blank\" class=\"full-box-link\"><\/a><\/div><\/div><div id=\"idinfobox69f2682e06576\" class=\"dfd-info-box clearfix style-01 layout-04  idinfobox69f2682e06576 cr-animate-gen\" data-animate-item=\".dfd-animate-container\" data-animate-type = \"transition.slideUpIn\" ><div class=\"dfd-animate-container\"><div class=\"icon-wrapper\"><div class=\"module-icon\" style=\"border-radius:px;font-size:65px;\"><div class=\"hover-layer\" ><\/div><img decoding=\"async\" src=\"https:\/\/solarchitecture.ch\/wp-content\/uploads\/2023\/01\/3S-logo-130x130.png\" alt=\"Image icon\" style=\"width: 65px;opacity: 1;\" \/><\/div><\/div><div class=\"content-wrap ovh\"><div class=\"info-box-title feature-title\" style=\"font-size: 14px; color: #000000 !important; line-height: 20px; \">3S Swiss Solar Solutions AG<\/div><div class=\"info-box-subtitle subtitle\" style=\"font-size: 14px; color: #000000 !important; line-height: 20px; font-style:italic; \">Consultez la page (FR)<\/div><div class=\"description\" style=\"\"><\/div><\/div><a href=\"https:\/\/www.3s-solar.swiss\/fr\/\"  target=\"_blank\" class=\"full-box-link\"><\/a><\/div><\/div><div id=\"idinfobox69f2682e06be4\" class=\"dfd-info-box clearfix style-01 layout-04  idinfobox69f2682e06be4 cr-animate-gen\" data-animate-item=\".dfd-animate-container\" data-animate-type = \"transition.slideUpIn\" ><div class=\"dfd-animate-container\"><div class=\"icon-wrapper\"><div class=\"module-icon\" style=\"border-radius:px;font-size:65px;\"><div class=\"hover-layer\" ><\/div><img decoding=\"async\" src=\"https:\/\/solarchitecture.ch\/wp-content\/uploads\/2023\/06\/Energiejournal-Front_DFI-130x130.jpg\" alt=\"Image icon\" style=\"width: 65px;opacity: 1;\" \/><\/div><\/div><div class=\"content-wrap ovh\"><div class=\"info-box-title feature-title\" style=\"font-size: 14px; color: #000000 !important; line-height: 20px; \">Article complet<\/div><div class=\"info-box-subtitle subtitle\" style=\"font-size: 14px; color: #000000 !important; line-height: 20px; font-style:italic; \">T\u00e9l\u00e9charger PDF (FR)<\/div><div class=\"description\" style=\"\"><\/div><\/div><a href=\"https:\/\/solarchitecture.ch\/wp-content\/uploads\/2023\/06\/Pionierland_Schweiz_EJ_23_FR.pdf\"  target=\"_blank\" class=\"full-box-link\"><\/a><\/div><\/div>[\/vc_column_inner][\/vc_row_inner]<div class=\"dfd-spacer-module\"  data-units=\"px\" data-wide_resolution=\"1280\" data-wide_size=\"80\" data-normal_resolution=\"1024\" data-normal_size=\"80\" data-tablet_resolution=\"800\" data-tablet_size=\"80\" data-mobile_resolution=\"480\" data-mobile_size=\"80\" style=\"height: 80px;\"><\/div><div class=\"dfd-shar-module-cover\"><div class=\"dfd-new-share-module  text-left style-6 horizontal   \" ><div class=\"module module-entry-share\" id=\"dfd_share_69f2682e07269\"><ul class=\"module-entry-share-links-list rrssb-buttons\" data-directory=\"https:\/\/solarchitecture.ch\/wp-content\/themes\/dfd-ronneby\"><li class=\"rrssb-facebook\"><a class=\"module-entry-share-link-facebook feature-title\" data-title=\"Solarchitecture\" data-url=\"https:\/\/solarchitecture.ch\" data-media=\"\" href=\"https:\/\/www.facebook.com\/sharer\/sharer.php?u=https:\/\/solarchitecture.ch\"  style=\"border-radius: 1px; font-size: 14px; \"><span class=\"dfd-share-icon\" style=\"width: 30px; height: 30px; line-height: 30px;\"><\/span><\/a><\/li><li class=\"rrssb-linkedin\"><a class=\"module-entry-share-link-linkedin feature-title\" data-title=\"Solarchitecture\" data-url=\"https:\/\/solarchitecture.ch\" data-media=\"\" href=\"http:\/\/www.linkedin.com\/shareArticle?mini=true&#038;url=https:\/\/solarchitecture.ch\"  style=\"border-radius: 1px; font-size: 14px; \"><span class=\"dfd-share-icon\" style=\"width: 30px; height: 30px; line-height: 30px;\"><\/span><\/a><\/li><li class=\"rrssb-pinterest\"><a class=\"module-entry-share-link-pinterest feature-title\" data-title=\"Solarchitecture\" data-url=\"https:\/\/solarchitecture.ch\" data-media=\"\" href=\"http:\/\/pinterest.com\/pin\/create\/button\/?url=https:\/\/solarchitecture.ch&#038;image_url=https:\/\/solarchitecture.ch\/wp-content\/uploads\/2023\/06\/3S-Gwatt-012.jpg\"  style=\"border-radius: 1px; font-size: 14px; \"><span class=\"dfd-share-icon\" style=\"width: 30px; height: 30px; line-height: 30px;\"><\/span><\/a><\/li><\/ul><\/div><\/div>\t\t\t<script type=\"text\/javascript\">\r\n\t\t\t\t(function ($) {\r\n\t\t\t\t\t\"use strict\";\r\n\t\t\t\t\t$(document).ready(function () {\r\n\t\t\t\t\t\tvar $share_container = $('#dfd_share_69f2682e07269 .module-entry-share-links-list li');\r\n\t\t\t\t\t\tvar parent = $share_container.parent().parent().parent();\r\n\t\t\t\t\t\tif ($share_container.length > 0) {\r\n\t\t\t\t\t\t\tvar scrollbarWidth;\r\n\t\t\t\t\t\t\tvar div = document.createElement('div');\r\n\t\t\t\t\t\t\tdiv.style.overflowY = 'scroll';\r\n\t\t\t\t\t\t\tdiv.style.width = '50px';\r\n\t\t\t\t\t\t\tdiv.style.height = '50px';\r\n\t\t\t\t\t\t\tdiv.style.visibility = 'hidden';\r\n\t\t\t\t\t\t\tdocument.body.appendChild(div);\r\n\t\t\t\t\t\t\tscrollbarWidth = div.offsetWidth - div.clientWidth;\r\n\t\t\t\t\t\t\tdocument.body.removeChild(div);\r\n\t\t\t\t\t\t\tvar setShareWidth = function () {\r\n\t\t\t\t\t\t\t\tif (($(window).width() + scrollbarWidth) >= 800) {\r\n\t\t\t\t\t\t\t\t\tif (parent.hasClass(\"style-6\") || parent.hasClass(\"style-7\") || parent.hasClass(\"vertical\")) {\r\n\t\t\t\t\t\t\t\t\t\t$share_container.width('auto');\r\n\t\t\t\t\t\t\t\t\t} else {\r\n\t\t\t\t\t\t\t\t\t\t$share_container.dfdEqWidth();\r\n\t\t\t\t\t\t\t\t\t}\r\n\t\t\t\t\t\t\t\t} else {\r\n\t\t\t\t\t\t\t\t\tif (parent.hasClass(\"style-6\") || parent.hasClass(\"style-7\") || parent.hasClass(\"vertical\")) {\r\n\t\t\t\t\t\t\t\t\t\t$share_container.width('auto');\r\n\t\t\t\t\t\t\t\t\t} else {\r\n\t\t\t\t\t\t\t\t\t\t$share_container.width('100%');\r\n\t\t\t\t\t\t\t\t\t}\r\n\t\t\t\t\t\t\t\t}\r\n\t\t\t\t\t\t\t};\r\n\t\t\t\t\t\t\tsetShareWidth();\r\n\t\t\t\t\t\t\t$(window).resize(setShareWidth);\r\n\t\t\t\t\t\t}\r\n\t\t\t\t\t});\r\n\t\t\t\t\t\t\t\t\t$('head').append('<style type=\"text\/css\">.dfd-new-share-module.style-6 #dfd_share_69f2682e07269 ul li a {border-style: solid;border-width: 1px;border-color: #000000;background: #ffffff;color: #000000;}<\/style>');\r\n\t\t\t\t\t\t\t})(jQuery);\r\n\t\t\t<\/script>\r\n\r\n\t\t\t<\/div>[\/vc_column][\/vc_row][vc_row][vc_column]<div class=\"dfd-spacer-module\"  data-units=\"px\" data-wide_resolution=\"1280\" data-wide_size=\"100\" data-normal_resolution=\"1024\" data-normal_size=\"100\" data-tablet_resolution=\"800\" data-tablet_size=\"100\" data-mobile_resolution=\"480\" data-mobile_size=\"100\" style=\"height: 100px;\"><\/div>[\/vc_column][\/vc_row]<\/p>\n<\/div>","protected":false},"excerpt":{"rendered":"<p>[vc_row][vc_column offset=\u00a0\u00bbvc_hidden-lg vc_hidden-md vc_hidden-sm vc_hidden-xs\u00a0\u00bb][vc_acf field_group=\u00a0\u00bb30126&Prime; field_from_30126=\u00a0\u00bbfield_5c079de146ee1&Prime;][\/vc_column][\/vc_row][vc_row][vc_column][\/vc_column][\/vc_row][vc_row][vc_column width=\u00a0\u00bb3\/4&Prime; dfd_column_responsive_enable=\u00a0\u00bbdfd-column-responsive-enable\u00a0\u00bb css=\u00a0\u00bb.vc_custom_1548941680917{border-right-width: 1px !important;padding-right: 25px !important;padding-left: 25px !important;border-right-color: #000000 !important;border-right-style: solid !important;}\u00a0\u00bb responsive_styles=\u00a0\u00bbborder_right_mobile:0&Prime;][vc_column_text css=\u00a0\u00bb.vc_custom_1686749236374{padding-bottom: 30px !important;}\u00a0\u00bb]19 juin 2023[\/vc_column_text][vc_single_image image=\u00a0\u00bb55827&Prime; img_size=\u00a0\u00bbfull\u00a0\u00bb][vc_column_text css=\u00a0\u00bb.vc_custom_1687265349833{padding-top: 10px<\/p>\n","protected":false},"author":2021,"featured_media":55827,"comment_status":"closed","ping_status":"closed","sticky":false,"template":"","format":"standard","meta":{"_acf_changed":false,"inline_featured_image":false,"footnotes":""},"categories":[456],"tags":[],"class_list":["post-55925","post","type-post","status-publish","format-standard","has-post-thumbnail","hentry","category-news-fr"],"acf":[],"yoast_head":"<!-- This site is optimized with the Yoast SEO plugin v26.7 - https:\/\/yoast.com\/wordpress\/plugins\/seo\/ -->\n<title>La Suisse : pionni\u00e8re de l\u2019innovation dans le solaire - Solarchitecture<\/title>\n<meta name=\"robots\" content=\"index, follow, max-snippet:-1, max-image-preview:large, max-video-preview:-1\" \/>\n<link rel=\"canonical\" href=\"https:\/\/solarchitecture.ch\/fr\/la-suisse-pionniere-de-linnovation-dans-le-solaire\/\" \/>\n<meta property=\"og:locale\" content=\"fr_FR\" \/>\n<meta property=\"og:type\" content=\"article\" \/>\n<meta property=\"og:title\" content=\"La Suisse : pionni\u00e8re de l\u2019innovation dans le solaire - Solarchitecture\" \/>\n<meta property=\"og:description\" content=\"[vc_row][vc_column offset=\u00a0\u00bbvc_hidden-lg vc_hidden-md vc_hidden-sm vc_hidden-xs\u00a0\u00bb][vc_acf field_group=\u00a0\u00bb30126&Prime; field_from_30126=\u00a0\u00bbfield_5c079de146ee1&Prime;][\/vc_column][\/vc_row][vc_row][vc_column][\/vc_column][\/vc_row][vc_row][vc_column width=\u00a0\u00bb3\/4&Prime; dfd_column_responsive_enable=\u00a0\u00bbdfd-column-responsive-enable\u00a0\u00bb css=\u00a0\u00bb.vc_custom_1548941680917{border-right-width: 1px !important;padding-right: 25px !important;padding-left: 25px !important;border-right-color: #000000 !important;border-right-style: solid !important;}\u00a0\u00bb responsive_styles=\u00a0\u00bbborder_right_mobile:0&Prime;][vc_column_text css=\u00a0\u00bb.vc_custom_1686749236374{padding-bottom: 30px !important;}\u00a0\u00bb]19 juin 2023[\/vc_column_text][vc_single_image image=\u00a0\u00bb55827&Prime; img_size=\u00a0\u00bbfull\u00a0\u00bb][vc_column_text css=\u00a0\u00bb.vc_custom_1687265349833{padding-top: 10px\" \/>\n<meta property=\"og:url\" content=\"https:\/\/solarchitecture.ch\/fr\/la-suisse-pionniere-de-linnovation-dans-le-solaire\/\" \/>\n<meta property=\"og:site_name\" content=\"Solarchitecture\" \/>\n<meta property=\"article:published_time\" content=\"2023-06-20T07:12:18+00:00\" \/>\n<meta property=\"article:modified_time\" content=\"2023-06-20T12:57:43+00:00\" \/>\n<meta property=\"og:image\" content=\"https:\/\/solarchitecture.ch\/wp-content\/uploads\/2023\/06\/3S-Gwatt-012-1024x681.jpg\" \/>\n\t<meta property=\"og:image:width\" content=\"1024\" \/>\n\t<meta property=\"og:image:height\" content=\"681\" \/>\n\t<meta property=\"og:image:type\" content=\"image\/jpeg\" \/>\n<meta name=\"author\" content=\"Solar Architecture\" \/>\n<meta name=\"twitter:card\" content=\"summary_large_image\" \/>\n<meta name=\"twitter:label1\" content=\"\u00c9crit par\" \/>\n\t<meta name=\"twitter:data1\" content=\"Solar Architecture\" \/>\n\t<meta name=\"twitter:label2\" content=\"Dur\u00e9e de lecture estim\u00e9e\" \/>\n\t<meta name=\"twitter:data2\" content=\"8 minutes\" \/>\n<script type=\"application\/ld+json\" class=\"yoast-schema-graph\">{\"@context\":\"https:\/\/schema.org\",\"@graph\":[{\"@type\":\"Article\",\"@id\":\"https:\/\/solarchitecture.ch\/fr\/la-suisse-pionniere-de-linnovation-dans-le-solaire\/#article\",\"isPartOf\":{\"@id\":\"https:\/\/solarchitecture.ch\/fr\/la-suisse-pionniere-de-linnovation-dans-le-solaire\/\"},\"author\":{\"name\":\"Solar Architecture\",\"@id\":\"https:\/\/solarchitecture.ch\/fr\/#\/schema\/person\/9574b0ccd534aeaa599ef02f64445744\"},\"headline\":\"La Suisse : pionni\u00e8re de l\u2019innovation dans le solaire\",\"datePublished\":\"2023-06-20T07:12:18+00:00\",\"dateModified\":\"2023-06-20T12:57:43+00:00\",\"mainEntityOfPage\":{\"@id\":\"https:\/\/solarchitecture.ch\/fr\/la-suisse-pionniere-de-linnovation-dans-le-solaire\/\"},\"wordCount\":2296,\"publisher\":{\"@id\":\"https:\/\/solarchitecture.ch\/fr\/#organization\"},\"image\":{\"@id\":\"https:\/\/solarchitecture.ch\/fr\/la-suisse-pionniere-de-linnovation-dans-le-solaire\/#primaryimage\"},\"thumbnailUrl\":\"https:\/\/solarchitecture.ch\/wp-content\/uploads\/2023\/06\/3S-Gwatt-012.jpg\",\"articleSection\":[\"News\"],\"inLanguage\":\"fr-FR\"},{\"@type\":\"WebPage\",\"@id\":\"https:\/\/solarchitecture.ch\/fr\/la-suisse-pionniere-de-linnovation-dans-le-solaire\/\",\"url\":\"https:\/\/solarchitecture.ch\/fr\/la-suisse-pionniere-de-linnovation-dans-le-solaire\/\",\"name\":\"La Suisse : pionni\u00e8re de l\u2019innovation dans le solaire - Solarchitecture\",\"isPartOf\":{\"@id\":\"https:\/\/solarchitecture.ch\/fr\/#website\"},\"primaryImageOfPage\":{\"@id\":\"https:\/\/solarchitecture.ch\/fr\/la-suisse-pionniere-de-linnovation-dans-le-solaire\/#primaryimage\"},\"image\":{\"@id\":\"https:\/\/solarchitecture.ch\/fr\/la-suisse-pionniere-de-linnovation-dans-le-solaire\/#primaryimage\"},\"thumbnailUrl\":\"https:\/\/solarchitecture.ch\/wp-content\/uploads\/2023\/06\/3S-Gwatt-012.jpg\",\"datePublished\":\"2023-06-20T07:12:18+00:00\",\"dateModified\":\"2023-06-20T12:57:43+00:00\",\"breadcrumb\":{\"@id\":\"https:\/\/solarchitecture.ch\/fr\/la-suisse-pionniere-de-linnovation-dans-le-solaire\/#breadcrumb\"},\"inLanguage\":\"fr-FR\",\"potentialAction\":[{\"@type\":\"ReadAction\",\"target\":[\"https:\/\/solarchitecture.ch\/fr\/la-suisse-pionniere-de-linnovation-dans-le-solaire\/\"]}]},{\"@type\":\"ImageObject\",\"inLanguage\":\"fr-FR\",\"@id\":\"https:\/\/solarchitecture.ch\/fr\/la-suisse-pionniere-de-linnovation-dans-le-solaire\/#primaryimage\",\"url\":\"https:\/\/solarchitecture.ch\/wp-content\/uploads\/2023\/06\/3S-Gwatt-012.jpg\",\"contentUrl\":\"https:\/\/solarchitecture.ch\/wp-content\/uploads\/2023\/06\/3S-Gwatt-012.jpg\",\"width\":4000,\"height\":2661},{\"@type\":\"BreadcrumbList\",\"@id\":\"https:\/\/solarchitecture.ch\/fr\/la-suisse-pionniere-de-linnovation-dans-le-solaire\/#breadcrumb\",\"itemListElement\":[{\"@type\":\"ListItem\",\"position\":1,\"name\":\"Home\",\"item\":\"https:\/\/solarchitecture.ch\/fr\/\"},{\"@type\":\"ListItem\",\"position\":2,\"name\":\"La Suisse : pionni\u00e8re de l\u2019innovation dans le solaire\"}]},{\"@type\":\"WebSite\",\"@id\":\"https:\/\/solarchitecture.ch\/fr\/#website\",\"url\":\"https:\/\/solarchitecture.ch\/fr\/\",\"name\":\"Solarchitecture\",\"description\":\"Building solution\",\"publisher\":{\"@id\":\"https:\/\/solarchitecture.ch\/fr\/#organization\"},\"potentialAction\":[{\"@type\":\"SearchAction\",\"target\":{\"@type\":\"EntryPoint\",\"urlTemplate\":\"https:\/\/solarchitecture.ch\/fr\/?s={search_term_string}\"},\"query-input\":{\"@type\":\"PropertyValueSpecification\",\"valueRequired\":true,\"valueName\":\"search_term_string\"}}],\"inLanguage\":\"fr-FR\"},{\"@type\":\"Organization\",\"@id\":\"https:\/\/solarchitecture.ch\/fr\/#organization\",\"name\":\"Solarchitecture\",\"url\":\"https:\/\/solarchitecture.ch\/fr\/\",\"logo\":{\"@type\":\"ImageObject\",\"inLanguage\":\"fr-FR\",\"@id\":\"https:\/\/solarchitecture.ch\/fr\/#\/schema\/logo\/image\/\",\"url\":\"https:\/\/solarchitecture.ch\/wp-content\/uploads\/2022\/07\/solarchitecture_logo.jpg\",\"contentUrl\":\"https:\/\/solarchitecture.ch\/wp-content\/uploads\/2022\/07\/solarchitecture_logo.jpg\",\"width\":312,\"height\":312,\"caption\":\"Solarchitecture\"},\"image\":{\"@id\":\"https:\/\/solarchitecture.ch\/fr\/#\/schema\/logo\/image\/\"}},{\"@type\":\"Person\",\"@id\":\"https:\/\/solarchitecture.ch\/fr\/#\/schema\/person\/9574b0ccd534aeaa599ef02f64445744\",\"name\":\"Solar Architecture\",\"image\":{\"@type\":\"ImageObject\",\"inLanguage\":\"fr-FR\",\"@id\":\"https:\/\/solarchitecture.ch\/fr\/#\/schema\/person\/image\/\",\"url\":\"https:\/\/secure.gravatar.com\/avatar\/5248fcb2bab99263f8f157f166bf6916de4582d008a551554fe906e623e4fda0?s=96&d=mm&r=g\",\"contentUrl\":\"https:\/\/secure.gravatar.com\/avatar\/5248fcb2bab99263f8f157f166bf6916de4582d008a551554fe906e623e4fda0?s=96&d=mm&r=g\",\"caption\":\"Solar Architecture\"},\"url\":\"https:\/\/solarchitecture.ch\/fr\/author\/solar\/\"}]}<\/script>\n<!-- \/ Yoast SEO plugin. -->","yoast_head_json":{"title":"La Suisse : pionni\u00e8re de l\u2019innovation dans le solaire - Solarchitecture","robots":{"index":"index","follow":"follow","max-snippet":"max-snippet:-1","max-image-preview":"max-image-preview:large","max-video-preview":"max-video-preview:-1"},"canonical":"https:\/\/solarchitecture.ch\/fr\/la-suisse-pionniere-de-linnovation-dans-le-solaire\/","og_locale":"fr_FR","og_type":"article","og_title":"La Suisse : pionni\u00e8re de l\u2019innovation dans le solaire - Solarchitecture","og_description":"[vc_row][vc_column offset=\u00a0\u00bbvc_hidden-lg vc_hidden-md vc_hidden-sm vc_hidden-xs\u00a0\u00bb][vc_acf field_group=\u00a0\u00bb30126&Prime; field_from_30126=\u00a0\u00bbfield_5c079de146ee1&Prime;][\/vc_column][\/vc_row][vc_row][vc_column][\/vc_column][\/vc_row][vc_row][vc_column width=\u00a0\u00bb3\/4&Prime; dfd_column_responsive_enable=\u00a0\u00bbdfd-column-responsive-enable\u00a0\u00bb css=\u00a0\u00bb.vc_custom_1548941680917{border-right-width: 1px !important;padding-right: 25px !important;padding-left: 25px !important;border-right-color: #000000 !important;border-right-style: solid !important;}\u00a0\u00bb responsive_styles=\u00a0\u00bbborder_right_mobile:0&Prime;][vc_column_text css=\u00a0\u00bb.vc_custom_1686749236374{padding-bottom: 30px !important;}\u00a0\u00bb]19 juin 2023[\/vc_column_text][vc_single_image image=\u00a0\u00bb55827&Prime; img_size=\u00a0\u00bbfull\u00a0\u00bb][vc_column_text css=\u00a0\u00bb.vc_custom_1687265349833{padding-top: 10px","og_url":"https:\/\/solarchitecture.ch\/fr\/la-suisse-pionniere-de-linnovation-dans-le-solaire\/","og_site_name":"Solarchitecture","article_published_time":"2023-06-20T07:12:18+00:00","article_modified_time":"2023-06-20T12:57:43+00:00","og_image":[{"width":1024,"height":681,"url":"https:\/\/solarchitecture.ch\/wp-content\/uploads\/2023\/06\/3S-Gwatt-012-1024x681.jpg","type":"image\/jpeg"}],"author":"Solar Architecture","twitter_card":"summary_large_image","twitter_misc":{"\u00c9crit par":"Solar Architecture","Dur\u00e9e de lecture estim\u00e9e":"8 minutes"},"schema":{"@context":"https:\/\/schema.org","@graph":[{"@type":"Article","@id":"https:\/\/solarchitecture.ch\/fr\/la-suisse-pionniere-de-linnovation-dans-le-solaire\/#article","isPartOf":{"@id":"https:\/\/solarchitecture.ch\/fr\/la-suisse-pionniere-de-linnovation-dans-le-solaire\/"},"author":{"name":"Solar Architecture","@id":"https:\/\/solarchitecture.ch\/fr\/#\/schema\/person\/9574b0ccd534aeaa599ef02f64445744"},"headline":"La Suisse : pionni\u00e8re de l\u2019innovation dans le solaire","datePublished":"2023-06-20T07:12:18+00:00","dateModified":"2023-06-20T12:57:43+00:00","mainEntityOfPage":{"@id":"https:\/\/solarchitecture.ch\/fr\/la-suisse-pionniere-de-linnovation-dans-le-solaire\/"},"wordCount":2296,"publisher":{"@id":"https:\/\/solarchitecture.ch\/fr\/#organization"},"image":{"@id":"https:\/\/solarchitecture.ch\/fr\/la-suisse-pionniere-de-linnovation-dans-le-solaire\/#primaryimage"},"thumbnailUrl":"https:\/\/solarchitecture.ch\/wp-content\/uploads\/2023\/06\/3S-Gwatt-012.jpg","articleSection":["News"],"inLanguage":"fr-FR"},{"@type":"WebPage","@id":"https:\/\/solarchitecture.ch\/fr\/la-suisse-pionniere-de-linnovation-dans-le-solaire\/","url":"https:\/\/solarchitecture.ch\/fr\/la-suisse-pionniere-de-linnovation-dans-le-solaire\/","name":"La Suisse : pionni\u00e8re de l\u2019innovation dans le solaire - Solarchitecture","isPartOf":{"@id":"https:\/\/solarchitecture.ch\/fr\/#website"},"primaryImageOfPage":{"@id":"https:\/\/solarchitecture.ch\/fr\/la-suisse-pionniere-de-linnovation-dans-le-solaire\/#primaryimage"},"image":{"@id":"https:\/\/solarchitecture.ch\/fr\/la-suisse-pionniere-de-linnovation-dans-le-solaire\/#primaryimage"},"thumbnailUrl":"https:\/\/solarchitecture.ch\/wp-content\/uploads\/2023\/06\/3S-Gwatt-012.jpg","datePublished":"2023-06-20T07:12:18+00:00","dateModified":"2023-06-20T12:57:43+00:00","breadcrumb":{"@id":"https:\/\/solarchitecture.ch\/fr\/la-suisse-pionniere-de-linnovation-dans-le-solaire\/#breadcrumb"},"inLanguage":"fr-FR","potentialAction":[{"@type":"ReadAction","target":["https:\/\/solarchitecture.ch\/fr\/la-suisse-pionniere-de-linnovation-dans-le-solaire\/"]}]},{"@type":"ImageObject","inLanguage":"fr-FR","@id":"https:\/\/solarchitecture.ch\/fr\/la-suisse-pionniere-de-linnovation-dans-le-solaire\/#primaryimage","url":"https:\/\/solarchitecture.ch\/wp-content\/uploads\/2023\/06\/3S-Gwatt-012.jpg","contentUrl":"https:\/\/solarchitecture.ch\/wp-content\/uploads\/2023\/06\/3S-Gwatt-012.jpg","width":4000,"height":2661},{"@type":"BreadcrumbList","@id":"https:\/\/solarchitecture.ch\/fr\/la-suisse-pionniere-de-linnovation-dans-le-solaire\/#breadcrumb","itemListElement":[{"@type":"ListItem","position":1,"name":"Home","item":"https:\/\/solarchitecture.ch\/fr\/"},{"@type":"ListItem","position":2,"name":"La Suisse : pionni\u00e8re de l\u2019innovation dans le solaire"}]},{"@type":"WebSite","@id":"https:\/\/solarchitecture.ch\/fr\/#website","url":"https:\/\/solarchitecture.ch\/fr\/","name":"Solarchitecture","description":"Building solution","publisher":{"@id":"https:\/\/solarchitecture.ch\/fr\/#organization"},"potentialAction":[{"@type":"SearchAction","target":{"@type":"EntryPoint","urlTemplate":"https:\/\/solarchitecture.ch\/fr\/?s={search_term_string}"},"query-input":{"@type":"PropertyValueSpecification","valueRequired":true,"valueName":"search_term_string"}}],"inLanguage":"fr-FR"},{"@type":"Organization","@id":"https:\/\/solarchitecture.ch\/fr\/#organization","name":"Solarchitecture","url":"https:\/\/solarchitecture.ch\/fr\/","logo":{"@type":"ImageObject","inLanguage":"fr-FR","@id":"https:\/\/solarchitecture.ch\/fr\/#\/schema\/logo\/image\/","url":"https:\/\/solarchitecture.ch\/wp-content\/uploads\/2022\/07\/solarchitecture_logo.jpg","contentUrl":"https:\/\/solarchitecture.ch\/wp-content\/uploads\/2022\/07\/solarchitecture_logo.jpg","width":312,"height":312,"caption":"Solarchitecture"},"image":{"@id":"https:\/\/solarchitecture.ch\/fr\/#\/schema\/logo\/image\/"}},{"@type":"Person","@id":"https:\/\/solarchitecture.ch\/fr\/#\/schema\/person\/9574b0ccd534aeaa599ef02f64445744","name":"Solar Architecture","image":{"@type":"ImageObject","inLanguage":"fr-FR","@id":"https:\/\/solarchitecture.ch\/fr\/#\/schema\/person\/image\/","url":"https:\/\/secure.gravatar.com\/avatar\/5248fcb2bab99263f8f157f166bf6916de4582d008a551554fe906e623e4fda0?s=96&d=mm&r=g","contentUrl":"https:\/\/secure.gravatar.com\/avatar\/5248fcb2bab99263f8f157f166bf6916de4582d008a551554fe906e623e4fda0?s=96&d=mm&r=g","caption":"Solar Architecture"},"url":"https:\/\/solarchitecture.ch\/fr\/author\/solar\/"}]}},"_links":{"self":[{"href":"https:\/\/solarchitecture.ch\/fr\/wp-json\/wp\/v2\/posts\/55925","targetHints":{"allow":["GET"]}}],"collection":[{"href":"https:\/\/solarchitecture.ch\/fr\/wp-json\/wp\/v2\/posts"}],"about":[{"href":"https:\/\/solarchitecture.ch\/fr\/wp-json\/wp\/v2\/types\/post"}],"author":[{"embeddable":true,"href":"https:\/\/solarchitecture.ch\/fr\/wp-json\/wp\/v2\/users\/2021"}],"replies":[{"embeddable":true,"href":"https:\/\/solarchitecture.ch\/fr\/wp-json\/wp\/v2\/comments?post=55925"}],"version-history":[{"count":15,"href":"https:\/\/solarchitecture.ch\/fr\/wp-json\/wp\/v2\/posts\/55925\/revisions"}],"predecessor-version":[{"id":55963,"href":"https:\/\/solarchitecture.ch\/fr\/wp-json\/wp\/v2\/posts\/55925\/revisions\/55963"}],"wp:featuredmedia":[{"embeddable":true,"href":"https:\/\/solarchitecture.ch\/fr\/wp-json\/wp\/v2\/media\/55827"}],"wp:attachment":[{"href":"https:\/\/solarchitecture.ch\/fr\/wp-json\/wp\/v2\/media?parent=55925"}],"wp:term":[{"taxonomy":"category","embeddable":true,"href":"https:\/\/solarchitecture.ch\/fr\/wp-json\/wp\/v2\/categories?post=55925"},{"taxonomy":"post_tag","embeddable":true,"href":"https:\/\/solarchitecture.ch\/fr\/wp-json\/wp\/v2\/tags?post=55925"}],"curies":[{"name":"wp","href":"https:\/\/api.w.org\/{rel}","templated":true}]}}