{"id":55566,"date":"2023-05-30T15:05:55","date_gmt":"2023-05-30T13:05:55","guid":{"rendered":"https:\/\/solarchitecture.ch\/energie-solaire-sur-les-auvents-de-parking\/"},"modified":"2023-10-09T10:51:31","modified_gmt":"2023-10-09T08:51:31","slug":"energie-solaire-sur-les-auvents-de-parking","status":"publish","type":"post","link":"https:\/\/solarchitecture.ch\/fr\/energie-solaire-sur-les-auvents-de-parking\/","title":{"rendered":"\u00c9nergie solaire sur les auvents de parking"},"content":{"rendered":"<div class=\"wpb-content-wrapper\"><p>[vc_row][vc_column offset=\u00a0\u00bbvc_hidden-lg vc_hidden-md vc_hidden-sm vc_hidden-xs\u00a0\u00bb][vc_acf field_group=\u00a0\u00bb30126&Prime; field_from_30126=\u00a0\u00bbfield_5c079de146ee1&Prime;][\/vc_column][\/vc_row][vc_row][vc_column]<div class=\"dfd-spacer-module\"  data-units=\"px\" data-wide_resolution=\"1280\" data-wide_size=\"100\" data-normal_resolution=\"1024\" data-normal_size=\"100\" data-tablet_resolution=\"800\" data-tablet_size=\"50\" data-mobile_resolution=\"480\" data-mobile_size=\"50\" style=\"height: 100px;\"><\/div>[\/vc_column][\/vc_row][vc_row][vc_column width=\u00a0\u00bb3\/4&Prime; dfd_column_responsive_enable=\u00a0\u00bbdfd-column-responsive-enable\u00a0\u00bb css=\u00a0\u00bb.vc_custom_1548941680917{border-right-width: 1px !important;padding-right: 25px !important;padding-left: 25px !important;border-right-color: #000000 !important;border-right-style: solid !important;}\u00a0\u00bb responsive_styles=\u00a0\u00bbborder_right_mobile:0&Prime;]<div class=\"dfd-heading-shortcode\"><div class=\"dfd-heading-module-wrap  text-left style_01 cr-animate-gen dfd-heading-69f25e3d43d10 dfd-enable-resposive-headings\" id=\"dfd-heading-69f25e3d43d10\" data-animate-type = \"transition.slideLeftIn\" ><div class=\"inline-block\"><div class=\"dfd-heading-module\"><div class=\"widget-title dfd-title block-title\" style=\"font-family:Montserrat; font-weight:700; font-style:normal; font-size: 35px; color: #000000 !important; line-height: 45px; letter-spacing: 0px; \">\u00c9nergie solaire sur les auvents de parking<\/div><\/div><\/div><\/div><script type=\"text\/javascript\">\r\n\t\t\t\t\t\t\t\t\t(function($) {\r\n\t\t\t\t\t\t\t\t\t\t$(\"head\").append(\"<style>.dfd-heading-69f25e3d43d10.dfd-heading-module-wrap .dfd-heading-module .dfd-heading-delimiter {margin-top:10px;margin-bottom:10px;}@media (max-width: 1279px) and (min-width: 1024px){.dfd-heading-69f25e3d43d10 .dfd-title{font-size: 40px !important;letter-spacing: 0px !important;line-height: 45px !important;}}@media (max-width: 1023px) and (min-width: 800px){.dfd-heading-69f25e3d43d10 .dfd-title{font-size: 35px !important;letter-spacing: 0px !important;line-height: 40px !important;}}@media (max-width: 799px){.dfd-heading-69f25e3d43d10 .dfd-title{font-size: 30px !important;letter-spacing: 0px !important;line-height: 35px !important;}}<\/style>\");\r\n\t\t\t\t\t\t\t\t\t})(jQuery);\r\n\t\t\t\t\t\t\t\t<\/script><\/div>[vc_column_text css=\u00a0\u00bb.vc_custom_1684844418187{padding-bottom: 30px !important;}\u00a0\u00bb]Mardi 23 mai 2023[\/vc_column_text][vc_single_image image=\u00a0\u00bb55539&Prime; img_size=\u00a0\u00bbfull\u00a0\u00bb][vc_column_text css=\u00a0\u00bb.vc_custom_1696658424532{padding-top: 10px !important;padding-bottom: 10px !important;}\u00a0\u00bb]<\/p>\n<h3 style=\"text-align: left;\">Solarwing Mod\u00e8le W, ce produit de Swisscarport permet de couvrir non seulement les parkings mais aussi la chauss\u00e9e entre les rang\u00e9es de parking. Swiss-Solarparkplatz.de\/ch est une marque de Max Zumstein AG. Source : Swisscarport.ch.<\/h3>\n<p>[\/vc_column_text][vc_column_text css=\u00a0\u00bb.vc_custom_1684844088861{padding-top: 25px !important;}\u00a0\u00bb]Cette \u00e9tude a \u00e9t\u00e9 \u00e9labor\u00e9e par Energie Zukunft Schweiz AG avec le soutien de Suisse\u00e9nergie. Elle a \u00e9t\u00e9 publi\u00e9e en mai 2022.<\/p>\n<p>&nbsp;<\/p>\n<p>L&rsquo;objectif du rapport est de montrer le potentiel des abris solaires et de d\u00e9crire les facteurs techniques et \u00e9conomiques impliqu\u00e9s dans le d\u00e9veloppement et la mise en \u0153uvre de projets d&rsquo;abris solaires. La version compl\u00e8te du rapport, uniquement disponible en allemand, peut \u00eatre t\u00e9l\u00e9charg\u00e9e dans la section \u00ab\u00a0voir aussi\u00a0\u00bb \u00e0 droite de cet article.<\/p>\n<p>&nbsp;<\/p>\n<p>L&rsquo;\u00e9tude est bas\u00e9e sur des entretiens avec un certain nombre de concepteurs, fabricants et installateurs d&rsquo;abris solaires, au cours desquels les principaux aspects, opportunit\u00e9s et d\u00e9fis de la production d&rsquo;\u00e9nergie solaire sur les parkings ont \u00e9t\u00e9 discut\u00e9s.<\/p>\n<p>&nbsp;<\/p>\n<p>Outre les questions techniques, la structure des co\u00fbts et la vente de l&rsquo;\u00e9lectricit\u00e9 doivent \u00eatre analys\u00e9es avec pr\u00e9cision, car la rentabilit\u00e9 des projets de carports solaires n&rsquo;est pas toujours \u00e9vidente. Beaucoup de grands exploitants de parkings sont donc r\u00e9ticents \u00e0 \u00e9quiper leurs aires de ce type de syst\u00e8me. Mais l&rsquo;essor de l&rsquo;\u00e9lectromobilit\u00e9 pourrait changer la donne.<\/p>\n<p>&nbsp;<\/p>\n<p>La Suisse compte au moins 64 km\u00b2 de parkings avec un potentiel photovolta\u00efque th\u00e9orique de 6 \u00e0 10 GWp. Plusieurs grands carports solaires ont \u00e9t\u00e9 install\u00e9s ces derni\u00e8res ann\u00e9es ; le plus grand a une capacit\u00e9 de 6,75 MWp. Ces carports solaires pr\u00e9sentent de nombreux avantages. Les v\u00e9hicules sont prot\u00e9g\u00e9s par des auvents, des stations de recharge pour v\u00e9hicules \u00e9lectriques peuvent \u00eatre directement int\u00e9gr\u00e9es dans la structure, ce qui offre une possibilit\u00e9 de double usage pour une zone d\u00e9j\u00e0 construite.<\/p>\n<p>&nbsp;<\/p>\n<p>Les facteurs de complication mentionn\u00e9s pr\u00e9c\u00e9demment concernent \u00e9galement la coordination des travaux de construction avec l&rsquo;activit\u00e9 dans la zone de stationnement, ainsi que le choix des fondations et d&rsquo;une structure d&rsquo;abri de voiture adapt\u00e9e.<\/p>\n<p>&nbsp;<\/p>\n<p>En g\u00e9n\u00e9ral, plus le carport solaire est grand, plus les co\u00fbts d&rsquo;investissement sp\u00e9cifiques sont bas (CHF par kWp de capacit\u00e9 install\u00e9e) et plus la consommation sur site est \u00e9lev\u00e9e, plus le carport solaire est rapidement amorti. Avec l&rsquo;\u00e9lectrification croissante du secteur automobile, la demande de stations de recharge pour v\u00e9hicules \u00e9lectriques augmente, et avec elle la pertinence des auvents de parking g\u00e9n\u00e9rateurs d&rsquo;\u00e9lectricit\u00e9 pour lesquels la part de consommation propre peut \u00eatre consid\u00e9rable.[\/vc_column_text][\/vc_column][vc_column width=\u00a0\u00bb1\/4&Prime; dfd_column_responsive_enable=\u00a0\u00bbdfd-column-responsive-enable\u00a0\u00bb css=\u00a0\u00bb.vc_custom_1548941751542{padding-right: 25px !important;padding-left: 25px !important;}\u00a0\u00bb responsive_styles=\u00a0\u00bbpadding_top_mobile:80&Prime;]<div class=\"dfd-heading-shortcode\"><div class=\"dfd-heading-module-wrap  text-left style_01 dfd-heading-69f25e3d43ea3 dfd-enable-resposive-headings\" id=\"dfd-heading-69f25e3d43ea3\" ><div class=\"inline-block\"><div class=\"dfd-heading-module\"><div class=\"widget-title dfd-title block-title\" style=\"font-size: 25px; font-family: MontserratBold; color: #000000 !important; line-height: 32px; letter-spacing: 0px; \">Voir aussi<\/div><\/div><\/div><\/div><script type=\"text\/javascript\">\r\n\t\t\t\t\t\t\t\t\t(function($) {\r\n\t\t\t\t\t\t\t\t\t\t$(\"head\").append(\"<style>.dfd-heading-69f25e3d43ea3 .dfd-heading-module .widget-title {margin-bottom:15px;}.dfd-heading-69f25e3d43ea3.dfd-heading-module-wrap .dfd-heading-module .dfd-heading-delimiter {margin-top:10px;margin-bottom:10px;}<\/style>\");\r\n\t\t\t\t\t\t\t\t\t})(jQuery);\r\n\t\t\t\t\t\t\t\t<\/script><\/div>[vc_row_inner][vc_column_inner css=\u00a0\u00bb.vc_custom_1583843692171{padding-top: 25px !important;}\u00a0\u00bb col_inner_shadow=\u00a0\u00bbbox_shadow_enable:disable|shadow_horizontal:0|shadow_vertical:15|shadow_blur:50|shadow_spread:0|box_shadow_color:rgba(0%2C0%2C0%2C0.35)\u00a0\u00bb col_inner_shadow_hover=\u00a0\u00bbbox_shadow_enable:disable|shadow_horizontal:0|shadow_vertical:15|shadow_blur:50|shadow_spread:0|box_shadow_color:rgba(0%2C0%2C0%2C0.35)\u00a0\u00bb]<div id=\"idinfobox69f25e3d43fef\" class=\"dfd-info-box clearfix style-01 layout-04  idinfobox69f25e3d43fef cr-animate-gen\" data-animate-item=\".dfd-animate-container\" data-animate-type = \"transition.slideUpIn\" ><div class=\"dfd-animate-container\"><div class=\"icon-wrapper\"><div class=\"module-icon\" style=\"border-radius:px;font-size:65px;\"><div class=\"hover-layer\" ><\/div><img decoding=\"async\" src=\"https:\/\/solarchitecture.ch\/wp-content\/uploads\/2023\/05\/energieschweiz-logo-130x130.png\" alt=\"Image icon\" style=\"width: 65px;opacity: 1;\" \/><\/div><\/div><div class=\"content-wrap ovh\"><div class=\"info-box-title feature-title\" style=\"font-size: 14px; color: #000000 !important; line-height: 20px; \">Rapport complet<\/div><div class=\"info-box-subtitle subtitle\" style=\"font-size: 14px; color: #000000 !important; line-height: 20px; font-style:italic; \">T\u00e9l\u00e9charger PDF (FR)<\/div><div class=\"description\" style=\"\"><\/div><\/div><a href=\"https:\/\/solarchitecture.ch\/wp-content\/uploads\/2023\/05\/10905-220506_Solarstrom_auf_Parkplatzflachen_Endbericht.pdf\"  target=\"_blank\" class=\"full-box-link\"><\/a><\/div><\/div><div id=\"idinfobox69f25e3d4463f\" class=\"dfd-info-box clearfix style-01 layout-04  idinfobox69f25e3d4463f cr-animate-gen\" data-animate-item=\".dfd-animate-container\" data-animate-type = \"transition.slideUpIn\" ><div class=\"dfd-animate-container\"><div class=\"icon-wrapper\"><div class=\"module-icon\" style=\"border-radius:px;font-size:65px;\"><div class=\"hover-layer\" ><\/div><img decoding=\"async\" src=\"https:\/\/solarchitecture.ch\/wp-content\/uploads\/2023\/05\/Energie-Zukunft-Schweiz-AG_logo-130x130.jpg\" alt=\"Image icon\" style=\"width: 65px;opacity: 1;\" \/><\/div><\/div><div class=\"content-wrap ovh\"><div class=\"info-box-title feature-title\" style=\"font-size: 14px; color: #000000 !important; line-height: 20px; \">Energie Zukunft Schweiz<\/div><div class=\"info-box-subtitle subtitle\" style=\"font-size: 14px; color: #000000 !important; line-height: 20px; font-style:italic; \">Visiter le site web<\/div><div class=\"description\" style=\"\"><\/div><\/div><a href=\"https:\/\/energiezukunftschweiz.ch\/fr\/\"  target=\"_blank\" class=\"full-box-link\"><\/a><\/div><\/div>[\/vc_column_inner][\/vc_row_inner]<div class=\"dfd-spacer-module\"  data-units=\"px\" data-wide_resolution=\"1280\" data-wide_size=\"80\" data-normal_resolution=\"1024\" data-normal_size=\"80\" data-tablet_resolution=\"800\" data-tablet_size=\"80\" data-mobile_resolution=\"480\" data-mobile_size=\"80\" style=\"height: 80px;\"><\/div><div class=\"dfd-shar-module-cover\"><div class=\"dfd-new-share-module  text-left style-6 horizontal   \" ><div class=\"module module-entry-share\" id=\"dfd_share_69f25e3d44bf0\"><ul class=\"module-entry-share-links-list rrssb-buttons\" data-directory=\"https:\/\/solarchitecture.ch\/wp-content\/themes\/dfd-ronneby\"><li class=\"rrssb-facebook\"><a class=\"module-entry-share-link-facebook feature-title\" data-title=\"Solarchitecture\" data-url=\"https:\/\/solarchitecture.ch\" data-media=\"\" href=\"https:\/\/www.facebook.com\/sharer\/sharer.php?u=https:\/\/solarchitecture.ch\"  style=\"border-radius: 1px; font-size: 14px; \"><span class=\"dfd-share-icon\" style=\"width: 30px; height: 30px; line-height: 30px;\"><\/span><\/a><\/li><li class=\"rrssb-linkedin\"><a class=\"module-entry-share-link-linkedin feature-title\" data-title=\"Solarchitecture\" data-url=\"https:\/\/solarchitecture.ch\" data-media=\"\" href=\"http:\/\/www.linkedin.com\/shareArticle?mini=true&#038;url=https:\/\/solarchitecture.ch\"  style=\"border-radius: 1px; font-size: 14px; \"><span class=\"dfd-share-icon\" style=\"width: 30px; height: 30px; line-height: 30px;\"><\/span><\/a><\/li><li class=\"rrssb-pinterest\"><a class=\"module-entry-share-link-pinterest feature-title\" data-title=\"Solarchitecture\" data-url=\"https:\/\/solarchitecture.ch\" data-media=\"\" href=\"http:\/\/pinterest.com\/pin\/create\/button\/?url=https:\/\/solarchitecture.ch&#038;image_url=https:\/\/solarchitecture.ch\/wp-content\/uploads\/2023\/05\/SolarwingW6.jpg\"  style=\"border-radius: 1px; font-size: 14px; \"><span class=\"dfd-share-icon\" style=\"width: 30px; height: 30px; line-height: 30px;\"><\/span><\/a><\/li><\/ul><\/div><\/div>\t\t\t<script type=\"text\/javascript\">\r\n\t\t\t\t(function ($) {\r\n\t\t\t\t\t\"use strict\";\r\n\t\t\t\t\t$(document).ready(function () {\r\n\t\t\t\t\t\tvar $share_container = $('#dfd_share_69f25e3d44bf0 .module-entry-share-links-list li');\r\n\t\t\t\t\t\tvar parent = $share_container.parent().parent().parent();\r\n\t\t\t\t\t\tif ($share_container.length > 0) {\r\n\t\t\t\t\t\t\tvar scrollbarWidth;\r\n\t\t\t\t\t\t\tvar div = document.createElement('div');\r\n\t\t\t\t\t\t\tdiv.style.overflowY = 'scroll';\r\n\t\t\t\t\t\t\tdiv.style.width = '50px';\r\n\t\t\t\t\t\t\tdiv.style.height = '50px';\r\n\t\t\t\t\t\t\tdiv.style.visibility = 'hidden';\r\n\t\t\t\t\t\t\tdocument.body.appendChild(div);\r\n\t\t\t\t\t\t\tscrollbarWidth = div.offsetWidth - div.clientWidth;\r\n\t\t\t\t\t\t\tdocument.body.removeChild(div);\r\n\t\t\t\t\t\t\tvar setShareWidth = function () {\r\n\t\t\t\t\t\t\t\tif (($(window).width() + scrollbarWidth) >= 800) {\r\n\t\t\t\t\t\t\t\t\tif (parent.hasClass(\"style-6\") || parent.hasClass(\"style-7\") || parent.hasClass(\"vertical\")) {\r\n\t\t\t\t\t\t\t\t\t\t$share_container.width('auto');\r\n\t\t\t\t\t\t\t\t\t} else {\r\n\t\t\t\t\t\t\t\t\t\t$share_container.dfdEqWidth();\r\n\t\t\t\t\t\t\t\t\t}\r\n\t\t\t\t\t\t\t\t} else {\r\n\t\t\t\t\t\t\t\t\tif (parent.hasClass(\"style-6\") || parent.hasClass(\"style-7\") || parent.hasClass(\"vertical\")) {\r\n\t\t\t\t\t\t\t\t\t\t$share_container.width('auto');\r\n\t\t\t\t\t\t\t\t\t} else {\r\n\t\t\t\t\t\t\t\t\t\t$share_container.width('100%');\r\n\t\t\t\t\t\t\t\t\t}\r\n\t\t\t\t\t\t\t\t}\r\n\t\t\t\t\t\t\t};\r\n\t\t\t\t\t\t\tsetShareWidth();\r\n\t\t\t\t\t\t\t$(window).resize(setShareWidth);\r\n\t\t\t\t\t\t}\r\n\t\t\t\t\t});\r\n\t\t\t\t\t\t\t\t\t$('head').append('<style type=\"text\/css\">.dfd-new-share-module.style-6 #dfd_share_69f25e3d44bf0 ul li a {border-style: solid;border-width: 1px;border-color: #000000;background: #ffffff;color: #000000;}<\/style>');\r\n\t\t\t\t\t\t\t})(jQuery);\r\n\t\t\t<\/script>\r\n\r\n\t\t\t<\/div>[\/vc_column][\/vc_row][vc_row][vc_column]<div class=\"dfd-spacer-module\"  data-units=\"px\" data-wide_resolution=\"1280\" data-wide_size=\"100\" data-normal_resolution=\"1024\" data-normal_size=\"100\" data-tablet_resolution=\"800\" data-tablet_size=\"100\" data-mobile_resolution=\"480\" data-mobile_size=\"100\" style=\"height: 100px;\"><\/div>[\/vc_column][\/vc_row]<\/p>\n<\/div>","protected":false},"excerpt":{"rendered":"<p>[vc_row][vc_column offset=\u00a0\u00bbvc_hidden-lg vc_hidden-md vc_hidden-sm vc_hidden-xs\u00a0\u00bb][vc_acf field_group=\u00a0\u00bb30126&Prime; field_from_30126=\u00a0\u00bbfield_5c079de146ee1&Prime;][\/vc_column][\/vc_row][vc_row][vc_column][\/vc_column][\/vc_row][vc_row][vc_column width=\u00a0\u00bb3\/4&Prime; dfd_column_responsive_enable=\u00a0\u00bbdfd-column-responsive-enable\u00a0\u00bb css=\u00a0\u00bb.vc_custom_1548941680917{border-right-width: 1px !important;padding-right: 25px !important;padding-left: 25px !important;border-right-color: #000000 !important;border-right-style: solid !important;}\u00a0\u00bb responsive_styles=\u00a0\u00bbborder_right_mobile:0&Prime;][vc_column_text css=\u00a0\u00bb.vc_custom_1684844418187{padding-bottom: 30px !important;}\u00a0\u00bb]Mardi 23 mai 2023[\/vc_column_text][vc_single_image image=\u00a0\u00bb55539&Prime; img_size=\u00a0\u00bbfull\u00a0\u00bb][vc_column_text css=\u00a0\u00bb.vc_custom_1696658424532{padding-top:<\/p>\n","protected":false},"author":2021,"featured_media":55539,"comment_status":"closed","ping_status":"closed","sticky":false,"template":"","format":"standard","meta":{"_acf_changed":false,"inline_featured_image":false,"footnotes":""},"categories":[456,1],"tags":[],"class_list":["post-55566","post","type-post","status-publish","format-standard","has-post-thumbnail","hentry","category-news-fr","category-uncategorized"],"acf":[],"yoast_head":"<!-- This site is optimized with the Yoast SEO plugin v26.7 - https:\/\/yoast.com\/wordpress\/plugins\/seo\/ -->\n<title>\u00c9nergie solaire sur les auvents de parking - Solarchitecture<\/title>\n<meta name=\"robots\" content=\"index, follow, max-snippet:-1, max-image-preview:large, max-video-preview:-1\" \/>\n<link rel=\"canonical\" href=\"https:\/\/solarchitecture.ch\/fr\/energie-solaire-sur-les-auvents-de-parking\/\" \/>\n<meta property=\"og:locale\" content=\"fr_FR\" \/>\n<meta property=\"og:type\" content=\"article\" \/>\n<meta property=\"og:title\" content=\"\u00c9nergie solaire sur les auvents de parking - Solarchitecture\" \/>\n<meta property=\"og:description\" content=\"[vc_row][vc_column offset=\u00a0\u00bbvc_hidden-lg vc_hidden-md vc_hidden-sm vc_hidden-xs\u00a0\u00bb][vc_acf field_group=\u00a0\u00bb30126&Prime; field_from_30126=\u00a0\u00bbfield_5c079de146ee1&Prime;][\/vc_column][\/vc_row][vc_row][vc_column][\/vc_column][\/vc_row][vc_row][vc_column width=\u00a0\u00bb3\/4&Prime; dfd_column_responsive_enable=\u00a0\u00bbdfd-column-responsive-enable\u00a0\u00bb css=\u00a0\u00bb.vc_custom_1548941680917{border-right-width: 1px !important;padding-right: 25px !important;padding-left: 25px !important;border-right-color: #000000 !important;border-right-style: solid !important;}\u00a0\u00bb responsive_styles=\u00a0\u00bbborder_right_mobile:0&Prime;][vc_column_text css=\u00a0\u00bb.vc_custom_1684844418187{padding-bottom: 30px !important;}\u00a0\u00bb]Mardi 23 mai 2023[\/vc_column_text][vc_single_image image=\u00a0\u00bb55539&Prime; img_size=\u00a0\u00bbfull\u00a0\u00bb][vc_column_text css=\u00a0\u00bb.vc_custom_1696658424532{padding-top:\" \/>\n<meta property=\"og:url\" content=\"https:\/\/solarchitecture.ch\/fr\/energie-solaire-sur-les-auvents-de-parking\/\" \/>\n<meta property=\"og:site_name\" content=\"Solarchitecture\" \/>\n<meta property=\"article:published_time\" content=\"2023-05-30T13:05:55+00:00\" \/>\n<meta property=\"article:modified_time\" content=\"2023-10-09T08:51:31+00:00\" \/>\n<meta property=\"og:image\" content=\"https:\/\/solarchitecture.ch\/wp-content\/uploads\/2023\/05\/SolarwingW6.jpg\" \/>\n\t<meta property=\"og:image:width\" content=\"1920\" \/>\n\t<meta property=\"og:image:height\" content=\"1080\" \/>\n\t<meta property=\"og:image:type\" content=\"image\/jpeg\" \/>\n<meta name=\"author\" content=\"Solar Architecture\" \/>\n<meta name=\"twitter:card\" content=\"summary_large_image\" \/>\n<meta name=\"twitter:label1\" content=\"\u00c9crit par\" \/>\n\t<meta name=\"twitter:data1\" content=\"Solar Architecture\" \/>\n\t<meta name=\"twitter:label2\" content=\"Dur\u00e9e de lecture estim\u00e9e\" \/>\n\t<meta name=\"twitter:data2\" content=\"5 minutes\" \/>\n<script type=\"application\/ld+json\" class=\"yoast-schema-graph\">{\"@context\":\"https:\/\/schema.org\",\"@graph\":[{\"@type\":\"Article\",\"@id\":\"https:\/\/solarchitecture.ch\/fr\/energie-solaire-sur-les-auvents-de-parking\/#article\",\"isPartOf\":{\"@id\":\"https:\/\/solarchitecture.ch\/fr\/energie-solaire-sur-les-auvents-de-parking\/\"},\"author\":{\"name\":\"Solar Architecture\",\"@id\":\"https:\/\/solarchitecture.ch\/fr\/#\/schema\/person\/9574b0ccd534aeaa599ef02f64445744\"},\"headline\":\"\u00c9nergie solaire sur les auvents de parking\",\"datePublished\":\"2023-05-30T13:05:55+00:00\",\"dateModified\":\"2023-10-09T08:51:31+00:00\",\"mainEntityOfPage\":{\"@id\":\"https:\/\/solarchitecture.ch\/fr\/energie-solaire-sur-les-auvents-de-parking\/\"},\"wordCount\":1095,\"publisher\":{\"@id\":\"https:\/\/solarchitecture.ch\/fr\/#organization\"},\"image\":{\"@id\":\"https:\/\/solarchitecture.ch\/fr\/energie-solaire-sur-les-auvents-de-parking\/#primaryimage\"},\"thumbnailUrl\":\"https:\/\/solarchitecture.ch\/wp-content\/uploads\/2023\/05\/SolarwingW6.jpg\",\"articleSection\":[\"News\",\"Uncategorized\"],\"inLanguage\":\"fr-FR\"},{\"@type\":\"WebPage\",\"@id\":\"https:\/\/solarchitecture.ch\/fr\/energie-solaire-sur-les-auvents-de-parking\/\",\"url\":\"https:\/\/solarchitecture.ch\/fr\/energie-solaire-sur-les-auvents-de-parking\/\",\"name\":\"\u00c9nergie solaire sur les auvents de parking - Solarchitecture\",\"isPartOf\":{\"@id\":\"https:\/\/solarchitecture.ch\/fr\/#website\"},\"primaryImageOfPage\":{\"@id\":\"https:\/\/solarchitecture.ch\/fr\/energie-solaire-sur-les-auvents-de-parking\/#primaryimage\"},\"image\":{\"@id\":\"https:\/\/solarchitecture.ch\/fr\/energie-solaire-sur-les-auvents-de-parking\/#primaryimage\"},\"thumbnailUrl\":\"https:\/\/solarchitecture.ch\/wp-content\/uploads\/2023\/05\/SolarwingW6.jpg\",\"datePublished\":\"2023-05-30T13:05:55+00:00\",\"dateModified\":\"2023-10-09T08:51:31+00:00\",\"breadcrumb\":{\"@id\":\"https:\/\/solarchitecture.ch\/fr\/energie-solaire-sur-les-auvents-de-parking\/#breadcrumb\"},\"inLanguage\":\"fr-FR\",\"potentialAction\":[{\"@type\":\"ReadAction\",\"target\":[\"https:\/\/solarchitecture.ch\/fr\/energie-solaire-sur-les-auvents-de-parking\/\"]}]},{\"@type\":\"ImageObject\",\"inLanguage\":\"fr-FR\",\"@id\":\"https:\/\/solarchitecture.ch\/fr\/energie-solaire-sur-les-auvents-de-parking\/#primaryimage\",\"url\":\"https:\/\/solarchitecture.ch\/wp-content\/uploads\/2023\/05\/SolarwingW6.jpg\",\"contentUrl\":\"https:\/\/solarchitecture.ch\/wp-content\/uploads\/2023\/05\/SolarwingW6.jpg\",\"width\":1920,\"height\":1080},{\"@type\":\"BreadcrumbList\",\"@id\":\"https:\/\/solarchitecture.ch\/fr\/energie-solaire-sur-les-auvents-de-parking\/#breadcrumb\",\"itemListElement\":[{\"@type\":\"ListItem\",\"position\":1,\"name\":\"Home\",\"item\":\"https:\/\/solarchitecture.ch\/fr\/\"},{\"@type\":\"ListItem\",\"position\":2,\"name\":\"\u00c9nergie solaire sur les auvents de parking\"}]},{\"@type\":\"WebSite\",\"@id\":\"https:\/\/solarchitecture.ch\/fr\/#website\",\"url\":\"https:\/\/solarchitecture.ch\/fr\/\",\"name\":\"Solarchitecture\",\"description\":\"Building solution\",\"publisher\":{\"@id\":\"https:\/\/solarchitecture.ch\/fr\/#organization\"},\"potentialAction\":[{\"@type\":\"SearchAction\",\"target\":{\"@type\":\"EntryPoint\",\"urlTemplate\":\"https:\/\/solarchitecture.ch\/fr\/?s={search_term_string}\"},\"query-input\":{\"@type\":\"PropertyValueSpecification\",\"valueRequired\":true,\"valueName\":\"search_term_string\"}}],\"inLanguage\":\"fr-FR\"},{\"@type\":\"Organization\",\"@id\":\"https:\/\/solarchitecture.ch\/fr\/#organization\",\"name\":\"Solarchitecture\",\"url\":\"https:\/\/solarchitecture.ch\/fr\/\",\"logo\":{\"@type\":\"ImageObject\",\"inLanguage\":\"fr-FR\",\"@id\":\"https:\/\/solarchitecture.ch\/fr\/#\/schema\/logo\/image\/\",\"url\":\"https:\/\/solarchitecture.ch\/wp-content\/uploads\/2022\/07\/solarchitecture_logo.jpg\",\"contentUrl\":\"https:\/\/solarchitecture.ch\/wp-content\/uploads\/2022\/07\/solarchitecture_logo.jpg\",\"width\":312,\"height\":312,\"caption\":\"Solarchitecture\"},\"image\":{\"@id\":\"https:\/\/solarchitecture.ch\/fr\/#\/schema\/logo\/image\/\"}},{\"@type\":\"Person\",\"@id\":\"https:\/\/solarchitecture.ch\/fr\/#\/schema\/person\/9574b0ccd534aeaa599ef02f64445744\",\"name\":\"Solar Architecture\",\"image\":{\"@type\":\"ImageObject\",\"inLanguage\":\"fr-FR\",\"@id\":\"https:\/\/solarchitecture.ch\/fr\/#\/schema\/person\/image\/\",\"url\":\"https:\/\/secure.gravatar.com\/avatar\/5248fcb2bab99263f8f157f166bf6916de4582d008a551554fe906e623e4fda0?s=96&d=mm&r=g\",\"contentUrl\":\"https:\/\/secure.gravatar.com\/avatar\/5248fcb2bab99263f8f157f166bf6916de4582d008a551554fe906e623e4fda0?s=96&d=mm&r=g\",\"caption\":\"Solar Architecture\"},\"url\":\"https:\/\/solarchitecture.ch\/fr\/author\/solar\/\"}]}<\/script>\n<!-- \/ Yoast SEO plugin. -->","yoast_head_json":{"title":"\u00c9nergie solaire sur les auvents de parking - Solarchitecture","robots":{"index":"index","follow":"follow","max-snippet":"max-snippet:-1","max-image-preview":"max-image-preview:large","max-video-preview":"max-video-preview:-1"},"canonical":"https:\/\/solarchitecture.ch\/fr\/energie-solaire-sur-les-auvents-de-parking\/","og_locale":"fr_FR","og_type":"article","og_title":"\u00c9nergie solaire sur les auvents de parking - Solarchitecture","og_description":"[vc_row][vc_column offset=\u00a0\u00bbvc_hidden-lg vc_hidden-md vc_hidden-sm vc_hidden-xs\u00a0\u00bb][vc_acf field_group=\u00a0\u00bb30126&Prime; field_from_30126=\u00a0\u00bbfield_5c079de146ee1&Prime;][\/vc_column][\/vc_row][vc_row][vc_column][\/vc_column][\/vc_row][vc_row][vc_column width=\u00a0\u00bb3\/4&Prime; dfd_column_responsive_enable=\u00a0\u00bbdfd-column-responsive-enable\u00a0\u00bb css=\u00a0\u00bb.vc_custom_1548941680917{border-right-width: 1px !important;padding-right: 25px !important;padding-left: 25px !important;border-right-color: #000000 !important;border-right-style: solid !important;}\u00a0\u00bb responsive_styles=\u00a0\u00bbborder_right_mobile:0&Prime;][vc_column_text css=\u00a0\u00bb.vc_custom_1684844418187{padding-bottom: 30px !important;}\u00a0\u00bb]Mardi 23 mai 2023[\/vc_column_text][vc_single_image image=\u00a0\u00bb55539&Prime; img_size=\u00a0\u00bbfull\u00a0\u00bb][vc_column_text css=\u00a0\u00bb.vc_custom_1696658424532{padding-top:","og_url":"https:\/\/solarchitecture.ch\/fr\/energie-solaire-sur-les-auvents-de-parking\/","og_site_name":"Solarchitecture","article_published_time":"2023-05-30T13:05:55+00:00","article_modified_time":"2023-10-09T08:51:31+00:00","og_image":[{"width":1920,"height":1080,"url":"https:\/\/solarchitecture.ch\/wp-content\/uploads\/2023\/05\/SolarwingW6.jpg","type":"image\/jpeg"}],"author":"Solar Architecture","twitter_card":"summary_large_image","twitter_misc":{"\u00c9crit par":"Solar Architecture","Dur\u00e9e de lecture estim\u00e9e":"5 minutes"},"schema":{"@context":"https:\/\/schema.org","@graph":[{"@type":"Article","@id":"https:\/\/solarchitecture.ch\/fr\/energie-solaire-sur-les-auvents-de-parking\/#article","isPartOf":{"@id":"https:\/\/solarchitecture.ch\/fr\/energie-solaire-sur-les-auvents-de-parking\/"},"author":{"name":"Solar Architecture","@id":"https:\/\/solarchitecture.ch\/fr\/#\/schema\/person\/9574b0ccd534aeaa599ef02f64445744"},"headline":"\u00c9nergie solaire sur les auvents de parking","datePublished":"2023-05-30T13:05:55+00:00","dateModified":"2023-10-09T08:51:31+00:00","mainEntityOfPage":{"@id":"https:\/\/solarchitecture.ch\/fr\/energie-solaire-sur-les-auvents-de-parking\/"},"wordCount":1095,"publisher":{"@id":"https:\/\/solarchitecture.ch\/fr\/#organization"},"image":{"@id":"https:\/\/solarchitecture.ch\/fr\/energie-solaire-sur-les-auvents-de-parking\/#primaryimage"},"thumbnailUrl":"https:\/\/solarchitecture.ch\/wp-content\/uploads\/2023\/05\/SolarwingW6.jpg","articleSection":["News","Uncategorized"],"inLanguage":"fr-FR"},{"@type":"WebPage","@id":"https:\/\/solarchitecture.ch\/fr\/energie-solaire-sur-les-auvents-de-parking\/","url":"https:\/\/solarchitecture.ch\/fr\/energie-solaire-sur-les-auvents-de-parking\/","name":"\u00c9nergie solaire sur les auvents de parking - Solarchitecture","isPartOf":{"@id":"https:\/\/solarchitecture.ch\/fr\/#website"},"primaryImageOfPage":{"@id":"https:\/\/solarchitecture.ch\/fr\/energie-solaire-sur-les-auvents-de-parking\/#primaryimage"},"image":{"@id":"https:\/\/solarchitecture.ch\/fr\/energie-solaire-sur-les-auvents-de-parking\/#primaryimage"},"thumbnailUrl":"https:\/\/solarchitecture.ch\/wp-content\/uploads\/2023\/05\/SolarwingW6.jpg","datePublished":"2023-05-30T13:05:55+00:00","dateModified":"2023-10-09T08:51:31+00:00","breadcrumb":{"@id":"https:\/\/solarchitecture.ch\/fr\/energie-solaire-sur-les-auvents-de-parking\/#breadcrumb"},"inLanguage":"fr-FR","potentialAction":[{"@type":"ReadAction","target":["https:\/\/solarchitecture.ch\/fr\/energie-solaire-sur-les-auvents-de-parking\/"]}]},{"@type":"ImageObject","inLanguage":"fr-FR","@id":"https:\/\/solarchitecture.ch\/fr\/energie-solaire-sur-les-auvents-de-parking\/#primaryimage","url":"https:\/\/solarchitecture.ch\/wp-content\/uploads\/2023\/05\/SolarwingW6.jpg","contentUrl":"https:\/\/solarchitecture.ch\/wp-content\/uploads\/2023\/05\/SolarwingW6.jpg","width":1920,"height":1080},{"@type":"BreadcrumbList","@id":"https:\/\/solarchitecture.ch\/fr\/energie-solaire-sur-les-auvents-de-parking\/#breadcrumb","itemListElement":[{"@type":"ListItem","position":1,"name":"Home","item":"https:\/\/solarchitecture.ch\/fr\/"},{"@type":"ListItem","position":2,"name":"\u00c9nergie solaire sur les auvents de parking"}]},{"@type":"WebSite","@id":"https:\/\/solarchitecture.ch\/fr\/#website","url":"https:\/\/solarchitecture.ch\/fr\/","name":"Solarchitecture","description":"Building solution","publisher":{"@id":"https:\/\/solarchitecture.ch\/fr\/#organization"},"potentialAction":[{"@type":"SearchAction","target":{"@type":"EntryPoint","urlTemplate":"https:\/\/solarchitecture.ch\/fr\/?s={search_term_string}"},"query-input":{"@type":"PropertyValueSpecification","valueRequired":true,"valueName":"search_term_string"}}],"inLanguage":"fr-FR"},{"@type":"Organization","@id":"https:\/\/solarchitecture.ch\/fr\/#organization","name":"Solarchitecture","url":"https:\/\/solarchitecture.ch\/fr\/","logo":{"@type":"ImageObject","inLanguage":"fr-FR","@id":"https:\/\/solarchitecture.ch\/fr\/#\/schema\/logo\/image\/","url":"https:\/\/solarchitecture.ch\/wp-content\/uploads\/2022\/07\/solarchitecture_logo.jpg","contentUrl":"https:\/\/solarchitecture.ch\/wp-content\/uploads\/2022\/07\/solarchitecture_logo.jpg","width":312,"height":312,"caption":"Solarchitecture"},"image":{"@id":"https:\/\/solarchitecture.ch\/fr\/#\/schema\/logo\/image\/"}},{"@type":"Person","@id":"https:\/\/solarchitecture.ch\/fr\/#\/schema\/person\/9574b0ccd534aeaa599ef02f64445744","name":"Solar Architecture","image":{"@type":"ImageObject","inLanguage":"fr-FR","@id":"https:\/\/solarchitecture.ch\/fr\/#\/schema\/person\/image\/","url":"https:\/\/secure.gravatar.com\/avatar\/5248fcb2bab99263f8f157f166bf6916de4582d008a551554fe906e623e4fda0?s=96&d=mm&r=g","contentUrl":"https:\/\/secure.gravatar.com\/avatar\/5248fcb2bab99263f8f157f166bf6916de4582d008a551554fe906e623e4fda0?s=96&d=mm&r=g","caption":"Solar Architecture"},"url":"https:\/\/solarchitecture.ch\/fr\/author\/solar\/"}]}},"_links":{"self":[{"href":"https:\/\/solarchitecture.ch\/fr\/wp-json\/wp\/v2\/posts\/55566","targetHints":{"allow":["GET"]}}],"collection":[{"href":"https:\/\/solarchitecture.ch\/fr\/wp-json\/wp\/v2\/posts"}],"about":[{"href":"https:\/\/solarchitecture.ch\/fr\/wp-json\/wp\/v2\/types\/post"}],"author":[{"embeddable":true,"href":"https:\/\/solarchitecture.ch\/fr\/wp-json\/wp\/v2\/users\/2021"}],"replies":[{"embeddable":true,"href":"https:\/\/solarchitecture.ch\/fr\/wp-json\/wp\/v2\/comments?post=55566"}],"version-history":[{"count":14,"href":"https:\/\/solarchitecture.ch\/fr\/wp-json\/wp\/v2\/posts\/55566\/revisions"}],"predecessor-version":[{"id":56937,"href":"https:\/\/solarchitecture.ch\/fr\/wp-json\/wp\/v2\/posts\/55566\/revisions\/56937"}],"wp:featuredmedia":[{"embeddable":true,"href":"https:\/\/solarchitecture.ch\/fr\/wp-json\/wp\/v2\/media\/55539"}],"wp:attachment":[{"href":"https:\/\/solarchitecture.ch\/fr\/wp-json\/wp\/v2\/media?parent=55566"}],"wp:term":[{"taxonomy":"category","embeddable":true,"href":"https:\/\/solarchitecture.ch\/fr\/wp-json\/wp\/v2\/categories?post=55566"},{"taxonomy":"post_tag","embeddable":true,"href":"https:\/\/solarchitecture.ch\/fr\/wp-json\/wp\/v2\/tags?post=55566"}],"curies":[{"name":"wp","href":"https:\/\/api.w.org\/{rel}","templated":true}]}}