{"id":53856,"date":"2023-02-13T13:32:31","date_gmt":"2023-02-13T12:32:31","guid":{"rendered":"https:\/\/solarchitecture.ch\/laureats-du-watt-dor-2023-categorie-energies-renouvelables\/"},"modified":"2023-03-01T16:27:47","modified_gmt":"2023-03-01T15:27:47","slug":"laureats-du-watt-dor-2023-categorie-energies-renouvelables","status":"publish","type":"post","link":"https:\/\/solarchitecture.ch\/fr\/laureats-du-watt-dor-2023-categorie-energies-renouvelables\/","title":{"rendered":"Laur\u00e9ats du Watt d&rsquo;Or 2023 &#8211; Cat\u00e9gorie \u00c9nergies renouvelables"},"content":{"rendered":"<div class=\"wpb-content-wrapper\"><p>[vc_row][vc_column offset=\u00a0\u00bbvc_hidden-lg vc_hidden-md vc_hidden-sm vc_hidden-xs\u00a0\u00bb][vc_acf field_group=\u00a0\u00bb30126&Prime; field_from_30126=\u00a0\u00bbfield_5c079de146ee1&Prime;][\/vc_column][\/vc_row][vc_row][vc_column]<div class=\"dfd-spacer-module\"  data-units=\"px\" data-wide_resolution=\"1280\" data-wide_size=\"100\" data-normal_resolution=\"1024\" data-normal_size=\"100\" data-tablet_resolution=\"800\" data-tablet_size=\"50\" data-mobile_resolution=\"480\" data-mobile_size=\"50\" style=\"height: 100px;\"><\/div>[\/vc_column][\/vc_row][vc_row][vc_column width=\u00a0\u00bb3\/4&Prime; dfd_column_responsive_enable=\u00a0\u00bbdfd-column-responsive-enable\u00a0\u00bb css=\u00a0\u00bb.vc_custom_1548941680917{border-right-width: 1px !important;padding-right: 25px !important;padding-left: 25px !important;border-right-color: #000000 !important;border-right-style: solid !important;}\u00a0\u00bb responsive_styles=\u00a0\u00bbborder_right_mobile:0&Prime;]<div class=\"dfd-heading-shortcode\"><div class=\"dfd-heading-module-wrap  text-left style_01 cr-animate-gen dfd-heading-69f259a119649 dfd-enable-resposive-headings\" id=\"dfd-heading-69f259a119649\" data-animate-type = \"transition.slideLeftIn\" ><div class=\"inline-block\"><div class=\"dfd-heading-module\"><div class=\"widget-title dfd-title block-title\" style=\"font-family:Montserrat; font-weight:700; font-style:normal; font-size: 35px; color: #000000 !important; line-height: 45px; letter-spacing: 0px; \">Laur\u00e9ats du Watt d&rsquo;Or 2023 &#8211; Cat\u00e9gorie \u00c9nergies renouvelables<\/div><\/div><\/div><\/div><script type=\"text\/javascript\">\r\n\t\t\t\t\t\t\t\t\t(function($) {\r\n\t\t\t\t\t\t\t\t\t\t$(\"head\").append(\"<style>.dfd-heading-69f259a119649.dfd-heading-module-wrap .dfd-heading-module .dfd-heading-delimiter {margin-top:10px;margin-bottom:10px;}@media (max-width: 1279px) and (min-width: 1024px){.dfd-heading-69f259a119649 .dfd-title{font-size: 40px !important;letter-spacing: 0px !important;line-height: 45px !important;}}@media (max-width: 1023px) and (min-width: 800px){.dfd-heading-69f259a119649 .dfd-title{font-size: 35px !important;letter-spacing: 0px !important;line-height: 40px !important;}}@media (max-width: 799px){.dfd-heading-69f259a119649 .dfd-title{font-size: 30px !important;letter-spacing: 0px !important;line-height: 35px !important;}}<\/style>\");\r\n\t\t\t\t\t\t\t\t\t})(jQuery);\r\n\t\t\t\t\t\t\t\t<\/script><\/div>[vc_column_text css=\u00a0\u00bb.vc_custom_1673622652925{padding-bottom: 30px !important;}\u00a0\u00bb]16 Janvier 2023[\/vc_column_text][vc_single_image image=\u00a0\u00bb53756&Prime; img_size=\u00a0\u00bbfull\u00a0\u00bb][vc_column_text css=\u00a0\u00bb.vc_custom_1673622631386{padding-top: 10px !important;padding-bottom: 10px !important;}\u00a0\u00bb]<\/p>\n<h3 style=\"text-align: left;\">Le 12 janvier 2023, l\u2019Office f\u00e9d\u00e9ral de l\u2019\u00e9nergie (OFEN) a d\u00e9cern\u00e9 pour la seizi\u00e8me fois le prestigieux Watt d\u2019Or, le prix suisse de l\u2019\u00e9nergie. Photo: OFEN.<\/h3>\n<p>[\/vc_column_text][vc_column_text css=\u00a0\u00bb.vc_custom_1673621779608{padding-top: 25px !important;}\u00a0\u00bb]Esth\u00e9tique solaire suisse pour l\u2019avenir : La jeune g\u00e9n\u00e9ration ne saura certainement jamais qu&rsquo;un jour, la Suisse a \u00e9t\u00e9 le leader europ\u00e9en en mati\u00e8re de production d&rsquo;\u00e9lectricit\u00e9 d&rsquo;origine solaire. L&rsquo;entreprise 3S Swiss Solar Solutions AG, situ\u00e9e \u00e0 Gwatt, pr\u00e8s de Thoune, a fait partie des pionni\u00e8res de cet \u00e2ge d&rsquo;or. Elle fabrique depuis plus de 20 ans son propre panneau solaire, \u00abMegaSlate\u00bb, qui se caract\u00e9rise par son esth\u00e9tique, destin\u00e9 aux installations photovolta\u00efques int\u00e9gr\u00e9es aux b\u00e2timents. Elle se sp\u00e9cialise dans les petits \u00e9l\u00e9ments photovolta\u00efques individuels de toutes les formes et de toutes les tailles, qui peuvent \u00eatre totalement int\u00e9gr\u00e9s au b\u00e2timent sur le plan esth\u00e9tique. Aujourd&rsquo;hui, la production bat son plein: 3S a mis en service une nouvelle ligne de production dernier cri en ao\u00fbt 2021, qui lui permet de r\u00e9pondre \u00e0 une demande en plein essor de syst\u00e8mes photovolta\u00efques associant design attrayant et qualit\u00e9 \u00e9lev\u00e9e.<\/p>\n<p>Plus d&rsquo;informations et une vid\u00e9o sur le SFOE-Blog Energeiaplus du 12 janvier 2023 (disponible uniquement en allemand).<\/p>\n<p>&nbsp;<\/p>\n<p>&nbsp;<\/p>\n<p>Plus d&rsquo;informations et une vid\u00e9o sur le <a href=\"https:\/\/energeiaplus.com\/2023\/01\/12\/watt-dor-2023-sonnige-innovationen-gegen-das-energiegewitter\/\" target=\"_blank\" rel=\"noopener\">SFOE-Blog Energeiaplus<\/a> du 12 janvier 2023 (disponible uniquement en allemand).[\/vc_column_text][\/vc_column][vc_column width=\u00a0\u00bb1\/4&Prime; dfd_column_responsive_enable=\u00a0\u00bbdfd-column-responsive-enable\u00a0\u00bb css=\u00a0\u00bb.vc_custom_1548941751542{padding-right: 25px !important;padding-left: 25px !important;}\u00a0\u00bb responsive_styles=\u00a0\u00bbpadding_top_mobile:80&Prime;]<div class=\"dfd-heading-shortcode\"><div class=\"dfd-heading-module-wrap  text-left style_01 dfd-heading-69f259a11978e dfd-enable-resposive-headings\" id=\"dfd-heading-69f259a11978e\" ><div class=\"inline-block\"><div class=\"dfd-heading-module\"><div class=\"widget-title dfd-title block-title\" style=\"font-size: 25px; font-family: MontserratBold; color: #000000 !important; line-height: 32px; letter-spacing: 0px; \">Voir aussi<\/div><\/div><\/div><\/div><script type=\"text\/javascript\">\r\n\t\t\t\t\t\t\t\t\t(function($) {\r\n\t\t\t\t\t\t\t\t\t\t$(\"head\").append(\"<style>.dfd-heading-69f259a11978e .dfd-heading-module .widget-title {margin-bottom:15px;}.dfd-heading-69f259a11978e.dfd-heading-module-wrap .dfd-heading-module .dfd-heading-delimiter {margin-top:10px;margin-bottom:10px;}<\/style>\");\r\n\t\t\t\t\t\t\t\t\t})(jQuery);\r\n\t\t\t\t\t\t\t\t<\/script><\/div>[vc_row_inner][vc_column_inner css=\u00a0\u00bb.vc_custom_1583843692171{padding-top: 25px !important;}\u00a0\u00bb col_inner_shadow=\u00a0\u00bbbox_shadow_enable:disable|shadow_horizontal:0|shadow_vertical:15|shadow_blur:50|shadow_spread:0|box_shadow_color:rgba(0%2C0%2C0%2C0.35)\u00a0\u00bb col_inner_shadow_hover=\u00a0\u00bbbox_shadow_enable:disable|shadow_horizontal:0|shadow_vertical:15|shadow_blur:50|shadow_spread:0|box_shadow_color:rgba(0%2C0%2C0%2C0.35)\u00a0\u00bb]<div id=\"idinfobox69f259a119871\" class=\"dfd-info-box clearfix style-01 layout-04  idinfobox69f259a119871 cr-animate-gen\" data-animate-item=\".dfd-animate-container\" data-animate-type = \"transition.slideUpIn\" ><div class=\"dfd-animate-container\"><div class=\"icon-wrapper\"><div class=\"module-icon\" style=\"border-radius:px;font-size:65px;\"><div class=\"hover-layer\" ><\/div><img decoding=\"async\" src=\"https:\/\/solarchitecture.ch\/wp-content\/uploads\/2023\/01\/logo-confederazione-svizzera-130x130.jpg\" alt=\"Image icon\" style=\"width: 65px;opacity: 1;\" \/><\/div><\/div><div class=\"content-wrap ovh\"><div class=\"info-box-title feature-title\" style=\"font-size: 14px; font-family: MontserratBold; color: #000000 !important; line-height: 20px; \">Le portail du Gouvernement suisse<\/div><div class=\"info-box-subtitle subtitle\" style=\"font-size: 14px; font-family: MontserratRegular; color: #000000 !important; line-height: 20px; font-style:italic; \">Visitez la page<\/div><div class=\"description\" style=\"\"><\/div><\/div><a href=\"https:\/\/www.admin.ch\/gov\/fr\/accueil.html\"  target=\"_blank\" class=\"full-box-link\"><\/a><\/div><\/div><div id=\"idinfobox69f259a119ed6\" class=\"dfd-info-box clearfix style-01 layout-04  idinfobox69f259a119ed6 cr-animate-gen\" data-animate-item=\".dfd-animate-container\" data-animate-type = \"transition.slideUpIn\" ><div class=\"dfd-animate-container\"><div class=\"icon-wrapper\"><div class=\"module-icon\" style=\"border-radius:px;font-size:65px;\"><div class=\"hover-layer\" ><\/div><img decoding=\"async\" src=\"https:\/\/solarchitecture.ch\/wp-content\/uploads\/2023\/01\/3S-logo-130x130.png\" alt=\"Image icon\" style=\"width: 65px;opacity: 1;\" \/><\/div><\/div><div class=\"content-wrap ovh\"><div class=\"info-box-title feature-title\" style=\"font-size: 14px; font-family: MontserratBold; color: #000000 !important; line-height: 20px; \">3S Swiss Solar Solutions AG<\/div><div class=\"info-box-subtitle subtitle\" style=\"font-size: 14px; font-family: MontserratRegular; color: #000000 !important; line-height: 20px; font-style:italic; \"> Consultez la page<\/div><div class=\"description\" style=\"\"><\/div><\/div><a href=\"https:\/\/www.3s-solar.swiss\/fr\/?hsLang=fr\"  target=\"_blank\" class=\"full-box-link\"><\/a><\/div><\/div>[\/vc_column_inner][\/vc_row_inner]<div class=\"dfd-spacer-module\"  data-units=\"px\" data-wide_resolution=\"1280\" data-wide_size=\"80\" data-normal_resolution=\"1024\" data-normal_size=\"80\" data-tablet_resolution=\"800\" data-tablet_size=\"80\" data-mobile_resolution=\"480\" data-mobile_size=\"80\" style=\"height: 80px;\"><\/div><div class=\"dfd-shar-module-cover\"><div class=\"dfd-new-share-module  text-left style-6 horizontal   \" ><div class=\"module module-entry-share\" id=\"dfd_share_69f259a11a500\"><ul class=\"module-entry-share-links-list rrssb-buttons\" data-directory=\"https:\/\/solarchitecture.ch\/wp-content\/themes\/dfd-ronneby\"><li class=\"rrssb-facebook\"><a class=\"module-entry-share-link-facebook feature-title\" data-title=\"Solarchitecture\" data-url=\"https:\/\/solarchitecture.ch\" data-media=\"\" href=\"https:\/\/www.facebook.com\/sharer\/sharer.php?u=https:\/\/solarchitecture.ch\"  style=\"border-radius: 1px; font-size: 14px; \"><span class=\"dfd-share-icon\" style=\"width: 30px; height: 30px; line-height: 30px;\"><\/span><\/a><\/li><li class=\"rrssb-linkedin\"><a class=\"module-entry-share-link-linkedin feature-title\" data-title=\"Solarchitecture\" data-url=\"https:\/\/solarchitecture.ch\" data-media=\"\" href=\"http:\/\/www.linkedin.com\/shareArticle?mini=true&#038;url=https:\/\/solarchitecture.ch\"  style=\"border-radius: 1px; font-size: 14px; \"><span class=\"dfd-share-icon\" style=\"width: 30px; height: 30px; line-height: 30px;\"><\/span><\/a><\/li><li class=\"rrssb-pinterest\"><a class=\"module-entry-share-link-pinterest feature-title\" data-title=\"Solarchitecture\" data-url=\"https:\/\/solarchitecture.ch\" data-media=\"\" href=\"http:\/\/pinterest.com\/pin\/create\/button\/?url=https:\/\/solarchitecture.ch&#038;image_url=https:\/\/solarchitecture.ch\/wp-content\/uploads\/2023\/01\/watt-dor-2023.jpg\"  style=\"border-radius: 1px; font-size: 14px; \"><span class=\"dfd-share-icon\" style=\"width: 30px; height: 30px; line-height: 30px;\"><\/span><\/a><\/li><\/ul><\/div><\/div>\t\t\t<script type=\"text\/javascript\">\r\n\t\t\t\t(function ($) {\r\n\t\t\t\t\t\"use strict\";\r\n\t\t\t\t\t$(document).ready(function () {\r\n\t\t\t\t\t\tvar $share_container = $('#dfd_share_69f259a11a500 .module-entry-share-links-list li');\r\n\t\t\t\t\t\tvar parent = $share_container.parent().parent().parent();\r\n\t\t\t\t\t\tif ($share_container.length > 0) {\r\n\t\t\t\t\t\t\tvar scrollbarWidth;\r\n\t\t\t\t\t\t\tvar div = document.createElement('div');\r\n\t\t\t\t\t\t\tdiv.style.overflowY = 'scroll';\r\n\t\t\t\t\t\t\tdiv.style.width = '50px';\r\n\t\t\t\t\t\t\tdiv.style.height = '50px';\r\n\t\t\t\t\t\t\tdiv.style.visibility = 'hidden';\r\n\t\t\t\t\t\t\tdocument.body.appendChild(div);\r\n\t\t\t\t\t\t\tscrollbarWidth = div.offsetWidth - div.clientWidth;\r\n\t\t\t\t\t\t\tdocument.body.removeChild(div);\r\n\t\t\t\t\t\t\tvar setShareWidth = function () {\r\n\t\t\t\t\t\t\t\tif (($(window).width() + scrollbarWidth) >= 800) {\r\n\t\t\t\t\t\t\t\t\tif (parent.hasClass(\"style-6\") || parent.hasClass(\"style-7\") || parent.hasClass(\"vertical\")) {\r\n\t\t\t\t\t\t\t\t\t\t$share_container.width('auto');\r\n\t\t\t\t\t\t\t\t\t} else {\r\n\t\t\t\t\t\t\t\t\t\t$share_container.dfdEqWidth();\r\n\t\t\t\t\t\t\t\t\t}\r\n\t\t\t\t\t\t\t\t} else {\r\n\t\t\t\t\t\t\t\t\tif (parent.hasClass(\"style-6\") || parent.hasClass(\"style-7\") || parent.hasClass(\"vertical\")) {\r\n\t\t\t\t\t\t\t\t\t\t$share_container.width('auto');\r\n\t\t\t\t\t\t\t\t\t} else {\r\n\t\t\t\t\t\t\t\t\t\t$share_container.width('100%');\r\n\t\t\t\t\t\t\t\t\t}\r\n\t\t\t\t\t\t\t\t}\r\n\t\t\t\t\t\t\t};\r\n\t\t\t\t\t\t\tsetShareWidth();\r\n\t\t\t\t\t\t\t$(window).resize(setShareWidth);\r\n\t\t\t\t\t\t}\r\n\t\t\t\t\t});\r\n\t\t\t\t\t\t\t\t\t$('head').append('<style type=\"text\/css\">.dfd-new-share-module.style-6 #dfd_share_69f259a11a500 ul li a {border-style: solid;border-width: 1px;border-color: #000000;background: #ffffff;color: #000000;}<\/style>');\r\n\t\t\t\t\t\t\t})(jQuery);\r\n\t\t\t<\/script>\r\n\r\n\t\t\t<\/div>[\/vc_column][\/vc_row][vc_row][vc_column]<div class=\"dfd-spacer-module\"  data-units=\"px\" data-wide_resolution=\"1280\" data-wide_size=\"100\" data-normal_resolution=\"1024\" data-normal_size=\"100\" data-tablet_resolution=\"800\" data-tablet_size=\"100\" data-mobile_resolution=\"480\" data-mobile_size=\"100\" style=\"height: 100px;\"><\/div>[\/vc_column][\/vc_row]<\/p>\n<\/div>","protected":false},"excerpt":{"rendered":"<p>[vc_row][vc_column offset=\u00a0\u00bbvc_hidden-lg vc_hidden-md vc_hidden-sm vc_hidden-xs\u00a0\u00bb][vc_acf field_group=\u00a0\u00bb30126&Prime; field_from_30126=\u00a0\u00bbfield_5c079de146ee1&Prime;][\/vc_column][\/vc_row][vc_row][vc_column][\/vc_column][\/vc_row][vc_row][vc_column width=\u00a0\u00bb3\/4&Prime; dfd_column_responsive_enable=\u00a0\u00bbdfd-column-responsive-enable\u00a0\u00bb css=\u00a0\u00bb.vc_custom_1548941680917{border-right-width: 1px !important;padding-right: 25px !important;padding-left: 25px !important;border-right-color: #000000 !important;border-right-style: solid !important;}\u00a0\u00bb responsive_styles=\u00a0\u00bbborder_right_mobile:0&Prime;][vc_column_text css=\u00a0\u00bb.vc_custom_1673622652925{padding-bottom: 30px !important;}\u00a0\u00bb]16 Janvier 2023[\/vc_column_text][vc_single_image image=\u00a0\u00bb53756&Prime; img_size=\u00a0\u00bbfull\u00a0\u00bb][vc_column_text css=\u00a0\u00bb.vc_custom_1673622631386{padding-top: 10px<\/p>\n","protected":false},"author":2021,"featured_media":53756,"comment_status":"closed","ping_status":"closed","sticky":false,"template":"","format":"standard","meta":{"_acf_changed":false,"inline_featured_image":false,"footnotes":""},"categories":[456],"tags":[],"class_list":["post-53856","post","type-post","status-publish","format-standard","has-post-thumbnail","hentry","category-news-fr"],"acf":[],"yoast_head":"<!-- This site is optimized with the Yoast SEO plugin v26.7 - https:\/\/yoast.com\/wordpress\/plugins\/seo\/ -->\n<title>Laur\u00e9ats du Watt d&#039;Or 2023 - Cat\u00e9gorie \u00c9nergies renouvelables - Solarchitecture<\/title>\n<meta name=\"robots\" content=\"index, follow, max-snippet:-1, max-image-preview:large, max-video-preview:-1\" \/>\n<link rel=\"canonical\" href=\"https:\/\/solarchitecture.ch\/fr\/laureats-du-watt-dor-2023-categorie-energies-renouvelables\/\" \/>\n<meta property=\"og:locale\" content=\"fr_FR\" \/>\n<meta property=\"og:type\" content=\"article\" \/>\n<meta property=\"og:title\" content=\"Laur\u00e9ats du Watt d&#039;Or 2023 - Cat\u00e9gorie \u00c9nergies renouvelables - Solarchitecture\" \/>\n<meta property=\"og:description\" content=\"[vc_row][vc_column offset=\u00a0\u00bbvc_hidden-lg vc_hidden-md vc_hidden-sm vc_hidden-xs\u00a0\u00bb][vc_acf field_group=\u00a0\u00bb30126&Prime; field_from_30126=\u00a0\u00bbfield_5c079de146ee1&Prime;][\/vc_column][\/vc_row][vc_row][vc_column][\/vc_column][\/vc_row][vc_row][vc_column width=\u00a0\u00bb3\/4&Prime; dfd_column_responsive_enable=\u00a0\u00bbdfd-column-responsive-enable\u00a0\u00bb css=\u00a0\u00bb.vc_custom_1548941680917{border-right-width: 1px !important;padding-right: 25px !important;padding-left: 25px !important;border-right-color: #000000 !important;border-right-style: solid !important;}\u00a0\u00bb responsive_styles=\u00a0\u00bbborder_right_mobile:0&Prime;][vc_column_text css=\u00a0\u00bb.vc_custom_1673622652925{padding-bottom: 30px !important;}\u00a0\u00bb]16 Janvier 2023[\/vc_column_text][vc_single_image image=\u00a0\u00bb53756&Prime; img_size=\u00a0\u00bbfull\u00a0\u00bb][vc_column_text css=\u00a0\u00bb.vc_custom_1673622631386{padding-top: 10px\" \/>\n<meta property=\"og:url\" content=\"https:\/\/solarchitecture.ch\/fr\/laureats-du-watt-dor-2023-categorie-energies-renouvelables\/\" \/>\n<meta property=\"og:site_name\" content=\"Solarchitecture\" \/>\n<meta property=\"article:published_time\" content=\"2023-02-13T12:32:31+00:00\" \/>\n<meta property=\"article:modified_time\" content=\"2023-03-01T15:27:47+00:00\" \/>\n<meta property=\"og:image\" content=\"https:\/\/solarchitecture.ch\/wp-content\/uploads\/2023\/01\/watt-dor-2023.jpg\" \/>\n\t<meta property=\"og:image:width\" content=\"2048\" \/>\n\t<meta property=\"og:image:height\" content=\"1365\" \/>\n\t<meta property=\"og:image:type\" content=\"image\/jpeg\" \/>\n<meta name=\"author\" content=\"Solar Architecture\" \/>\n<meta name=\"twitter:card\" content=\"summary_large_image\" \/>\n<meta name=\"twitter:label1\" content=\"\u00c9crit par\" \/>\n\t<meta name=\"twitter:data1\" content=\"Solar Architecture\" \/>\n\t<meta name=\"twitter:label2\" content=\"Dur\u00e9e de lecture estim\u00e9e\" \/>\n\t<meta name=\"twitter:data2\" content=\"2 minutes\" \/>\n<script type=\"application\/ld+json\" class=\"yoast-schema-graph\">{\"@context\":\"https:\/\/schema.org\",\"@graph\":[{\"@type\":\"Article\",\"@id\":\"https:\/\/solarchitecture.ch\/fr\/laureats-du-watt-dor-2023-categorie-energies-renouvelables\/#article\",\"isPartOf\":{\"@id\":\"https:\/\/solarchitecture.ch\/fr\/laureats-du-watt-dor-2023-categorie-energies-renouvelables\/\"},\"author\":{\"name\":\"Solar Architecture\",\"@id\":\"https:\/\/solarchitecture.ch\/fr\/#\/schema\/person\/9574b0ccd534aeaa599ef02f64445744\"},\"headline\":\"Laur\u00e9ats du Watt d&rsquo;Or 2023 &#8211; Cat\u00e9gorie \u00c9nergies renouvelables\",\"datePublished\":\"2023-02-13T12:32:31+00:00\",\"dateModified\":\"2023-03-01T15:27:47+00:00\",\"mainEntityOfPage\":{\"@id\":\"https:\/\/solarchitecture.ch\/fr\/laureats-du-watt-dor-2023-categorie-energies-renouvelables\/\"},\"wordCount\":901,\"publisher\":{\"@id\":\"https:\/\/solarchitecture.ch\/fr\/#organization\"},\"image\":{\"@id\":\"https:\/\/solarchitecture.ch\/fr\/laureats-du-watt-dor-2023-categorie-energies-renouvelables\/#primaryimage\"},\"thumbnailUrl\":\"https:\/\/solarchitecture.ch\/wp-content\/uploads\/2023\/01\/watt-dor-2023.jpg\",\"articleSection\":[\"News\"],\"inLanguage\":\"fr-FR\"},{\"@type\":\"WebPage\",\"@id\":\"https:\/\/solarchitecture.ch\/fr\/laureats-du-watt-dor-2023-categorie-energies-renouvelables\/\",\"url\":\"https:\/\/solarchitecture.ch\/fr\/laureats-du-watt-dor-2023-categorie-energies-renouvelables\/\",\"name\":\"Laur\u00e9ats du Watt d'Or 2023 - Cat\u00e9gorie \u00c9nergies renouvelables - Solarchitecture\",\"isPartOf\":{\"@id\":\"https:\/\/solarchitecture.ch\/fr\/#website\"},\"primaryImageOfPage\":{\"@id\":\"https:\/\/solarchitecture.ch\/fr\/laureats-du-watt-dor-2023-categorie-energies-renouvelables\/#primaryimage\"},\"image\":{\"@id\":\"https:\/\/solarchitecture.ch\/fr\/laureats-du-watt-dor-2023-categorie-energies-renouvelables\/#primaryimage\"},\"thumbnailUrl\":\"https:\/\/solarchitecture.ch\/wp-content\/uploads\/2023\/01\/watt-dor-2023.jpg\",\"datePublished\":\"2023-02-13T12:32:31+00:00\",\"dateModified\":\"2023-03-01T15:27:47+00:00\",\"breadcrumb\":{\"@id\":\"https:\/\/solarchitecture.ch\/fr\/laureats-du-watt-dor-2023-categorie-energies-renouvelables\/#breadcrumb\"},\"inLanguage\":\"fr-FR\",\"potentialAction\":[{\"@type\":\"ReadAction\",\"target\":[\"https:\/\/solarchitecture.ch\/fr\/laureats-du-watt-dor-2023-categorie-energies-renouvelables\/\"]}]},{\"@type\":\"ImageObject\",\"inLanguage\":\"fr-FR\",\"@id\":\"https:\/\/solarchitecture.ch\/fr\/laureats-du-watt-dor-2023-categorie-energies-renouvelables\/#primaryimage\",\"url\":\"https:\/\/solarchitecture.ch\/wp-content\/uploads\/2023\/01\/watt-dor-2023.jpg\",\"contentUrl\":\"https:\/\/solarchitecture.ch\/wp-content\/uploads\/2023\/01\/watt-dor-2023.jpg\",\"width\":2048,\"height\":1365},{\"@type\":\"BreadcrumbList\",\"@id\":\"https:\/\/solarchitecture.ch\/fr\/laureats-du-watt-dor-2023-categorie-energies-renouvelables\/#breadcrumb\",\"itemListElement\":[{\"@type\":\"ListItem\",\"position\":1,\"name\":\"Home\",\"item\":\"https:\/\/solarchitecture.ch\/fr\/\"},{\"@type\":\"ListItem\",\"position\":2,\"name\":\"Laur\u00e9ats du Watt d&#8217;Or 2023 &#8211; Cat\u00e9gorie \u00c9nergies renouvelables\"}]},{\"@type\":\"WebSite\",\"@id\":\"https:\/\/solarchitecture.ch\/fr\/#website\",\"url\":\"https:\/\/solarchitecture.ch\/fr\/\",\"name\":\"Solarchitecture\",\"description\":\"Building solution\",\"publisher\":{\"@id\":\"https:\/\/solarchitecture.ch\/fr\/#organization\"},\"potentialAction\":[{\"@type\":\"SearchAction\",\"target\":{\"@type\":\"EntryPoint\",\"urlTemplate\":\"https:\/\/solarchitecture.ch\/fr\/?s={search_term_string}\"},\"query-input\":{\"@type\":\"PropertyValueSpecification\",\"valueRequired\":true,\"valueName\":\"search_term_string\"}}],\"inLanguage\":\"fr-FR\"},{\"@type\":\"Organization\",\"@id\":\"https:\/\/solarchitecture.ch\/fr\/#organization\",\"name\":\"Solarchitecture\",\"url\":\"https:\/\/solarchitecture.ch\/fr\/\",\"logo\":{\"@type\":\"ImageObject\",\"inLanguage\":\"fr-FR\",\"@id\":\"https:\/\/solarchitecture.ch\/fr\/#\/schema\/logo\/image\/\",\"url\":\"https:\/\/solarchitecture.ch\/wp-content\/uploads\/2022\/07\/solarchitecture_logo.jpg\",\"contentUrl\":\"https:\/\/solarchitecture.ch\/wp-content\/uploads\/2022\/07\/solarchitecture_logo.jpg\",\"width\":312,\"height\":312,\"caption\":\"Solarchitecture\"},\"image\":{\"@id\":\"https:\/\/solarchitecture.ch\/fr\/#\/schema\/logo\/image\/\"}},{\"@type\":\"Person\",\"@id\":\"https:\/\/solarchitecture.ch\/fr\/#\/schema\/person\/9574b0ccd534aeaa599ef02f64445744\",\"name\":\"Solar Architecture\",\"image\":{\"@type\":\"ImageObject\",\"inLanguage\":\"fr-FR\",\"@id\":\"https:\/\/solarchitecture.ch\/fr\/#\/schema\/person\/image\/\",\"url\":\"https:\/\/secure.gravatar.com\/avatar\/5248fcb2bab99263f8f157f166bf6916de4582d008a551554fe906e623e4fda0?s=96&d=mm&r=g\",\"contentUrl\":\"https:\/\/secure.gravatar.com\/avatar\/5248fcb2bab99263f8f157f166bf6916de4582d008a551554fe906e623e4fda0?s=96&d=mm&r=g\",\"caption\":\"Solar Architecture\"},\"url\":\"https:\/\/solarchitecture.ch\/fr\/author\/solar\/\"}]}<\/script>\n<!-- \/ Yoast SEO plugin. -->","yoast_head_json":{"title":"Laur\u00e9ats du Watt d'Or 2023 - Cat\u00e9gorie \u00c9nergies renouvelables - Solarchitecture","robots":{"index":"index","follow":"follow","max-snippet":"max-snippet:-1","max-image-preview":"max-image-preview:large","max-video-preview":"max-video-preview:-1"},"canonical":"https:\/\/solarchitecture.ch\/fr\/laureats-du-watt-dor-2023-categorie-energies-renouvelables\/","og_locale":"fr_FR","og_type":"article","og_title":"Laur\u00e9ats du Watt d'Or 2023 - Cat\u00e9gorie \u00c9nergies renouvelables - Solarchitecture","og_description":"[vc_row][vc_column offset=\u00a0\u00bbvc_hidden-lg vc_hidden-md vc_hidden-sm vc_hidden-xs\u00a0\u00bb][vc_acf field_group=\u00a0\u00bb30126&Prime; field_from_30126=\u00a0\u00bbfield_5c079de146ee1&Prime;][\/vc_column][\/vc_row][vc_row][vc_column][\/vc_column][\/vc_row][vc_row][vc_column width=\u00a0\u00bb3\/4&Prime; dfd_column_responsive_enable=\u00a0\u00bbdfd-column-responsive-enable\u00a0\u00bb css=\u00a0\u00bb.vc_custom_1548941680917{border-right-width: 1px !important;padding-right: 25px !important;padding-left: 25px !important;border-right-color: #000000 !important;border-right-style: solid !important;}\u00a0\u00bb responsive_styles=\u00a0\u00bbborder_right_mobile:0&Prime;][vc_column_text css=\u00a0\u00bb.vc_custom_1673622652925{padding-bottom: 30px !important;}\u00a0\u00bb]16 Janvier 2023[\/vc_column_text][vc_single_image image=\u00a0\u00bb53756&Prime; img_size=\u00a0\u00bbfull\u00a0\u00bb][vc_column_text css=\u00a0\u00bb.vc_custom_1673622631386{padding-top: 10px","og_url":"https:\/\/solarchitecture.ch\/fr\/laureats-du-watt-dor-2023-categorie-energies-renouvelables\/","og_site_name":"Solarchitecture","article_published_time":"2023-02-13T12:32:31+00:00","article_modified_time":"2023-03-01T15:27:47+00:00","og_image":[{"width":2048,"height":1365,"url":"https:\/\/solarchitecture.ch\/wp-content\/uploads\/2023\/01\/watt-dor-2023.jpg","type":"image\/jpeg"}],"author":"Solar Architecture","twitter_card":"summary_large_image","twitter_misc":{"\u00c9crit par":"Solar Architecture","Dur\u00e9e de lecture estim\u00e9e":"2 minutes"},"schema":{"@context":"https:\/\/schema.org","@graph":[{"@type":"Article","@id":"https:\/\/solarchitecture.ch\/fr\/laureats-du-watt-dor-2023-categorie-energies-renouvelables\/#article","isPartOf":{"@id":"https:\/\/solarchitecture.ch\/fr\/laureats-du-watt-dor-2023-categorie-energies-renouvelables\/"},"author":{"name":"Solar Architecture","@id":"https:\/\/solarchitecture.ch\/fr\/#\/schema\/person\/9574b0ccd534aeaa599ef02f64445744"},"headline":"Laur\u00e9ats du Watt d&rsquo;Or 2023 &#8211; Cat\u00e9gorie \u00c9nergies renouvelables","datePublished":"2023-02-13T12:32:31+00:00","dateModified":"2023-03-01T15:27:47+00:00","mainEntityOfPage":{"@id":"https:\/\/solarchitecture.ch\/fr\/laureats-du-watt-dor-2023-categorie-energies-renouvelables\/"},"wordCount":901,"publisher":{"@id":"https:\/\/solarchitecture.ch\/fr\/#organization"},"image":{"@id":"https:\/\/solarchitecture.ch\/fr\/laureats-du-watt-dor-2023-categorie-energies-renouvelables\/#primaryimage"},"thumbnailUrl":"https:\/\/solarchitecture.ch\/wp-content\/uploads\/2023\/01\/watt-dor-2023.jpg","articleSection":["News"],"inLanguage":"fr-FR"},{"@type":"WebPage","@id":"https:\/\/solarchitecture.ch\/fr\/laureats-du-watt-dor-2023-categorie-energies-renouvelables\/","url":"https:\/\/solarchitecture.ch\/fr\/laureats-du-watt-dor-2023-categorie-energies-renouvelables\/","name":"Laur\u00e9ats du Watt d'Or 2023 - Cat\u00e9gorie \u00c9nergies renouvelables - Solarchitecture","isPartOf":{"@id":"https:\/\/solarchitecture.ch\/fr\/#website"},"primaryImageOfPage":{"@id":"https:\/\/solarchitecture.ch\/fr\/laureats-du-watt-dor-2023-categorie-energies-renouvelables\/#primaryimage"},"image":{"@id":"https:\/\/solarchitecture.ch\/fr\/laureats-du-watt-dor-2023-categorie-energies-renouvelables\/#primaryimage"},"thumbnailUrl":"https:\/\/solarchitecture.ch\/wp-content\/uploads\/2023\/01\/watt-dor-2023.jpg","datePublished":"2023-02-13T12:32:31+00:00","dateModified":"2023-03-01T15:27:47+00:00","breadcrumb":{"@id":"https:\/\/solarchitecture.ch\/fr\/laureats-du-watt-dor-2023-categorie-energies-renouvelables\/#breadcrumb"},"inLanguage":"fr-FR","potentialAction":[{"@type":"ReadAction","target":["https:\/\/solarchitecture.ch\/fr\/laureats-du-watt-dor-2023-categorie-energies-renouvelables\/"]}]},{"@type":"ImageObject","inLanguage":"fr-FR","@id":"https:\/\/solarchitecture.ch\/fr\/laureats-du-watt-dor-2023-categorie-energies-renouvelables\/#primaryimage","url":"https:\/\/solarchitecture.ch\/wp-content\/uploads\/2023\/01\/watt-dor-2023.jpg","contentUrl":"https:\/\/solarchitecture.ch\/wp-content\/uploads\/2023\/01\/watt-dor-2023.jpg","width":2048,"height":1365},{"@type":"BreadcrumbList","@id":"https:\/\/solarchitecture.ch\/fr\/laureats-du-watt-dor-2023-categorie-energies-renouvelables\/#breadcrumb","itemListElement":[{"@type":"ListItem","position":1,"name":"Home","item":"https:\/\/solarchitecture.ch\/fr\/"},{"@type":"ListItem","position":2,"name":"Laur\u00e9ats du Watt d&#8217;Or 2023 &#8211; Cat\u00e9gorie \u00c9nergies renouvelables"}]},{"@type":"WebSite","@id":"https:\/\/solarchitecture.ch\/fr\/#website","url":"https:\/\/solarchitecture.ch\/fr\/","name":"Solarchitecture","description":"Building solution","publisher":{"@id":"https:\/\/solarchitecture.ch\/fr\/#organization"},"potentialAction":[{"@type":"SearchAction","target":{"@type":"EntryPoint","urlTemplate":"https:\/\/solarchitecture.ch\/fr\/?s={search_term_string}"},"query-input":{"@type":"PropertyValueSpecification","valueRequired":true,"valueName":"search_term_string"}}],"inLanguage":"fr-FR"},{"@type":"Organization","@id":"https:\/\/solarchitecture.ch\/fr\/#organization","name":"Solarchitecture","url":"https:\/\/solarchitecture.ch\/fr\/","logo":{"@type":"ImageObject","inLanguage":"fr-FR","@id":"https:\/\/solarchitecture.ch\/fr\/#\/schema\/logo\/image\/","url":"https:\/\/solarchitecture.ch\/wp-content\/uploads\/2022\/07\/solarchitecture_logo.jpg","contentUrl":"https:\/\/solarchitecture.ch\/wp-content\/uploads\/2022\/07\/solarchitecture_logo.jpg","width":312,"height":312,"caption":"Solarchitecture"},"image":{"@id":"https:\/\/solarchitecture.ch\/fr\/#\/schema\/logo\/image\/"}},{"@type":"Person","@id":"https:\/\/solarchitecture.ch\/fr\/#\/schema\/person\/9574b0ccd534aeaa599ef02f64445744","name":"Solar Architecture","image":{"@type":"ImageObject","inLanguage":"fr-FR","@id":"https:\/\/solarchitecture.ch\/fr\/#\/schema\/person\/image\/","url":"https:\/\/secure.gravatar.com\/avatar\/5248fcb2bab99263f8f157f166bf6916de4582d008a551554fe906e623e4fda0?s=96&d=mm&r=g","contentUrl":"https:\/\/secure.gravatar.com\/avatar\/5248fcb2bab99263f8f157f166bf6916de4582d008a551554fe906e623e4fda0?s=96&d=mm&r=g","caption":"Solar Architecture"},"url":"https:\/\/solarchitecture.ch\/fr\/author\/solar\/"}]}},"_links":{"self":[{"href":"https:\/\/solarchitecture.ch\/fr\/wp-json\/wp\/v2\/posts\/53856","targetHints":{"allow":["GET"]}}],"collection":[{"href":"https:\/\/solarchitecture.ch\/fr\/wp-json\/wp\/v2\/posts"}],"about":[{"href":"https:\/\/solarchitecture.ch\/fr\/wp-json\/wp\/v2\/types\/post"}],"author":[{"embeddable":true,"href":"https:\/\/solarchitecture.ch\/fr\/wp-json\/wp\/v2\/users\/2021"}],"replies":[{"embeddable":true,"href":"https:\/\/solarchitecture.ch\/fr\/wp-json\/wp\/v2\/comments?post=53856"}],"version-history":[{"count":13,"href":"https:\/\/solarchitecture.ch\/fr\/wp-json\/wp\/v2\/posts\/53856\/revisions"}],"predecessor-version":[{"id":54227,"href":"https:\/\/solarchitecture.ch\/fr\/wp-json\/wp\/v2\/posts\/53856\/revisions\/54227"}],"wp:featuredmedia":[{"embeddable":true,"href":"https:\/\/solarchitecture.ch\/fr\/wp-json\/wp\/v2\/media\/53756"}],"wp:attachment":[{"href":"https:\/\/solarchitecture.ch\/fr\/wp-json\/wp\/v2\/media?parent=53856"}],"wp:term":[{"taxonomy":"category","embeddable":true,"href":"https:\/\/solarchitecture.ch\/fr\/wp-json\/wp\/v2\/categories?post=53856"},{"taxonomy":"post_tag","embeddable":true,"href":"https:\/\/solarchitecture.ch\/fr\/wp-json\/wp\/v2\/tags?post=53856"}],"curies":[{"name":"wp","href":"https:\/\/api.w.org\/{rel}","templated":true}]}}