{"id":39754,"date":"2020-07-04T15:27:06","date_gmt":"2020-07-04T13:27:06","guid":{"rendered":"https:\/\/solarchitecture.ch\/details-le-chalet-solaire\/"},"modified":"2021-07-19T15:47:42","modified_gmt":"2021-07-19T13:47:42","slug":"details-le-chalet-solaire","status":"publish","type":"post","link":"https:\/\/solarchitecture.ch\/fr\/details-le-chalet-solaire\/","title":{"rendered":"D\u00e9tails &#8211; Le chalet solaire"},"content":{"rendered":"<div class=\"wpb-content-wrapper\"><p>[vc_row][vc_column offset=\u00a0\u00bbvc_hidden-lg vc_hidden-md vc_hidden-sm vc_hidden-xs\u00a0\u00bb][vc_acf field_group=\u00a0\u00bb30126&Prime; field_from_30126=\u00a0\u00bbfield_5c079de146ee1&Prime;][\/vc_column][\/vc_row][vc_row][vc_column]<div class=\"dfd-spacer-module\"  data-units=\"px\" data-wide_resolution=\"1280\" data-wide_size=\"100\" data-normal_resolution=\"1024\" data-normal_size=\"100\" data-tablet_resolution=\"800\" data-tablet_size=\"50\" data-mobile_resolution=\"480\" data-mobile_size=\"50\" style=\"height: 100px;\"><\/div>[\/vc_column][\/vc_row][vc_row][vc_column width=\u00a0\u00bb3\/4&Prime; dfd_column_responsive_enable=\u00a0\u00bbdfd-column-responsive-enable\u00a0\u00bb css=\u00a0\u00bb.vc_custom_1548941680917{border-right-width: 1px !important;padding-right: 25px !important;padding-left: 25px !important;border-right-color: #000000 !important;border-right-style: solid !important;}\u00a0\u00bb responsive_styles=\u00a0\u00bbborder_right_mobile:0&Prime;]<div class=\"dfd-heading-shortcode\"><div class=\"dfd-heading-module-wrap  text-left style_01 cr-animate-gen dfd-heading-69f25bdc638c8 dfd-enable-resposive-headings\" id=\"dfd-heading-69f25bdc638c8\" data-animate-type = \"transition.slideLeftIn\" ><div class=\"inline-block\"><div class=\"dfd-heading-module\"><div class=\"widget-title dfd-title block-title\" style=\"font-family:Montserrat; font-weight:700; font-style:normal; font-size: 50px; color: #000000 !important; line-height: 55px; letter-spacing: 0px; \">Le chalet solaire<\/div><\/div><\/div><\/div><script type=\"text\/javascript\">\r\n\t\t\t\t\t\t\t\t\t(function($) {\r\n\t\t\t\t\t\t\t\t\t\t$(\"head\").append(\"<style>.dfd-heading-69f25bdc638c8 .dfd-heading-module .widget-title {margin-bottom:0px;}.dfd-heading-69f25bdc638c8.dfd-heading-module-wrap .dfd-heading-module .dfd-heading-delimiter {margin-top:10px;margin-bottom:10px;}@media (max-width: 1279px) and (min-width: 1024px){.dfd-heading-69f25bdc638c8 .dfd-title{font-size: 40px !important;letter-spacing: 0px !important;line-height: 45px !important;}}@media (max-width: 1023px) and (min-width: 800px){.dfd-heading-69f25bdc638c8 .dfd-title{font-size: 35px !important;letter-spacing: 0px !important;line-height: 40px !important;}}@media (max-width: 799px){.dfd-heading-69f25bdc638c8 .dfd-title{font-size: 30px !important;letter-spacing: 0px !important;line-height: 35px !important;}}<\/style>\");\r\n\t\t\t\t\t\t\t\t\t})(jQuery);\r\n\t\t\t\t\t\t\t\t<\/script><\/div><div class=\"dfd-spacer-module\"  data-units=\"px\" data-wide_resolution=\"1280\" data-wide_size=\"50\" data-normal_resolution=\"1024\" data-normal_size=\"50\" data-tablet_resolution=\"800\" data-tablet_size=\"50\" data-mobile_resolution=\"480\" data-mobile_size=\"50\" style=\"height: 50px;\"><\/div><div id=\"dfd-icon-list-69f25bdc63abc-6956\" class=\"dfd-icon-list-wrap  del-full-width style-2  \" ><ul class=\"dfd-icon-list\"><li class=\"with-link\"><div class=\"dfd-list-content clearfix \" style=\"\"><div class=\"dfd-list-content-block content\"><b>Produit<br \/>\n<\/b>Sunstyle SolarDach<\/div><\/div><span class=\"dfd-icon-item-delimiter\" style=\"border-bottom-width:1px; border-style:dotted; border-color:#919191; \"><\/span><a href=\"https:\/\/solarchitecture.ch\/fr\/sunstyle-solar-roof\/\"target=\"_blank\" class=\"item-link\"><\/a><\/li><li class=\"\"><div class=\"dfd-list-content clearfix \" style=\"\"><div class=\"dfd-list-content-block content\"><strong>Description<\/strong><br \/>\nLes toits traditionnels en ardoise et en bardeaux dans la r\u00e9gion alpine ont inspir\u00e9 la conception de ces modules photovolta\u00efque sans cadre et en forme de diamant. Ce principe de montage garantit une \u00e9tanch\u00e9it\u00e9 et une stabilit\u00e9 optimales du toit, car les tuiles solaires sont viss\u00e9es directement dans la structure du sous-toit \u00e0 l&rsquo;aide d&rsquo;une sous-construction en bois ou en acier inoxydable. Le sch\u00e9ma de montage et l&rsquo;adaptation sans faille \u00e0 la forme individuelle du toit permettent de cr\u00e9er une surface homog\u00e8ne.<\/div><\/div><span class=\"dfd-icon-item-delimiter\" style=\"border-bottom-width:1px; border-style:dotted; border-color:#919191; \"><\/span><\/li><\/ul><\/div><script type=\"text\/javascript\">(function($) {$(\"head\").append(\"<style>#dfd-icon-list-69f25bdc63abc-6956 .dfd-icon-list .content {style=&quot;font-family:Montserrat; font-weight:400; font-style:normal; font-size: 17px; color: #000000 !important; line-height: 25px; &quot;}<\/style>\");})(jQuery);<\/script><div class=\"dfd-spacer-module\"  data-units=\"px\" data-wide_resolution=\"1280\" data-wide_size=\"50\" data-normal_resolution=\"1024\" data-normal_size=\"50\" data-tablet_resolution=\"800\" data-tablet_size=\"50\" data-mobile_resolution=\"480\" data-mobile_size=\"50\" style=\"height: 50px;\"><\/div>[vc_row_inner css=\u00a0\u00bb.vc_custom_1548936964895{padding-top: 25px !important;padding-right: 25px !important;padding-bottom: 25px !important;padding-left: 25px !important;background-color: #f8b45b !important;}\u00a0\u00bb][vc_column_inner dfd_column_responsive_enable=\u00a0\u00bbdfd-column-responsive-enable\u00a0\u00bb css=\u00a0\u00bb.vc_custom_1548936854809{padding-right: 12.5px !important;}\u00a0\u00bb responsive_styles=\u00a0\u00bbpadding_right_mobile:0&Prime;][vc_column_text]<\/p>\n<table style=\"background-color: #f8b45b;\">\n<tbody>\n<tr style=\"height: 70px;\">\n<td style=\"width: 50%; border: 0px; vertical-align: middle;\"><\/td>\n<td style=\"width: 25%; border: 1px solid white; border-top: 0px; vertical-align: middle;\"><img decoding=\"async\" class=\"alignnone wp-image-31311\" src=\"https:\/\/solarchitecture.ch\/wp-content\/uploads\/2018\/12\/solar_casa_tetto.png\" alt=\"\" width=\"60\" height=\"48\" \/><\/td>\n<td style=\"width: 25%; border: 1px solid white; border-top: 0px; border-right: 0px; vertical-align: middle;\"><img decoding=\"async\" class=\"alignnone wp-image-31313\" src=\"https:\/\/solarchitecture.ch\/wp-content\/uploads\/2018\/12\/solar_casa_facciata.png\" alt=\"\" width=\"60\" height=\"48\" \/><\/td>\n<\/tr>\n<tr style=\"height: 50px;\">\n<td style=\"width: 50%; border: 1px solid white; border-bottom: 0px; border-left: 0px; vertical-align: middle;\"><strong><span style=\"color: #ffffff;\">El\u00e9ments de construction<\/span><\/strong><\/td>\n<td style=\"width: 25%; border: 1px solid white; border-bottom: 0px; vertical-align: middle;\"><span style=\"color: #ffffff;\">Tuiles solaires<\/span><\/td>\n<td style=\"width: 25%; border: 1px solid white; border-bottom: 0px; border-right: 0px; vertical-align: middle;\"><span style=\"color: #ffffff;\">&#8211;<\/span><\/td>\n<\/tr>\n<\/tbody>\n<\/table>\n<p>[\/vc_column_text][\/vc_column_inner][\/vc_row_inner]<div class=\"dfd-spacer-module\"  data-units=\"px\" data-wide_resolution=\"1280\" data-wide_size=\"25\" data-normal_resolution=\"1024\" data-normal_size=\"25\" data-tablet_resolution=\"800\" data-tablet_size=\"25\" data-mobile_resolution=\"480\" data-mobile_size=\"25\" style=\"height: 25px;\"><\/div>[vc_row_inner][vc_column_inner el_class=\u00a0\u00bbresp_no_padding right_padding\u00a0\u00bb width=\u00a0\u00bb1\/2&Prime; col_inner_shadow=\u00a0\u00bbbox_shadow_enable:disable|shadow_horizontal:0|shadow_vertical:15|shadow_blur:50|shadow_spread:0|box_shadow_color:rgba(0%2C0%2C0%2C0.35)\u00a0\u00bb col_inner_shadow_hover=\u00a0\u00bbbox_shadow_enable:disable|shadow_horizontal:0|shadow_vertical:15|shadow_blur:50|shadow_spread:0|box_shadow_color:rgba(0%2C0%2C0%2C0.35)\u00a0\u00bb][vc_single_image image=\u00a0\u00bb36222&Prime; img_size=\u00a0\u00bb50&#215;50&Prime; alignment=\u00a0\u00bbcenter\u00a0\u00bb img_link_target=\u00a0\u00bb_blank\u00a0\u00bb onclick=\u00a0\u00bbcustom_link\u00a0\u00bb link=\u00a0\u00bbhttps:\/\/solarchitecture.ch\/login-required\/\u00a0\u00bb el_class=\u00a0\u00bbpdf_print_error back_img_resp\u00a0\u00bb css=\u00a0\u00bb.vc_custom_1597385808323{background-image: url(https:\/\/solarchitecture.ch\/wp-content\/uploads\/2019\/07\/STYLE-ISO-003-20190717-001.jpg?id=31965) !important;}\u00a0\u00bb][vc_single_image image=\u00a0\u00bb36222&Prime; img_size=\u00a0\u00bb50&#215;50&Prime; alignment=\u00a0\u00bbcenter\u00a0\u00bb img_link_target=\u00a0\u00bb_blank\u00a0\u00bb onclick=\u00a0\u00bbcustom_link\u00a0\u00bb link=\u00a0\u00bbhttps:\/\/solarchitecture.ch\/wp-content\/uploads\/2019\/07\/STYLE-ISO-002-20190717-001.pdf\u00a0\u00bb el_class=\u00a0\u00bbpdf_logged_in back_img_resp\u00a0\u00bb css=\u00a0\u00bb.vc_custom_1597385837478{background-image: url(https:\/\/solarchitecture.ch\/wp-content\/uploads\/2019\/07\/STYLE-ISO-003-20190717-001.jpg?id=31965) !important;}\u00a0\u00bb][vc_column_text css=\u00a0\u00bb.vc_custom_1562332677124{padding-top: 10px !important;padding-bottom: 10px !important;}\u00a0\u00bb el_class=\u00a0\u00bbcaption\u00a0\u00bb]<\/p>\n<h3>Projection<\/h3>\n<p>[\/vc_column_text][\/vc_column_inner][vc_column_inner el_class=\u00a0\u00bbresp_no_padding left_padding\u00a0\u00bb width=\u00a0\u00bb1\/2&Prime; col_inner_shadow=\u00a0\u00bbbox_shadow_enable:disable|shadow_horizontal:0|shadow_vertical:15|shadow_blur:50|shadow_spread:0|box_shadow_color:rgba(0%2C0%2C0%2C0.35)\u00a0\u00bb col_inner_shadow_hover=\u00a0\u00bbbox_shadow_enable:disable|shadow_horizontal:0|shadow_vertical:15|shadow_blur:50|shadow_spread:0|box_shadow_color:rgba(0%2C0%2C0%2C0.35)\u00a0\u00bb][vc_single_image image=\u00a0\u00bb36222&Prime; img_size=\u00a0\u00bb50&#215;50&Prime; alignment=\u00a0\u00bbcenter\u00a0\u00bb img_link_target=\u00a0\u00bb_blank\u00a0\u00bb onclick=\u00a0\u00bbcustom_link\u00a0\u00bb link=\u00a0\u00bbhttps:\/\/solarchitecture.ch\/login-required\/\u00a0\u00bb el_class=\u00a0\u00bbpdf_print_error back_img_resp\u00a0\u00bb css=\u00a0\u00bb.vc_custom_1597385904689{background-image: url(https:\/\/solarchitecture.ch\/wp-content\/uploads\/2019\/07\/STYLE-VERTICALSECTION-EAVES-003-20190716_001.jpg?id=31966) !important;}\u00a0\u00bb][vc_single_image image=\u00a0\u00bb36222&Prime; img_size=\u00a0\u00bb50&#215;50&Prime; alignment=\u00a0\u00bbcenter\u00a0\u00bb img_link_target=\u00a0\u00bb_blank\u00a0\u00bb onclick=\u00a0\u00bbcustom_link\u00a0\u00bb link=\u00a0\u00bbhttps:\/\/solarchitecture.ch\/wp-content\/uploads\/2019\/07\/STYLE-VERTICALSECTION-EAVES-002-20190716_001.pdf\u00a0\u00bb el_class=\u00a0\u00bbpdf_logged_in back_img_resp\u00a0\u00bb css=\u00a0\u00bb.vc_custom_1597385889004{background-image: url(https:\/\/solarchitecture.ch\/wp-content\/uploads\/2019\/07\/STYLE-VERTICALSECTION-EAVES-003-20190716_001.jpg?id=31966) !important;}\u00a0\u00bb][vc_column_text css=\u00a0\u00bb.vc_custom_1563973432489{padding-top: 10px !important;padding-bottom: 10px !important;}\u00a0\u00bb el_class=\u00a0\u00bbcaption\u00a0\u00bb]<\/p>\n<h3>Coupe verticale &#8211; Raccordement \u00e0 l&rsquo;avant-toit<\/h3>\n<p>[\/vc_column_text][\/vc_column_inner][\/vc_row_inner][vc_row_inner][vc_column_inner el_class=\u00a0\u00bbresp_no_padding right_padding\u00a0\u00bb width=\u00a0\u00bb1\/2&Prime; col_inner_shadow=\u00a0\u00bbbox_shadow_enable:disable|shadow_horizontal:0|shadow_vertical:15|shadow_blur:50|shadow_spread:0|box_shadow_color:rgba(0%2C0%2C0%2C0.35)\u00a0\u00bb col_inner_shadow_hover=\u00a0\u00bbbox_shadow_enable:disable|shadow_horizontal:0|shadow_vertical:15|shadow_blur:50|shadow_spread:0|box_shadow_color:rgba(0%2C0%2C0%2C0.35)\u00a0\u00bb][vc_single_image image=\u00a0\u00bb36222&Prime; img_size=\u00a0\u00bb50&#215;50&Prime; alignment=\u00a0\u00bbcenter\u00a0\u00bb img_link_target=\u00a0\u00bb_blank\u00a0\u00bb onclick=\u00a0\u00bbcustom_link\u00a0\u00bb link=\u00a0\u00bbhttps:\/\/solarchitecture.ch\/login-required\/\u00a0\u00bb el_class=\u00a0\u00bbpdf_print_error back_img_resp\u00a0\u00bb css=\u00a0\u00bb.vc_custom_1597386054168{background-image: url(https:\/\/solarchitecture.ch\/wp-content\/uploads\/2019\/07\/STYLE-VERTICALSECTION-RIDGE-003-20190716_001.jpg?id=31967) !important;}\u00a0\u00bb][vc_single_image image=\u00a0\u00bb36222&Prime; img_size=\u00a0\u00bb50&#215;50&Prime; alignment=\u00a0\u00bbcenter\u00a0\u00bb img_link_target=\u00a0\u00bb_blank\u00a0\u00bb onclick=\u00a0\u00bbcustom_link\u00a0\u00bb link=\u00a0\u00bbhttps:\/\/solarchitecture.ch\/wp-content\/uploads\/2019\/07\/STYLE-VERTICALSECTION-RIDGE-002-20190716_001.pdf\u00a0\u00bb el_class=\u00a0\u00bbpdf_logged_in back_img_resp\u00a0\u00bb css=\u00a0\u00bb.vc_custom_1597385999068{background-image: url(https:\/\/solarchitecture.ch\/wp-content\/uploads\/2019\/07\/STYLE-VERTICALSECTION-RIDGE-003-20190716_001.jpg?id=31967) !important;}\u00a0\u00bb][vc_column_text css=\u00a0\u00bb.vc_custom_1563973454097{padding-top: 10px !important;padding-bottom: 10px !important;}\u00a0\u00bb el_class=\u00a0\u00bbcaption\u00a0\u00bb]<\/p>\n<h3>Coupe verticale &#8211; Connexion de cr\u00eate<\/h3>\n<p>[\/vc_column_text][\/vc_column_inner][vc_column_inner el_class=\u00a0\u00bbresp_no_padding left_padding\u00a0\u00bb width=\u00a0\u00bb1\/2&Prime; col_inner_shadow=\u00a0\u00bbbox_shadow_enable:disable|shadow_horizontal:0|shadow_vertical:15|shadow_blur:50|shadow_spread:0|box_shadow_color:rgba(0%2C0%2C0%2C0.35)\u00a0\u00bb col_inner_shadow_hover=\u00a0\u00bbbox_shadow_enable:disable|shadow_horizontal:0|shadow_vertical:15|shadow_blur:50|shadow_spread:0|box_shadow_color:rgba(0%2C0%2C0%2C0.35)\u00a0\u00bb][vc_single_image image=\u00a0\u00bb36222&Prime; img_size=\u00a0\u00bb50&#215;50&Prime; alignment=\u00a0\u00bbcenter\u00a0\u00bb img_link_target=\u00a0\u00bb_blank\u00a0\u00bb onclick=\u00a0\u00bbcustom_link\u00a0\u00bb link=\u00a0\u00bbhttps:\/\/solarchitecture.ch\/wp-content\/uploads\/2019\/07\/STYLE-HORIZONTALSECTION-NORM-002-20190716_001.pdf\u00a0\u00bb el_class=\u00a0\u00bbpdf_print_error back_img_resp\u00a0\u00bb css=\u00a0\u00bb.vc_custom_1597386260590{background-image: url(https:\/\/solarchitecture.ch\/wp-content\/uploads\/2019\/07\/STYLE-HORIZONTALSECTION-NORM-003-20190716_001.jpg?id=31963) !important;}\u00a0\u00bb][vc_single_image image=\u00a0\u00bb36222&Prime; img_size=\u00a0\u00bb50&#215;50&Prime; alignment=\u00a0\u00bbcenter\u00a0\u00bb img_link_target=\u00a0\u00bb_blank\u00a0\u00bb onclick=\u00a0\u00bbcustom_link\u00a0\u00bb link=\u00a0\u00bbhttps:\/\/solarchitecture.ch\/wp-content\/uploads\/2019\/07\/STYLE-HORIZONTALSECTION-NORM-002-20190716_001.pdf\u00a0\u00bb el_class=\u00a0\u00bbpdf_logged_in back_img_resp\u00a0\u00bb css=\u00a0\u00bb.vc_custom_1597386174533{background-image: url(https:\/\/solarchitecture.ch\/wp-content\/uploads\/2019\/07\/STYLE-HORIZONTALSECTION-NORM-003-20190716_001.jpg?id=31963) !important;}\u00a0\u00bb][vc_column_text css=\u00a0\u00bb.vc_custom_1562586994951{padding-top: 10px !important;padding-bottom: 10px !important;}\u00a0\u00bb el_class=\u00a0\u00bbcaption\u00a0\u00bb]<\/p>\n<h3>Coupe horizontale<\/h3>\n<p>[\/vc_column_text][\/vc_column_inner][\/vc_row_inner][vc_row_inner][vc_column_inner el_class=\u00a0\u00bbresp_no_padding right_padding\u00a0\u00bb width=\u00a0\u00bb1\/2&Prime; col_inner_shadow=\u00a0\u00bbbox_shadow_enable:disable|shadow_horizontal:0|shadow_vertical:15|shadow_blur:50|shadow_spread:0|box_shadow_color:rgba(0%2C0%2C0%2C0.35)\u00a0\u00bb col_inner_shadow_hover=\u00a0\u00bbbox_shadow_enable:disable|shadow_horizontal:0|shadow_vertical:15|shadow_blur:50|shadow_spread:0|box_shadow_color:rgba(0%2C0%2C0%2C0.35)\u00a0\u00bb][vc_single_image image=\u00a0\u00bb36222&Prime; img_size=\u00a0\u00bb50&#215;50&Prime; alignment=\u00a0\u00bbcenter\u00a0\u00bb img_link_target=\u00a0\u00bb_blank\u00a0\u00bb onclick=\u00a0\u00bbcustom_link\u00a0\u00bb link=\u00a0\u00bbhttps:\/\/solarchitecture.ch\/login-required\/\u00a0\u00bb el_class=\u00a0\u00bbpdf_print_error back_img_resp\u00a0\u00bb css=\u00a0\u00bb.vc_custom_1597386385424{background-image: url(https:\/\/solarchitecture.ch\/wp-content\/uploads\/2019\/07\/STYLE-HORIZONTALSECTION-VERGE-003-20190716_001.jpg?id=31964) !important;}\u00a0\u00bb][vc_single_image image=\u00a0\u00bb36222&Prime; img_size=\u00a0\u00bb50&#215;50&Prime; alignment=\u00a0\u00bbcenter\u00a0\u00bb img_link_target=\u00a0\u00bb_blank\u00a0\u00bb onclick=\u00a0\u00bbcustom_link\u00a0\u00bb link=\u00a0\u00bbhttps:\/\/solarchitecture.ch\/wp-content\/uploads\/2019\/07\/STYLE-HORIZONTALSECTION-VERGE-002-20190716_001.pdf\u00a0\u00bb el_class=\u00a0\u00bbpdf_logged_in back_img_resp\u00a0\u00bb css=\u00a0\u00bb.vc_custom_1597386356900{background-image: url(https:\/\/solarchitecture.ch\/wp-content\/uploads\/2019\/07\/STYLE-HORIZONTALSECTION-VERGE-003-20190716_001.jpg?id=31964) !important;}\u00a0\u00bb][vc_column_text css=\u00a0\u00bb.vc_custom_1563973577467{padding-top: 10px !important;padding-bottom: 10px !important;}\u00a0\u00bb el_class=\u00a0\u00bbcaption\u00a0\u00bb]<\/p>\n<h3>Coupe horizontale &#8211; Connexion des bords<\/h3>\n<p>[\/vc_column_text][\/vc_column_inner][vc_column_inner el_class=\u00a0\u00bbresp_no_padding left_padding\u00a0\u00bb width=\u00a0\u00bb1\/2&Prime; col_inner_shadow=\u00a0\u00bbbox_shadow_enable:disable|shadow_horizontal:0|shadow_vertical:15|shadow_blur:50|shadow_spread:0|box_shadow_color:rgba(0%2C0%2C0%2C0.35)\u00a0\u00bb col_inner_shadow_hover=\u00a0\u00bbbox_shadow_enable:disable|shadow_horizontal:0|shadow_vertical:15|shadow_blur:50|shadow_spread:0|box_shadow_color:rgba(0%2C0%2C0%2C0.35)\u00a0\u00bb][\/vc_column_inner][\/vc_row_inner][\/vc_column][vc_column width=\u00a0\u00bb1\/4&Prime; dfd_column_responsive_enable=\u00a0\u00bbdfd-column-responsive-enable\u00a0\u00bb css=\u00a0\u00bb.vc_custom_1548941751542{padding-right: 25px !important;padding-left: 25px !important;}\u00a0\u00bb responsive_styles=\u00a0\u00bbpadding_top_mobile:80&Prime;]<div class=\"dfd-heading-shortcode\"><div class=\"dfd-heading-module-wrap  text-left style_01 dfd-heading-69f25bdc63df2 dfd-enable-resposive-headings\" id=\"dfd-heading-69f25bdc63df2\" ><div class=\"inline-block\"><div class=\"dfd-heading-module\"><div class=\"widget-title dfd-title block-title\" style=\"font-size: 25px; font-family: MontserratBold; color: #000000 !important; line-height: 32px; letter-spacing: 0px; \">B\u00e2timents de r\u00e9f\u00e9rence<\/div><\/div><\/div><\/div><script type=\"text\/javascript\">\r\n\t\t\t\t\t\t\t\t\t(function($) {\r\n\t\t\t\t\t\t\t\t\t\t$(\"head\").append(\"<style>.dfd-heading-69f25bdc63df2 .dfd-heading-module .widget-title {margin-top:0px;margin-bottom:15px;}.dfd-heading-69f25bdc63df2.dfd-heading-module-wrap .dfd-heading-module .dfd-heading-delimiter {margin-top:10px;margin-bottom:10px;}<\/style>\");\r\n\t\t\t\t\t\t\t\t\t})(jQuery);\r\n\t\t\t\t\t\t\t\t<\/script><\/div><div id=\"idinfobox69f25bdc63f06\" class=\"dfd-info-box clearfix style-01 layout-04  idinfobox69f25bdc63f06 cr-animate-gen\" data-animate-item=\".dfd-animate-container\" data-animate-type = \"transition.slideUpIn\" ><div class=\"dfd-animate-container\"><div class=\"icon-wrapper\"><div class=\"module-icon\" style=\"border-radius:px;font-size:65px;\"><div class=\"hover-layer\" ><\/div><img decoding=\"async\" src=\"https:\/\/solarchitecture.ch\/wp-content\/uploads\/2019\/03\/solarchitecture_bader_home_copertina-130x130.jpg\" alt=\"Image icon\" style=\"width: 65px;opacity: 1;\" \/><\/div><\/div><div class=\"content-wrap ovh\"><div class=\"info-box-title feature-title\" style=\"font-size: 14px; font-family: MontserratBold; color: #000000 !important; line-height: 20px; \">Le chalet solaire<\/div><div class=\"info-box-subtitle subtitle\" style=\"font-size: 14px; font-family: MontserratRegular; color: #000000 !important; line-height: 20px; font-style:italic; \">Visitez la page<\/div><div class=\"description\" style=\"\"><\/div><\/div><a href=\"https:\/\/solarchitecture.ch\/fr\/le-chalet-solaire\/\"   class=\"full-box-link\"><\/a><\/div><\/div><div class=\"dfd-heading-shortcode\"><div class=\"dfd-heading-module-wrap  text-left style_01 dfd-heading-69f25bdc6465d dfd-enable-resposive-headings\" id=\"dfd-heading-69f25bdc6465d\" ><div class=\"inline-block\"><div class=\"dfd-heading-module\"><div class=\"widget-title dfd-title block-title\" style=\"font-size: 25px; font-family: MontserratBold; color: #000000 !important; line-height: 32px; letter-spacing: 0px; \">Produits<\/div><\/div><\/div><\/div><script type=\"text\/javascript\">\r\n\t\t\t\t\t\t\t\t\t(function($) {\r\n\t\t\t\t\t\t\t\t\t\t$(\"head\").append(\"<style>.dfd-heading-69f25bdc6465d .dfd-heading-module .widget-title {margin-top:50px;margin-bottom:15px;}.dfd-heading-69f25bdc6465d.dfd-heading-module-wrap .dfd-heading-module .dfd-heading-delimiter {margin-top:10px;margin-bottom:10px;}<\/style>\");\r\n\t\t\t\t\t\t\t\t\t})(jQuery);\r\n\t\t\t\t\t\t\t\t<\/script><\/div><div id=\"idinfobox69f25bdc64796\" class=\"dfd-info-box clearfix style-01 layout-04  idinfobox69f25bdc64796 cr-animate-gen\" data-animate-item=\".dfd-animate-container\" data-animate-type = \"transition.slideUpIn\" ><div class=\"dfd-animate-container\"><div class=\"icon-wrapper\"><div class=\"module-icon\" style=\"border-radius:px;font-size:65px;\"><div class=\"hover-layer\" ><\/div><img decoding=\"async\" src=\"https:\/\/solarchitecture.ch\/wp-content\/uploads\/2019\/07\/logo-130x130.png\" alt=\"Image icon\" style=\"width: 65px;opacity: 1;\" \/><\/div><\/div><div class=\"content-wrap ovh\"><div class=\"info-box-title feature-title\" style=\"font-size: 14px; font-family: MontserratBold; color: #000000 !important; line-height: 20px; \">Sunstyle SolarDach<\/div><div class=\"info-box-subtitle subtitle\" style=\"font-size: 14px; font-family: MontserratRegular; color: #000000 !important; line-height: 20px; font-style:italic; \">Visitez la page<\/div><div class=\"description\" style=\"\"><\/div><\/div><a href=\"https:\/\/solarchitecture.ch\/fr\/le-chalet-solaire\/\"   class=\"full-box-link\"><\/a><\/div><\/div><div class=\"dfd-spacer-module\"  data-units=\"px\" data-wide_resolution=\"1280\" data-wide_size=\"80\" data-normal_resolution=\"1024\" data-normal_size=\"80\" data-tablet_resolution=\"800\" data-tablet_size=\"80\" data-mobile_resolution=\"480\" data-mobile_size=\"80\" style=\"height: 80px;\"><\/div><div class=\"dfd-shar-module-cover\"><div class=\"dfd-new-share-module  text-left style-6 horizontal   \" ><div class=\"module module-entry-share\" id=\"dfd_share_69f25bdc64def\"><ul class=\"module-entry-share-links-list rrssb-buttons\" data-directory=\"https:\/\/solarchitecture.ch\/wp-content\/themes\/dfd-ronneby\"><li class=\"rrssb-facebook\"><a class=\"module-entry-share-link-facebook feature-title\" data-title=\"Solarchitecture\" data-url=\"https:\/\/solarchitecture.ch\" data-media=\"\" href=\"https:\/\/www.facebook.com\/sharer\/sharer.php?u=https:\/\/solarchitecture.ch\"  style=\"border-radius: 1px; font-size: 14px; \"><span class=\"dfd-share-icon\" style=\"width: 30px; height: 30px; line-height: 30px;\"><\/span><\/a><\/li><li class=\"rrssb-linkedin\"><a class=\"module-entry-share-link-linkedin feature-title\" data-title=\"Solarchitecture\" data-url=\"https:\/\/solarchitecture.ch\" data-media=\"\" href=\"http:\/\/www.linkedin.com\/shareArticle?mini=true&#038;url=https:\/\/solarchitecture.ch\"  style=\"border-radius: 1px; font-size: 14px; \"><span class=\"dfd-share-icon\" style=\"width: 30px; height: 30px; line-height: 30px;\"><\/span><\/a><\/li><li class=\"rrssb-pinterest\"><a class=\"module-entry-share-link-pinterest feature-title\" data-title=\"Solarchitecture\" data-url=\"https:\/\/solarchitecture.ch\" data-media=\"\" href=\"http:\/\/pinterest.com\/pin\/create\/button\/?url=https:\/\/solarchitecture.ch&#038;image_url=https:\/\/solarchitecture.ch\/wp-content\/uploads\/2020\/07\/preview-homepage.jpg\"  style=\"border-radius: 1px; font-size: 14px; \"><span class=\"dfd-share-icon\" style=\"width: 30px; height: 30px; line-height: 30px;\"><\/span><\/a><\/li><\/ul><\/div><\/div>\t\t\t<script type=\"text\/javascript\">\r\n\t\t\t\t(function ($) {\r\n\t\t\t\t\t\"use strict\";\r\n\t\t\t\t\t$(document).ready(function () {\r\n\t\t\t\t\t\tvar $share_container = $('#dfd_share_69f25bdc64def .module-entry-share-links-list li');\r\n\t\t\t\t\t\tvar parent = $share_container.parent().parent().parent();\r\n\t\t\t\t\t\tif ($share_container.length > 0) {\r\n\t\t\t\t\t\t\tvar scrollbarWidth;\r\n\t\t\t\t\t\t\tvar div = document.createElement('div');\r\n\t\t\t\t\t\t\tdiv.style.overflowY = 'scroll';\r\n\t\t\t\t\t\t\tdiv.style.width = '50px';\r\n\t\t\t\t\t\t\tdiv.style.height = '50px';\r\n\t\t\t\t\t\t\tdiv.style.visibility = 'hidden';\r\n\t\t\t\t\t\t\tdocument.body.appendChild(div);\r\n\t\t\t\t\t\t\tscrollbarWidth = div.offsetWidth - div.clientWidth;\r\n\t\t\t\t\t\t\tdocument.body.removeChild(div);\r\n\t\t\t\t\t\t\tvar setShareWidth = function () {\r\n\t\t\t\t\t\t\t\tif (($(window).width() + scrollbarWidth) >= 800) {\r\n\t\t\t\t\t\t\t\t\tif (parent.hasClass(\"style-6\") || parent.hasClass(\"style-7\") || parent.hasClass(\"vertical\")) {\r\n\t\t\t\t\t\t\t\t\t\t$share_container.width('auto');\r\n\t\t\t\t\t\t\t\t\t} else {\r\n\t\t\t\t\t\t\t\t\t\t$share_container.dfdEqWidth();\r\n\t\t\t\t\t\t\t\t\t}\r\n\t\t\t\t\t\t\t\t} else {\r\n\t\t\t\t\t\t\t\t\tif (parent.hasClass(\"style-6\") || parent.hasClass(\"style-7\") || parent.hasClass(\"vertical\")) {\r\n\t\t\t\t\t\t\t\t\t\t$share_container.width('auto');\r\n\t\t\t\t\t\t\t\t\t} else {\r\n\t\t\t\t\t\t\t\t\t\t$share_container.width('100%');\r\n\t\t\t\t\t\t\t\t\t}\r\n\t\t\t\t\t\t\t\t}\r\n\t\t\t\t\t\t\t};\r\n\t\t\t\t\t\t\tsetShareWidth();\r\n\t\t\t\t\t\t\t$(window).resize(setShareWidth);\r\n\t\t\t\t\t\t}\r\n\t\t\t\t\t});\r\n\t\t\t\t\t\t\t\t\t$('head').append('<style type=\"text\/css\">.dfd-new-share-module.style-6 #dfd_share_69f25bdc64def ul li a {border-style: solid;border-width: 1px;border-color: #000000;background: #ffffff;color: #000000;}<\/style>');\r\n\t\t\t\t\t\t\t})(jQuery);\r\n\t\t\t<\/script>\r\n\r\n\t\t\t<\/div>[\/vc_column][\/vc_row][vc_row][vc_column][vc_raw_html]PHNjcmlwdCB0eXBlPSJ0ZXh0L2phdmFzY3JpcHQiPg0KICAgIHdpbmRvdy5vbmxvYWQgPSBsb2FkOw0KICAgIGZ1bmN0aW9uIGxvYWQoKSB7DQogICAgICAgIHZhciBsb2dnZWRpbiA9IGRvY3VtZW50LmJvZHkuY2xhc3NMaXN0LmNvbnRhaW5zKCdsb2dnZWQtaW4nKTsNCiAgICAgICAgaWYgKGxvZ2dlZGluID09PSB0cnVlKSB7DQogICAgICAgICAgICB2YXIgeCA9IGRvY3VtZW50LmdldEVsZW1lbnRzQnlDbGFzc05hbWUoInBkZl9wcmludF9lcnJvciIpOw0KICAgICAgICAgICAgdmFyIHkgPSBkb2N1bWVudC5nZXRFbGVtZW50c0J5Q2xhc3NOYW1lKCJwZGZfbG9nZ2VkX2luIik7DQogICAgICAgICAgICBmb3IgKHZhciBpID0gMDsgaSA8IHgubGVuZ3RoOyBpKyspIHsNCiAgICAgICAgICAgICAgICB4W2ldLnN0eWxlLmRpc3BsYXkgPSAibm9uZSI7DQogICAgICAgICAgICAgICAgeVtpXS5zdHlsZS5kaXNwbGF5ID0gImlubGluZS1ibG9jayI7DQogICAgICAgICAgICB9DQogICAgICAgIH0gZWxzZSB7DQogICAgICAgICAgICB2YXIgeCA9IGRvY3VtZW50LmdldEVsZW1lbnRzQnlDbGFzc05hbWUoInBkZl9wcmludF9lcnJvciIpOw0KICAgICAgICAgICAgdmFyIHkgPSBkb2N1bWVudC5nZXRFbGVtZW50c0J5Q2xhc3NOYW1lKCJwZGZfbG9nZ2VkX2luIik7DQogICAgICAgICAgICBmb3IgKHZhciBpID0gMDsgaSA8IHgubGVuZ3RoOyBpKyspIHsNCiAgICAgICAgICAgICAgICB4W2ldLnN0eWxlLmRpc3BsYXkgPSAiaW5saW5lLWJsb2NrIjsNCiAgICAgICAgICAgICAgICB5W2ldLnN0eWxlLmRpc3BsYXkgPSAibm9uZSI7DQogICAgICAgICAgICB9DQogICAgICAgIH0NCiAgICB9DQo8L3NjcmlwdD4=[\/vc_raw_html][\/vc_column][\/vc_row]<\/p>\n<\/div>","protected":false},"excerpt":{"rendered":"<p>[vc_row][vc_column offset=\u00a0\u00bbvc_hidden-lg vc_hidden-md vc_hidden-sm vc_hidden-xs\u00a0\u00bb][vc_acf field_group=\u00a0\u00bb30126&Prime; field_from_30126=\u00a0\u00bbfield_5c079de146ee1&Prime;][\/vc_column][\/vc_row][vc_row][vc_column][\/vc_column][\/vc_row][vc_row][vc_column width=\u00a0\u00bb3\/4&Prime; dfd_column_responsive_enable=\u00a0\u00bbdfd-column-responsive-enable\u00a0\u00bb css=\u00a0\u00bb.vc_custom_1548941680917{border-right-width: 1px !important;padding-right: 25px !important;padding-left: 25px !important;border-right-color: #000000 !important;border-right-style: solid !important;}\u00a0\u00bb responsive_styles=\u00a0\u00bbborder_right_mobile:0&Prime;][vc_row_inner css=\u00a0\u00bb.vc_custom_1548936964895{padding-top: 25px !important;padding-right: 25px !important;padding-bottom: 25px !important;padding-left: 25px !important;background-color:<\/p>\n","protected":false},"author":2021,"featured_media":45526,"comment_status":"closed","ping_status":"closed","sticky":false,"template":"","format":"standard","meta":{"_acf_changed":false,"inline_featured_image":false,"footnotes":""},"categories":[452],"tags":[],"class_list":["post-39754","post","type-post","status-publish","format-standard","has-post-thumbnail","hentry","category-details-fr"],"acf":[],"yoast_head":"<!-- This site is optimized with the Yoast SEO plugin v26.7 - https:\/\/yoast.com\/wordpress\/plugins\/seo\/ -->\n<title>D\u00e9tails - Le chalet solaire - Solarchitecture<\/title>\n<meta name=\"robots\" content=\"index, follow, max-snippet:-1, max-image-preview:large, max-video-preview:-1\" \/>\n<link rel=\"canonical\" href=\"https:\/\/solarchitecture.ch\/fr\/details-le-chalet-solaire\/\" \/>\n<meta property=\"og:locale\" content=\"fr_FR\" \/>\n<meta property=\"og:type\" content=\"article\" \/>\n<meta property=\"og:title\" content=\"D\u00e9tails - Le chalet solaire - Solarchitecture\" \/>\n<meta property=\"og:description\" content=\"[vc_row][vc_column offset=\u00a0\u00bbvc_hidden-lg vc_hidden-md vc_hidden-sm vc_hidden-xs\u00a0\u00bb][vc_acf field_group=\u00a0\u00bb30126&Prime; field_from_30126=\u00a0\u00bbfield_5c079de146ee1&Prime;][\/vc_column][\/vc_row][vc_row][vc_column][\/vc_column][\/vc_row][vc_row][vc_column width=\u00a0\u00bb3\/4&Prime; dfd_column_responsive_enable=\u00a0\u00bbdfd-column-responsive-enable\u00a0\u00bb css=\u00a0\u00bb.vc_custom_1548941680917{border-right-width: 1px !important;padding-right: 25px !important;padding-left: 25px !important;border-right-color: #000000 !important;border-right-style: solid !important;}\u00a0\u00bb responsive_styles=\u00a0\u00bbborder_right_mobile:0&Prime;][vc_row_inner css=\u00a0\u00bb.vc_custom_1548936964895{padding-top: 25px !important;padding-right: 25px !important;padding-bottom: 25px !important;padding-left: 25px !important;background-color:\" \/>\n<meta property=\"og:url\" content=\"https:\/\/solarchitecture.ch\/fr\/details-le-chalet-solaire\/\" \/>\n<meta property=\"og:site_name\" content=\"Solarchitecture\" \/>\n<meta property=\"article:published_time\" content=\"2020-07-04T13:27:06+00:00\" \/>\n<meta property=\"article:modified_time\" content=\"2021-07-19T13:47:42+00:00\" \/>\n<meta property=\"og:image\" content=\"https:\/\/solarchitecture.ch\/wp-content\/uploads\/2020\/07\/preview-homepage.jpg\" \/>\n\t<meta property=\"og:image:width\" content=\"2036\" \/>\n\t<meta property=\"og:image:height\" content=\"1652\" \/>\n\t<meta property=\"og:image:type\" content=\"image\/jpeg\" \/>\n<meta name=\"author\" content=\"Solar Architecture\" \/>\n<meta name=\"twitter:card\" content=\"summary_large_image\" \/>\n<meta name=\"twitter:label1\" content=\"\u00c9crit par\" \/>\n\t<meta name=\"twitter:data1\" content=\"Solar Architecture\" \/>\n\t<meta name=\"twitter:label2\" content=\"Dur\u00e9e de lecture estim\u00e9e\" \/>\n\t<meta name=\"twitter:data2\" content=\"3 minutes\" \/>\n<script type=\"application\/ld+json\" class=\"yoast-schema-graph\">{\"@context\":\"https:\/\/schema.org\",\"@graph\":[{\"@type\":\"Article\",\"@id\":\"https:\/\/solarchitecture.ch\/fr\/details-le-chalet-solaire\/#article\",\"isPartOf\":{\"@id\":\"https:\/\/solarchitecture.ch\/fr\/details-le-chalet-solaire\/\"},\"author\":{\"name\":\"Solar Architecture\",\"@id\":\"https:\/\/solarchitecture.ch\/fr\/#\/schema\/person\/9574b0ccd534aeaa599ef02f64445744\"},\"headline\":\"D\u00e9tails &#8211; Le chalet solaire\",\"datePublished\":\"2020-07-04T13:27:06+00:00\",\"dateModified\":\"2021-07-19T13:47:42+00:00\",\"mainEntityOfPage\":{\"@id\":\"https:\/\/solarchitecture.ch\/fr\/details-le-chalet-solaire\/\"},\"wordCount\":1932,\"publisher\":{\"@id\":\"https:\/\/solarchitecture.ch\/fr\/#organization\"},\"image\":{\"@id\":\"https:\/\/solarchitecture.ch\/fr\/details-le-chalet-solaire\/#primaryimage\"},\"thumbnailUrl\":\"https:\/\/solarchitecture.ch\/wp-content\/uploads\/2020\/07\/preview-homepage.jpg\",\"articleSection\":[\"Details\"],\"inLanguage\":\"fr-FR\"},{\"@type\":\"WebPage\",\"@id\":\"https:\/\/solarchitecture.ch\/fr\/details-le-chalet-solaire\/\",\"url\":\"https:\/\/solarchitecture.ch\/fr\/details-le-chalet-solaire\/\",\"name\":\"D\u00e9tails - Le chalet solaire - Solarchitecture\",\"isPartOf\":{\"@id\":\"https:\/\/solarchitecture.ch\/fr\/#website\"},\"primaryImageOfPage\":{\"@id\":\"https:\/\/solarchitecture.ch\/fr\/details-le-chalet-solaire\/#primaryimage\"},\"image\":{\"@id\":\"https:\/\/solarchitecture.ch\/fr\/details-le-chalet-solaire\/#primaryimage\"},\"thumbnailUrl\":\"https:\/\/solarchitecture.ch\/wp-content\/uploads\/2020\/07\/preview-homepage.jpg\",\"datePublished\":\"2020-07-04T13:27:06+00:00\",\"dateModified\":\"2021-07-19T13:47:42+00:00\",\"breadcrumb\":{\"@id\":\"https:\/\/solarchitecture.ch\/fr\/details-le-chalet-solaire\/#breadcrumb\"},\"inLanguage\":\"fr-FR\",\"potentialAction\":[{\"@type\":\"ReadAction\",\"target\":[\"https:\/\/solarchitecture.ch\/fr\/details-le-chalet-solaire\/\"]}]},{\"@type\":\"ImageObject\",\"inLanguage\":\"fr-FR\",\"@id\":\"https:\/\/solarchitecture.ch\/fr\/details-le-chalet-solaire\/#primaryimage\",\"url\":\"https:\/\/solarchitecture.ch\/wp-content\/uploads\/2020\/07\/preview-homepage.jpg\",\"contentUrl\":\"https:\/\/solarchitecture.ch\/wp-content\/uploads\/2020\/07\/preview-homepage.jpg\",\"width\":2036,\"height\":1652},{\"@type\":\"BreadcrumbList\",\"@id\":\"https:\/\/solarchitecture.ch\/fr\/details-le-chalet-solaire\/#breadcrumb\",\"itemListElement\":[{\"@type\":\"ListItem\",\"position\":1,\"name\":\"Home\",\"item\":\"https:\/\/solarchitecture.ch\/fr\/\"},{\"@type\":\"ListItem\",\"position\":2,\"name\":\"D\u00e9tails &#8211; Le chalet solaire\"}]},{\"@type\":\"WebSite\",\"@id\":\"https:\/\/solarchitecture.ch\/fr\/#website\",\"url\":\"https:\/\/solarchitecture.ch\/fr\/\",\"name\":\"Solarchitecture\",\"description\":\"Building solution\",\"publisher\":{\"@id\":\"https:\/\/solarchitecture.ch\/fr\/#organization\"},\"potentialAction\":[{\"@type\":\"SearchAction\",\"target\":{\"@type\":\"EntryPoint\",\"urlTemplate\":\"https:\/\/solarchitecture.ch\/fr\/?s={search_term_string}\"},\"query-input\":{\"@type\":\"PropertyValueSpecification\",\"valueRequired\":true,\"valueName\":\"search_term_string\"}}],\"inLanguage\":\"fr-FR\"},{\"@type\":\"Organization\",\"@id\":\"https:\/\/solarchitecture.ch\/fr\/#organization\",\"name\":\"Solarchitecture\",\"url\":\"https:\/\/solarchitecture.ch\/fr\/\",\"logo\":{\"@type\":\"ImageObject\",\"inLanguage\":\"fr-FR\",\"@id\":\"https:\/\/solarchitecture.ch\/fr\/#\/schema\/logo\/image\/\",\"url\":\"https:\/\/solarchitecture.ch\/wp-content\/uploads\/2022\/07\/solarchitecture_logo.jpg\",\"contentUrl\":\"https:\/\/solarchitecture.ch\/wp-content\/uploads\/2022\/07\/solarchitecture_logo.jpg\",\"width\":312,\"height\":312,\"caption\":\"Solarchitecture\"},\"image\":{\"@id\":\"https:\/\/solarchitecture.ch\/fr\/#\/schema\/logo\/image\/\"}},{\"@type\":\"Person\",\"@id\":\"https:\/\/solarchitecture.ch\/fr\/#\/schema\/person\/9574b0ccd534aeaa599ef02f64445744\",\"name\":\"Solar Architecture\",\"image\":{\"@type\":\"ImageObject\",\"inLanguage\":\"fr-FR\",\"@id\":\"https:\/\/solarchitecture.ch\/fr\/#\/schema\/person\/image\/\",\"url\":\"https:\/\/secure.gravatar.com\/avatar\/5248fcb2bab99263f8f157f166bf6916de4582d008a551554fe906e623e4fda0?s=96&d=mm&r=g\",\"contentUrl\":\"https:\/\/secure.gravatar.com\/avatar\/5248fcb2bab99263f8f157f166bf6916de4582d008a551554fe906e623e4fda0?s=96&d=mm&r=g\",\"caption\":\"Solar Architecture\"},\"url\":\"https:\/\/solarchitecture.ch\/fr\/author\/solar\/\"}]}<\/script>\n<!-- \/ Yoast SEO plugin. -->","yoast_head_json":{"title":"D\u00e9tails - Le chalet solaire - Solarchitecture","robots":{"index":"index","follow":"follow","max-snippet":"max-snippet:-1","max-image-preview":"max-image-preview:large","max-video-preview":"max-video-preview:-1"},"canonical":"https:\/\/solarchitecture.ch\/fr\/details-le-chalet-solaire\/","og_locale":"fr_FR","og_type":"article","og_title":"D\u00e9tails - Le chalet solaire - Solarchitecture","og_description":"[vc_row][vc_column offset=\u00a0\u00bbvc_hidden-lg vc_hidden-md vc_hidden-sm vc_hidden-xs\u00a0\u00bb][vc_acf field_group=\u00a0\u00bb30126&Prime; field_from_30126=\u00a0\u00bbfield_5c079de146ee1&Prime;][\/vc_column][\/vc_row][vc_row][vc_column][\/vc_column][\/vc_row][vc_row][vc_column width=\u00a0\u00bb3\/4&Prime; dfd_column_responsive_enable=\u00a0\u00bbdfd-column-responsive-enable\u00a0\u00bb css=\u00a0\u00bb.vc_custom_1548941680917{border-right-width: 1px !important;padding-right: 25px !important;padding-left: 25px !important;border-right-color: #000000 !important;border-right-style: solid !important;}\u00a0\u00bb responsive_styles=\u00a0\u00bbborder_right_mobile:0&Prime;][vc_row_inner css=\u00a0\u00bb.vc_custom_1548936964895{padding-top: 25px !important;padding-right: 25px !important;padding-bottom: 25px !important;padding-left: 25px !important;background-color:","og_url":"https:\/\/solarchitecture.ch\/fr\/details-le-chalet-solaire\/","og_site_name":"Solarchitecture","article_published_time":"2020-07-04T13:27:06+00:00","article_modified_time":"2021-07-19T13:47:42+00:00","og_image":[{"width":2036,"height":1652,"url":"https:\/\/solarchitecture.ch\/wp-content\/uploads\/2020\/07\/preview-homepage.jpg","type":"image\/jpeg"}],"author":"Solar Architecture","twitter_card":"summary_large_image","twitter_misc":{"\u00c9crit par":"Solar Architecture","Dur\u00e9e de lecture estim\u00e9e":"3 minutes"},"schema":{"@context":"https:\/\/schema.org","@graph":[{"@type":"Article","@id":"https:\/\/solarchitecture.ch\/fr\/details-le-chalet-solaire\/#article","isPartOf":{"@id":"https:\/\/solarchitecture.ch\/fr\/details-le-chalet-solaire\/"},"author":{"name":"Solar Architecture","@id":"https:\/\/solarchitecture.ch\/fr\/#\/schema\/person\/9574b0ccd534aeaa599ef02f64445744"},"headline":"D\u00e9tails &#8211; Le chalet solaire","datePublished":"2020-07-04T13:27:06+00:00","dateModified":"2021-07-19T13:47:42+00:00","mainEntityOfPage":{"@id":"https:\/\/solarchitecture.ch\/fr\/details-le-chalet-solaire\/"},"wordCount":1932,"publisher":{"@id":"https:\/\/solarchitecture.ch\/fr\/#organization"},"image":{"@id":"https:\/\/solarchitecture.ch\/fr\/details-le-chalet-solaire\/#primaryimage"},"thumbnailUrl":"https:\/\/solarchitecture.ch\/wp-content\/uploads\/2020\/07\/preview-homepage.jpg","articleSection":["Details"],"inLanguage":"fr-FR"},{"@type":"WebPage","@id":"https:\/\/solarchitecture.ch\/fr\/details-le-chalet-solaire\/","url":"https:\/\/solarchitecture.ch\/fr\/details-le-chalet-solaire\/","name":"D\u00e9tails - Le chalet solaire - Solarchitecture","isPartOf":{"@id":"https:\/\/solarchitecture.ch\/fr\/#website"},"primaryImageOfPage":{"@id":"https:\/\/solarchitecture.ch\/fr\/details-le-chalet-solaire\/#primaryimage"},"image":{"@id":"https:\/\/solarchitecture.ch\/fr\/details-le-chalet-solaire\/#primaryimage"},"thumbnailUrl":"https:\/\/solarchitecture.ch\/wp-content\/uploads\/2020\/07\/preview-homepage.jpg","datePublished":"2020-07-04T13:27:06+00:00","dateModified":"2021-07-19T13:47:42+00:00","breadcrumb":{"@id":"https:\/\/solarchitecture.ch\/fr\/details-le-chalet-solaire\/#breadcrumb"},"inLanguage":"fr-FR","potentialAction":[{"@type":"ReadAction","target":["https:\/\/solarchitecture.ch\/fr\/details-le-chalet-solaire\/"]}]},{"@type":"ImageObject","inLanguage":"fr-FR","@id":"https:\/\/solarchitecture.ch\/fr\/details-le-chalet-solaire\/#primaryimage","url":"https:\/\/solarchitecture.ch\/wp-content\/uploads\/2020\/07\/preview-homepage.jpg","contentUrl":"https:\/\/solarchitecture.ch\/wp-content\/uploads\/2020\/07\/preview-homepage.jpg","width":2036,"height":1652},{"@type":"BreadcrumbList","@id":"https:\/\/solarchitecture.ch\/fr\/details-le-chalet-solaire\/#breadcrumb","itemListElement":[{"@type":"ListItem","position":1,"name":"Home","item":"https:\/\/solarchitecture.ch\/fr\/"},{"@type":"ListItem","position":2,"name":"D\u00e9tails &#8211; Le chalet solaire"}]},{"@type":"WebSite","@id":"https:\/\/solarchitecture.ch\/fr\/#website","url":"https:\/\/solarchitecture.ch\/fr\/","name":"Solarchitecture","description":"Building solution","publisher":{"@id":"https:\/\/solarchitecture.ch\/fr\/#organization"},"potentialAction":[{"@type":"SearchAction","target":{"@type":"EntryPoint","urlTemplate":"https:\/\/solarchitecture.ch\/fr\/?s={search_term_string}"},"query-input":{"@type":"PropertyValueSpecification","valueRequired":true,"valueName":"search_term_string"}}],"inLanguage":"fr-FR"},{"@type":"Organization","@id":"https:\/\/solarchitecture.ch\/fr\/#organization","name":"Solarchitecture","url":"https:\/\/solarchitecture.ch\/fr\/","logo":{"@type":"ImageObject","inLanguage":"fr-FR","@id":"https:\/\/solarchitecture.ch\/fr\/#\/schema\/logo\/image\/","url":"https:\/\/solarchitecture.ch\/wp-content\/uploads\/2022\/07\/solarchitecture_logo.jpg","contentUrl":"https:\/\/solarchitecture.ch\/wp-content\/uploads\/2022\/07\/solarchitecture_logo.jpg","width":312,"height":312,"caption":"Solarchitecture"},"image":{"@id":"https:\/\/solarchitecture.ch\/fr\/#\/schema\/logo\/image\/"}},{"@type":"Person","@id":"https:\/\/solarchitecture.ch\/fr\/#\/schema\/person\/9574b0ccd534aeaa599ef02f64445744","name":"Solar Architecture","image":{"@type":"ImageObject","inLanguage":"fr-FR","@id":"https:\/\/solarchitecture.ch\/fr\/#\/schema\/person\/image\/","url":"https:\/\/secure.gravatar.com\/avatar\/5248fcb2bab99263f8f157f166bf6916de4582d008a551554fe906e623e4fda0?s=96&d=mm&r=g","contentUrl":"https:\/\/secure.gravatar.com\/avatar\/5248fcb2bab99263f8f157f166bf6916de4582d008a551554fe906e623e4fda0?s=96&d=mm&r=g","caption":"Solar Architecture"},"url":"https:\/\/solarchitecture.ch\/fr\/author\/solar\/"}]}},"_links":{"self":[{"href":"https:\/\/solarchitecture.ch\/fr\/wp-json\/wp\/v2\/posts\/39754","targetHints":{"allow":["GET"]}}],"collection":[{"href":"https:\/\/solarchitecture.ch\/fr\/wp-json\/wp\/v2\/posts"}],"about":[{"href":"https:\/\/solarchitecture.ch\/fr\/wp-json\/wp\/v2\/types\/post"}],"author":[{"embeddable":true,"href":"https:\/\/solarchitecture.ch\/fr\/wp-json\/wp\/v2\/users\/2021"}],"replies":[{"embeddable":true,"href":"https:\/\/solarchitecture.ch\/fr\/wp-json\/wp\/v2\/comments?post=39754"}],"version-history":[{"count":19,"href":"https:\/\/solarchitecture.ch\/fr\/wp-json\/wp\/v2\/posts\/39754\/revisions"}],"predecessor-version":[{"id":45550,"href":"https:\/\/solarchitecture.ch\/fr\/wp-json\/wp\/v2\/posts\/39754\/revisions\/45550"}],"wp:featuredmedia":[{"embeddable":true,"href":"https:\/\/solarchitecture.ch\/fr\/wp-json\/wp\/v2\/media\/45526"}],"wp:attachment":[{"href":"https:\/\/solarchitecture.ch\/fr\/wp-json\/wp\/v2\/media?parent=39754"}],"wp:term":[{"taxonomy":"category","embeddable":true,"href":"https:\/\/solarchitecture.ch\/fr\/wp-json\/wp\/v2\/categories?post=39754"},{"taxonomy":"post_tag","embeddable":true,"href":"https:\/\/solarchitecture.ch\/fr\/wp-json\/wp\/v2\/tags?post=39754"}],"curies":[{"name":"wp","href":"https:\/\/api.w.org\/{rel}","templated":true}]}}