{"id":59457,"date":"2024-04-22T09:00:56","date_gmt":"2024-04-22T07:00:56","guid":{"rendered":"https:\/\/solarchitecture.ch\/zusammenschluss-zum-eigenverbrauch-zev-was-versteht-man-darunter\/"},"modified":"2024-09-16T11:14:03","modified_gmt":"2024-09-16T09:14:03","slug":"zusammenschluss-zum-eigenverbrauch-zev-was-versteht-man-darunter","status":"publish","type":"post","link":"https:\/\/solarchitecture.ch\/de\/zusammenschluss-zum-eigenverbrauch-zev-was-versteht-man-darunter\/","title":{"rendered":"Zusammenschluss zum Eigenverbrauch (ZEV) &#8211; was versteht man darunter?"},"content":{"rendered":"<div class=\"wpb-content-wrapper\"><p>[vc_row][vc_column offset=&#8220;vc_hidden-lg vc_hidden-md vc_hidden-sm vc_hidden-xs&#8220;][vc_acf field_group=&#8220;30126&#8243; field_from_30126=&#8220;field_5c079de146ee1&#8243;][\/vc_column][\/vc_row][vc_row][vc_column]<div class=\"dfd-spacer-module\"  data-units=\"px\" data-wide_resolution=\"1280\" data-wide_size=\"100\" data-normal_resolution=\"1024\" data-normal_size=\"100\" data-tablet_resolution=\"800\" data-tablet_size=\"50\" data-mobile_resolution=\"480\" data-mobile_size=\"50\" style=\"height: 100px;\"><\/div>[\/vc_column][\/vc_row][vc_row][vc_column width=&#8220;3\/4&#8243; dfd_column_responsive_enable=&#8220;dfd-column-responsive-enable&#8220; css=&#8220;.vc_custom_1548941680917{border-right-width: 1px !important;padding-right: 25px !important;padding-left: 25px !important;border-right-color: #000000 !important;border-right-style: solid !important;}&#8220; responsive_styles=&#8220;border_right_mobile:0&#8243;]<div class=\"dfd-heading-shortcode\"><div class=\"dfd-heading-module-wrap  text-left style_01 cr-animate-gen dfd-heading-69f0ee5713bd2 dfd-enable-resposive-headings\" id=\"dfd-heading-69f0ee5713bd2\" data-animate-type = \"transition.slideLeftIn\" ><div class=\"inline-block\"><div class=\"dfd-heading-module\"><div class=\"widget-title dfd-title block-title\" style=\"font-family:Montserrat; font-weight:700; font-style:normal; font-size: 35px; color: #000000 !important; line-height: 45px; letter-spacing: 0px; \">Zusammenschluss zum Eigenverbrauch (ZEV) &#8211; was versteht man darunter?<\/div><\/div><\/div><\/div><script type=\"text\/javascript\">\r\n\t\t\t\t\t\t\t\t\t(function($) {\r\n\t\t\t\t\t\t\t\t\t\t$(\"head\").append(\"<style>.dfd-heading-69f0ee5713bd2.dfd-heading-module-wrap .dfd-heading-module .dfd-heading-delimiter {margin-top:10px;margin-bottom:10px;}@media (max-width: 1279px) and (min-width: 1024px){.dfd-heading-69f0ee5713bd2 .dfd-title{font-size: 40px !important;letter-spacing: 0px !important;line-height: 45px !important;}}@media (max-width: 1023px) and (min-width: 800px){.dfd-heading-69f0ee5713bd2 .dfd-title{font-size: 35px !important;letter-spacing: 0px !important;line-height: 40px !important;}}@media (max-width: 799px){.dfd-heading-69f0ee5713bd2 .dfd-title{font-size: 30px !important;letter-spacing: 0px !important;line-height: 35px !important;}}<\/style>\");\r\n\t\t\t\t\t\t\t\t\t})(jQuery);\r\n\t\t\t\t\t\t\t\t<\/script><\/div>[vc_column_text css=&#8220;.vc_custom_1712745022732{padding-bottom: 30px !important;}&#8220;]22. April 2024[\/vc_column_text][vc_single_image image=&#8220;59359&#8243; img_size=&#8220;full&#8220;][vc_column_text css=&#8220;.vc_custom_1713163182224{padding-top: 10px !important;padding-bottom: 10px !important;}&#8220;]<\/p>\n<h3 style=\"text-align: left;\">Seit Fr\u00fchjahr 2020 entsteht der Zusammenschluss zum Eigenverbrauch Zimel (ZEV Zimel) auf dem Bauland der Korporation Unter\u00e4geri. Das Areal umfasst derzeit 12 Geb\u00e4ude mit 101 Wohnungen. F\u00fcnf weitere Mehrfamilienh\u00e4user mit insgesamt 48 Wohnungen sind momentan in Bau. Die Energieversorgung des Areals ist maximal lokal. Quelle: \u00a9 smart-me.<\/h3>\n<p>[\/vc_column_text][vc_column_text css=&#8220;.vc_custom_1726326314712{padding-top: 25px !important;}&#8220;]Die Installation einer Fotovoltaikanlage ist ein erster Schritt zur Abkehr von fossilen Brennstoffen. Um die Vorteile der Photovoltaik in vollem Umfang aussch\u00f6pfen zu k\u00f6nnen, ist es jedoch unerl\u00e4sslich, die Effizienz des Systems durch einen rationellen Verbrauch zu maximieren und eine Strategie in Bezug auf den Zusammenschluss der Nutzer zu entwickeln.<\/p>\n<p>&nbsp;<\/p>\n<p><strong>Definition:<\/strong><br \/>\n<em>Unter \u00abEigenverbrauch\u00bb wird der unmittelbare Verbrauch des Stroms zeitgleich mit der Produktion am Ort der Produktion oder die zeitgleiche Speicherung und der sp\u00e4tere Verbrauch am Ort der Produktion verstanden.<\/em><\/p>\n<p>&nbsp;<\/p>\n<p>Das Ziel eines ZEV (Zusammenschluss zum Eigenverbrauch) ist es, den Strombezug aus dem Netz zu reduzieren und die Nutzung von Photovoltaik-Eigenstromerzeugung zu optimieren\/maximieren (Eigenverbrauch).<\/p>\n<p>&nbsp;<\/p>\n<p>Die Diskrepanz zwischen photovoltaischer Energieerzeugung und Verbrauchernachfrage f\u00fchrt zu relativ geringen Eigenverbrauchsquoten, ausser wenn vor Ort teure Speicherl\u00f6sungen verf\u00fcgbar sind. Eine Alternative zu Batterien ist die B\u00fcndelung der Nachfrage mehrerer Prosumer (Verbraucher), da sich das kollektive Lastdiagramm besser an die Verf\u00fcgbarkeit von Photovoltaikstrom anpassen kann.[\/vc_column_text]<div class=\"dfd-spacer-module\"  data-units=\"px\" data-wide_resolution=\"1280\" data-wide_size=\"50\" data-normal_resolution=\"1024\" data-normal_size=\"50\" data-tablet_resolution=\"800\" data-tablet_size=\"25\" data-mobile_resolution=\"480\" data-mobile_size=\"25\" style=\"height: 50px;\"><\/div>[vc_single_image image=&#8220;59370&#8243; img_size=&#8220;full&#8220;][vc_column_text css=&#8220;.vc_custom_1713163344799{padding-top: 10px !important;padding-bottom: 10px !important;}&#8220;]<\/p>\n<h3 style=\"text-align: left;\">Schematische Tagesganglinie f\u00fcr Produktion und Verbrauch mit einer Photovoltaikanlage. \u00a9 Basler&amp; Hofmann AG.<\/h3>\n<p>[\/vc_column_text][vc_column_text css=&#8220;.vc_custom_1712756762590{padding-top: 25px !important;}&#8220;]In der Regel erh\u00e4lt jeder Endverbraucher einen eigenen Stromz\u00e4hler und ein eigenes Abonnement f\u00fcr die Stromversorgung. Nach der Gr\u00fcndung des ZEV wird ein zentraler Stromz\u00e4hler f\u00fcr die gesamte Energiegemeinschaft installiert. Das Elektrizit\u00e4tswerk verwaltet nur diesen Z\u00e4hler, w\u00e4hrend der Anlagenbesitzer sich um die Ablesung und Abrechnung der einzelnen privaten Z\u00e4hler der Nutzer k\u00fcmmert.<\/p>\n<p>&nbsp;<\/p>\n<p>Die Kosten f\u00fcr die Endverbraucher sind in der Regel niedriger als der Durchschnittstarif des Elektrizit\u00e4tswerks, da die Verwaltungskosten geringer sind. F\u00fcr den dem ZEV zugeteilten zentralen Z\u00e4hler wird ein einziger Vertrag mit dem Stromversorger abgeschlossen. Zudem d\u00fcrfen die Kosten f\u00fcr den gelieferten Strom auf keinen Fall h\u00f6her sein als diejenigen f\u00fcr ein gleichwertiges Produkt, das vom \u00f6rtlichen Elektrizit\u00e4tswerk geliefert wird.<\/p>\n<p>&nbsp;<\/p>\n<p>Die lokalen Elektrizit\u00e4tswerke sind zwar verpflichtet, \u00fcbersch\u00fcssigen Strom abzukaufen, aber die Verg\u00fctungss\u00e4tze liegen in der Regel weit unter dem Preis des von ihnen gelieferten Stroms. Deshalb gilt f\u00fcr jede ZEV: je gr\u00f6sser der Anteil der von ihr selbst erzeugten Energie ist, die sie vor Ort verbrauchen k\u00f6nnen, desto weniger Strom muss sie aus dem Netz beziehen.<\/p>\n<p>&nbsp;<\/p>\n<p>Grunds\u00e4tzlich ist ein Zusammenschluss zum Eigenverbrauch sowohl f\u00fcr den Endverbraucher von Vorteil, der weniger f\u00fcr den Strom bezahlt, als auch f\u00fcr den Eigent\u00fcmer der Anlage, der die von seiner Anlage produzierte Energie zu einem h\u00f6heren Preis verkaufen kann, als wenn er sie an ein Elektrizit\u00e4tswerk verkaufen w\u00fcrde. Es ist zu beachten, dass die Verg\u00fctung von Energie und Zertifikaten j\u00e4hrlich von den kantonalen Elektrizit\u00e4tswerken unter Ber\u00fccksichtigung der Entwicklung des Schweizer Elektrizit\u00e4tsindex &#8222;Swissix&#8220; und der Preise f\u00fcr Herkunftsnachweise (HKN) festgelegt.<\/p>\n<p>&nbsp;<\/p>\n<p>Mit Ausnahme des Rekordpreises von 22 ct\/kWh im Jahr 2022, der auf die starke Instabilit\u00e4t des Energiemarktes aufgrund des Krieges in der Ukraine und die damit verbundenen Gasversorgungsprobleme zur\u00fcckzuf\u00fchren ist, tendieren die Tarife im Tessin eher zu Werten unter 10 ct\/kWh (8,5 ct\/kWh im Jahr 2023).<\/p>\n<p>&nbsp;<\/p>\n<p>Ergo: Es ist sowohl f\u00fcr Stockwerkeigentum als auch f\u00fcr Ertragsgeb\u00e4ude eine finanziell attraktive L\u00f6sung.<\/p>\n<p>&nbsp;<\/p>\n<p>Weitere Informationen finden Sie im Dokument &#8222;Leitfaden Eigenverbrauch&#8220;, das im Auftrag von EnergieSchweiz durch Swissolar, dem Hauseigent\u00fcmerverband (HEV Schweiz), dem Schweizerischen Mieterinnen- und Mieterverband (SMV) und unter Einbezug des Verbands Schweizerischer Elektrizit\u00e4tsunternehmen (VSE) ausgearbeitet wurde.[\/vc_column_text]<div class=\"dfd-spacer-module\"  data-units=\"px\" data-wide_resolution=\"1280\" data-wide_size=\"50\" data-normal_resolution=\"1024\" data-normal_size=\"49\" data-tablet_resolution=\"800\" data-tablet_size=\"25\" data-mobile_resolution=\"480\" data-mobile_size=\"25\" style=\"height: 50px;\"><\/div>[vc_single_image image=&#8220;59345&#8243; img_size=&#8220;full&#8220;][vc_column_text css=&#8220;.vc_custom_1712756925498{padding-top: 10px !important;padding-bottom: 10px !important;}&#8220;]<\/p>\n<h3 style=\"text-align: left;\">Seit 2018 erlaubt das Eidg. Energiegesetz die Gr\u00fcndung von Zusammenschl\u00fcssen zum Eigenverbrauch (ZEV), die es mehreren Verbrauchern erm\u00f6glichen, die von einer oder mehreren PV-Anlagen erzeugte Energie gemeinsam zu nutzen. Quelle: \u00a9 Solarspar.<\/h3>\n<p>[\/vc_column_text][vc_column_text css=&#8220;.vc_custom_1712755035194{padding-top: 25px !important;}&#8220;]<strong>Ein Beispiel: Lugaggia Innovation Community (LIC)<\/strong><\/p>\n<p>&nbsp;<\/p>\n<p>Ein Beispiel: Lugaggia Innovation Community (LIC)<br \/>\nIm Tessin ist das Projekt &#8222;Lugaggia Innovation Community&#8220; ins Rampenlicht ger\u00fcckt und l\u00f6st nun weitere \u00e4hnliche Initiativen aus.<br \/>\nDas Pilotprojekt brachte 18 Eigent\u00fcmer von Einfamilienh\u00e4usern zusammen, von denen sechs mit Photovoltaikanlagen (insgesamt 72 kWp) ausgestattet sind. Sie bilden ein ZEV, der auch die Photovoltaikproduktion der Anlage des nahe gelegenen Kindergartens (30 kWp) einbezieht. Eine Quartierbatterie (60 kWh) und ein auf Blockchain-Technologie basierender Kontrollmechanismus wurden ebenfalls integriert.<\/p>\n<p>&nbsp;<\/p>\n<p>Dank der Batterie und des Lastmanagements konnte der Eigenverbrauch deutlich auf 94 % gesteigert werden. Dies entlastet das lokale Verteilernetz und macht den Eigenverbrauch von selbst erzeugtem Solarstrom f\u00fcr die Endverbrauchenden im ZEV rentabler. ZEV-Haushalte erhalten Energie zu durchschnittlich 16 Rappen pro kWh g\u00fcnstiger als Nicht-ZEV-Haushalte. Die Besitzer von PV-Anlagen innerhalb eines ZEV k\u00f6nnen ihre Energie auch zu besseren Preisen verkaufen als die Verg\u00fctungss\u00e4tze, die in der Regel vom lokalen Stromversorger berechnet werden.<\/p>\n<p>&nbsp;<\/p>\n<p>Das Projekt wurde von 2019 bis 2021 vom Bundesamt f\u00fcr Energie unterst\u00fctzt und gewann 2023 den Watt d&#8217;Or.[\/vc_column_text]<div class=\"dfd-spacer-module\"  data-units=\"px\" data-wide_resolution=\"1280\" data-wide_size=\"50\" data-normal_resolution=\"1024\" data-normal_size=\"49\" data-tablet_resolution=\"800\" data-tablet_size=\"25\" data-mobile_resolution=\"480\" data-mobile_size=\"25\" style=\"height: 50px;\"><\/div>[vc_single_image image=&#8220;59354&#8243; img_size=&#8220;full&#8220;][vc_column_text css=&#8220;.vc_custom_1712758180733{padding-top: 10px !important;padding-bottom: 10px !important;}&#8220;]<\/p>\n<h3 style=\"text-align: left;\">Der ZEV in Lugaggia umfasst sechs Photovoltaikanlagen (mit einer Sonne gekennzeichnet). Auf dem Gel\u00e4nde des Kindergartens ist auch eine Speicherbatterie installiert (oben). Quelle: SUPSI.<\/h3>\n<p>[\/vc_column_text][\/vc_column][vc_column width=&#8220;1\/4&#8243; dfd_column_responsive_enable=&#8220;dfd-column-responsive-enable&#8220; css=&#8220;.vc_custom_1548941751542{padding-right: 25px !important;padding-left: 25px !important;}&#8220; responsive_styles=&#8220;padding_top_mobile:80&#8243;]<div class=\"dfd-heading-shortcode\"><div class=\"dfd-heading-module-wrap  text-left style_01 dfd-heading-69f0ee5713e7b dfd-enable-resposive-headings\" id=\"dfd-heading-69f0ee5713e7b\" ><div class=\"inline-block\"><div class=\"dfd-heading-module\"><div class=\"widget-title dfd-title block-title\" style=\"font-size: 25px; font-family: MontserratBold; color: #000000 !important; line-height: 32px; letter-spacing: 0px; \">Siehe auch<\/div><\/div><\/div><\/div><script type=\"text\/javascript\">\r\n\t\t\t\t\t\t\t\t\t(function($) {\r\n\t\t\t\t\t\t\t\t\t\t$(\"head\").append(\"<style>.dfd-heading-69f0ee5713e7b .dfd-heading-module .widget-title {margin-bottom:15px;}.dfd-heading-69f0ee5713e7b.dfd-heading-module-wrap .dfd-heading-module .dfd-heading-delimiter {margin-top:10px;margin-bottom:10px;}<\/style>\");\r\n\t\t\t\t\t\t\t\t\t})(jQuery);\r\n\t\t\t\t\t\t\t\t<\/script><\/div>[vc_row_inner][vc_column_inner css=&#8220;.vc_custom_1583843692171{padding-top: 25px !important;}&#8220; col_inner_shadow=&#8220;box_shadow_enable:disable|shadow_horizontal:0|shadow_vertical:15|shadow_blur:50|shadow_spread:0|box_shadow_color:rgba(0%2C0%2C0%2C0.35)&#8220; col_inner_shadow_hover=&#8220;box_shadow_enable:disable|shadow_horizontal:0|shadow_vertical:15|shadow_blur:50|shadow_spread:0|box_shadow_color:rgba(0%2C0%2C0%2C0.35)&#8220;]<div id=\"idinfobox69f0ee5713fb3\" class=\"dfd-info-box clearfix style-01 layout-04  idinfobox69f0ee5713fb3 cr-animate-gen\" data-animate-item=\".dfd-animate-container\" data-animate-type = \"transition.slideUpIn\" ><div class=\"dfd-animate-container\"><div class=\"icon-wrapper\"><div class=\"module-icon\" style=\"border-radius:px;font-size:65px;\"><div class=\"hover-layer\" ><\/div><img decoding=\"async\" src=\"https:\/\/solarchitecture.ch\/wp-content\/uploads\/2023\/05\/energieschweiz-logo-130x130.png\" alt=\"Image icon\" style=\"width: 65px;opacity: 1;\" \/><\/div><\/div><div class=\"content-wrap ovh\"><div class=\"info-box-title feature-title\" style=\"font-size: 14px; color: #000000 !important; line-height: 20px; \">EnergieSchweiz<\/div><div class=\"info-box-subtitle subtitle\" style=\"font-size: 14px; color: #000000 !important; line-height: 20px; font-style:italic; \">Instrumente und Dokumente<\/div><div class=\"description\" style=\"\"><\/div><\/div><a href=\"https:\/\/www.energieschweiz.ch\/gebaeude\/eigenverbrauch\/?pk_vid=993a3a8f596377781712739889346ea3\"  target=\"_blank\" class=\"full-box-link\"><\/a><\/div><\/div><div id=\"idinfobox69f0ee571468c\" class=\"dfd-info-box clearfix style-01 layout-04  idinfobox69f0ee571468c cr-animate-gen\" data-animate-item=\".dfd-animate-container\" data-animate-type = \"transition.slideUpIn\" ><div class=\"dfd-animate-container\"><div class=\"icon-wrapper\"><div class=\"module-icon\" style=\"border-radius:px;font-size:65px;\"><div class=\"hover-layer\" ><\/div><img decoding=\"async\" src=\"https:\/\/solarchitecture.ch\/wp-content\/uploads\/2024\/04\/userguideicon-130x130.png\" alt=\"Image icon\" style=\"width: 65px;opacity: 1;\" \/><\/div><\/div><div class=\"content-wrap ovh\"><div class=\"info-box-title feature-title\" style=\"font-size: 14px; color: #000000 !important; line-height: 20px; \">Leitfaden Eigenverbrauch<\/div><div class=\"info-box-subtitle subtitle\" style=\"font-size: 14px; color: #000000 !important; line-height: 20px; font-style:italic; \">PDF herunterladen<\/div><div class=\"description\" style=\"\"><\/div><\/div><a href=\"https:\/\/solarchitecture.ch\/wp-content\/uploads\/2024\/04\/9329-2023.07.21_Leitfaden-Eigenverbrauch_3.0_final_DE-1.pdf\"  target=\"_blank\" class=\"full-box-link\"><\/a><\/div><\/div>[\/vc_column_inner][\/vc_row_inner]<div class=\"dfd-spacer-module\"  data-units=\"px\" data-wide_resolution=\"1280\" data-wide_size=\"80\" data-normal_resolution=\"1024\" data-normal_size=\"80\" data-tablet_resolution=\"800\" data-tablet_size=\"80\" data-mobile_resolution=\"480\" data-mobile_size=\"80\" style=\"height: 80px;\"><\/div><div class=\"dfd-shar-module-cover\"><div class=\"dfd-new-share-module  text-left style-6 horizontal   \" ><div class=\"module module-entry-share\" id=\"dfd_share_69f0ee5714cce\"><ul class=\"module-entry-share-links-list rrssb-buttons\" data-directory=\"https:\/\/solarchitecture.ch\/wp-content\/themes\/dfd-ronneby\"><li class=\"rrssb-facebook\"><a class=\"module-entry-share-link-facebook feature-title\" data-title=\"Solarchitecture\" data-url=\"https:\/\/solarchitecture.ch\" data-media=\"\" href=\"https:\/\/www.facebook.com\/sharer\/sharer.php?u=https:\/\/solarchitecture.ch\"  style=\"border-radius: 1px; font-size: 14px; \"><span class=\"dfd-share-icon\" style=\"width: 30px; height: 30px; line-height: 30px;\"><\/span><\/a><\/li><li class=\"rrssb-linkedin\"><a class=\"module-entry-share-link-linkedin feature-title\" data-title=\"Solarchitecture\" data-url=\"https:\/\/solarchitecture.ch\" data-media=\"\" href=\"http:\/\/www.linkedin.com\/shareArticle?mini=true&#038;url=https:\/\/solarchitecture.ch\"  style=\"border-radius: 1px; font-size: 14px; \"><span class=\"dfd-share-icon\" style=\"width: 30px; height: 30px; line-height: 30px;\"><\/span><\/a><\/li><li class=\"rrssb-pinterest\"><a class=\"module-entry-share-link-pinterest feature-title\" data-title=\"Solarchitecture\" data-url=\"https:\/\/solarchitecture.ch\" data-media=\"\" href=\"http:\/\/pinterest.com\/pin\/create\/button\/?url=https:\/\/solarchitecture.ch&#038;image_url=https:\/\/solarchitecture.ch\/wp-content\/uploads\/2024\/04\/ZEV-Zimel.jpeg\"  style=\"border-radius: 1px; font-size: 14px; \"><span class=\"dfd-share-icon\" style=\"width: 30px; height: 30px; line-height: 30px;\"><\/span><\/a><\/li><\/ul><\/div><\/div>\t\t\t<script type=\"text\/javascript\">\r\n\t\t\t\t(function ($) {\r\n\t\t\t\t\t\"use strict\";\r\n\t\t\t\t\t$(document).ready(function () {\r\n\t\t\t\t\t\tvar $share_container = $('#dfd_share_69f0ee5714cce .module-entry-share-links-list li');\r\n\t\t\t\t\t\tvar parent = $share_container.parent().parent().parent();\r\n\t\t\t\t\t\tif ($share_container.length > 0) {\r\n\t\t\t\t\t\t\tvar scrollbarWidth;\r\n\t\t\t\t\t\t\tvar div = document.createElement('div');\r\n\t\t\t\t\t\t\tdiv.style.overflowY = 'scroll';\r\n\t\t\t\t\t\t\tdiv.style.width = '50px';\r\n\t\t\t\t\t\t\tdiv.style.height = '50px';\r\n\t\t\t\t\t\t\tdiv.style.visibility = 'hidden';\r\n\t\t\t\t\t\t\tdocument.body.appendChild(div);\r\n\t\t\t\t\t\t\tscrollbarWidth = div.offsetWidth - div.clientWidth;\r\n\t\t\t\t\t\t\tdocument.body.removeChild(div);\r\n\t\t\t\t\t\t\tvar setShareWidth = function () {\r\n\t\t\t\t\t\t\t\tif (($(window).width() + scrollbarWidth) >= 800) {\r\n\t\t\t\t\t\t\t\t\tif (parent.hasClass(\"style-6\") || parent.hasClass(\"style-7\") || parent.hasClass(\"vertical\")) {\r\n\t\t\t\t\t\t\t\t\t\t$share_container.width('auto');\r\n\t\t\t\t\t\t\t\t\t} else {\r\n\t\t\t\t\t\t\t\t\t\t$share_container.dfdEqWidth();\r\n\t\t\t\t\t\t\t\t\t}\r\n\t\t\t\t\t\t\t\t} else {\r\n\t\t\t\t\t\t\t\t\tif (parent.hasClass(\"style-6\") || parent.hasClass(\"style-7\") || parent.hasClass(\"vertical\")) {\r\n\t\t\t\t\t\t\t\t\t\t$share_container.width('auto');\r\n\t\t\t\t\t\t\t\t\t} else {\r\n\t\t\t\t\t\t\t\t\t\t$share_container.width('100%');\r\n\t\t\t\t\t\t\t\t\t}\r\n\t\t\t\t\t\t\t\t}\r\n\t\t\t\t\t\t\t};\r\n\t\t\t\t\t\t\tsetShareWidth();\r\n\t\t\t\t\t\t\t$(window).resize(setShareWidth);\r\n\t\t\t\t\t\t}\r\n\t\t\t\t\t});\r\n\t\t\t\t\t\t\t\t\t$('head').append('<style type=\"text\/css\">.dfd-new-share-module.style-6 #dfd_share_69f0ee5714cce ul li a {border-style: solid;border-width: 1px;border-color: #000000;background: #ffffff;color: #000000;}<\/style>');\r\n\t\t\t\t\t\t\t})(jQuery);\r\n\t\t\t<\/script>\r\n\r\n\t\t\t<\/div>[\/vc_column][\/vc_row][vc_row][vc_column]<div class=\"dfd-spacer-module\"  data-units=\"px\" data-wide_resolution=\"1280\" data-wide_size=\"100\" data-normal_resolution=\"1024\" data-normal_size=\"100\" data-tablet_resolution=\"800\" data-tablet_size=\"100\" data-mobile_resolution=\"480\" data-mobile_size=\"100\" style=\"height: 100px;\"><\/div>[\/vc_column][\/vc_row]<\/p>\n<\/div>","protected":false},"excerpt":{"rendered":"<p>[vc_row][vc_column offset=&#8220;vc_hidden-lg vc_hidden-md vc_hidden-sm vc_hidden-xs&#8220;][vc_acf field_group=&#8220;30126&#8243; field_from_30126=&#8220;field_5c079de146ee1&#8243;][\/vc_column][\/vc_row][vc_row][vc_column][\/vc_column][\/vc_row][vc_row][vc_column width=&#8220;3\/4&#8243; dfd_column_responsive_enable=&#8220;dfd-column-responsive-enable&#8220; css=&#8220;.vc_custom_1548941680917{border-right-width: 1px !important;padding-right: 25px !important;padding-left: 25px !important;border-right-color: #000000 !important;border-right-style: solid !important;}&#8220; responsive_styles=&#8220;border_right_mobile:0&#8243;][vc_column_text css=&#8220;.vc_custom_1712745022732{padding-bottom: 30px !important;}&#8220;]22. April 2024[\/vc_column_text][vc_single_image image=&#8220;59359&#8243; img_size=&#8220;full&#8220;][vc_column_text css=&#8220;.vc_custom_1713163182224{padding-top: 10px<\/p>\n","protected":false},"author":2021,"featured_media":59359,"comment_status":"closed","ping_status":"closed","sticky":false,"template":"","format":"standard","meta":{"_acf_changed":false,"inline_featured_image":false,"footnotes":""},"categories":[462],"tags":[],"class_list":["post-59457","post","type-post","status-publish","format-standard","has-post-thumbnail","hentry","category-training-de"],"acf":[],"yoast_head":"<!-- This site is optimized with the Yoast SEO plugin v26.7 - https:\/\/yoast.com\/wordpress\/plugins\/seo\/ -->\n<title>Zusammenschluss zum Eigenverbrauch (ZEV) - was versteht man darunter? - Solarchitecture<\/title>\n<meta name=\"robots\" content=\"index, follow, max-snippet:-1, max-image-preview:large, max-video-preview:-1\" \/>\n<link rel=\"canonical\" href=\"https:\/\/solarchitecture.ch\/de\/zusammenschluss-zum-eigenverbrauch-zev-was-versteht-man-darunter\/\" \/>\n<meta property=\"og:locale\" content=\"de_DE\" \/>\n<meta property=\"og:type\" content=\"article\" \/>\n<meta property=\"og:title\" content=\"Zusammenschluss zum Eigenverbrauch (ZEV) - was versteht man darunter? - Solarchitecture\" \/>\n<meta property=\"og:description\" content=\"[vc_row][vc_column offset=&#8220;vc_hidden-lg vc_hidden-md vc_hidden-sm vc_hidden-xs&#8220;][vc_acf field_group=&#8220;30126&#8243; field_from_30126=&#8220;field_5c079de146ee1&#8243;][\/vc_column][\/vc_row][vc_row][vc_column][\/vc_column][\/vc_row][vc_row][vc_column width=&#8220;3\/4&#8243; dfd_column_responsive_enable=&#8220;dfd-column-responsive-enable&#8220; css=&#8220;.vc_custom_1548941680917{border-right-width: 1px !important;padding-right: 25px !important;padding-left: 25px !important;border-right-color: #000000 !important;border-right-style: solid !important;}&#8220; responsive_styles=&#8220;border_right_mobile:0&#8243;][vc_column_text css=&#8220;.vc_custom_1712745022732{padding-bottom: 30px !important;}&#8220;]22. April 2024[\/vc_column_text][vc_single_image image=&#8220;59359&#8243; img_size=&#8220;full&#8220;][vc_column_text css=&#8220;.vc_custom_1713163182224{padding-top: 10px\" \/>\n<meta property=\"og:url\" content=\"https:\/\/solarchitecture.ch\/de\/zusammenschluss-zum-eigenverbrauch-zev-was-versteht-man-darunter\/\" \/>\n<meta property=\"og:site_name\" content=\"Solarchitecture\" \/>\n<meta property=\"article:published_time\" content=\"2024-04-22T07:00:56+00:00\" \/>\n<meta property=\"article:modified_time\" content=\"2024-09-16T09:14:03+00:00\" \/>\n<meta property=\"og:image\" content=\"https:\/\/solarchitecture.ch\/wp-content\/uploads\/2024\/04\/ZEV-Zimel.jpeg\" \/>\n\t<meta property=\"og:image:width\" content=\"1366\" \/>\n\t<meta property=\"og:image:height\" content=\"910\" \/>\n\t<meta property=\"og:image:type\" content=\"image\/jpeg\" \/>\n<meta name=\"author\" content=\"Solar Architecture\" \/>\n<meta name=\"twitter:card\" content=\"summary_large_image\" \/>\n<meta name=\"twitter:label1\" content=\"Verfasst von\" \/>\n\t<meta name=\"twitter:data1\" content=\"Solar Architecture\" \/>\n\t<meta name=\"twitter:label2\" content=\"Gesch\u00e4tzte Lesezeit\" \/>\n\t<meta name=\"twitter:data2\" content=\"6\u00a0Minuten\" \/>\n<script type=\"application\/ld+json\" class=\"yoast-schema-graph\">{\"@context\":\"https:\/\/schema.org\",\"@graph\":[{\"@type\":\"Article\",\"@id\":\"https:\/\/solarchitecture.ch\/de\/zusammenschluss-zum-eigenverbrauch-zev-was-versteht-man-darunter\/#article\",\"isPartOf\":{\"@id\":\"https:\/\/solarchitecture.ch\/de\/zusammenschluss-zum-eigenverbrauch-zev-was-versteht-man-darunter\/\"},\"author\":{\"name\":\"Solar Architecture\",\"@id\":\"https:\/\/solarchitecture.ch\/de\/#\/schema\/person\/9574b0ccd534aeaa599ef02f64445744\"},\"headline\":\"Zusammenschluss zum Eigenverbrauch (ZEV) &#8211; was versteht man darunter?\",\"datePublished\":\"2024-04-22T07:00:56+00:00\",\"dateModified\":\"2024-09-16T09:14:03+00:00\",\"mainEntityOfPage\":{\"@id\":\"https:\/\/solarchitecture.ch\/de\/zusammenschluss-zum-eigenverbrauch-zev-was-versteht-man-darunter\/\"},\"wordCount\":1677,\"publisher\":{\"@id\":\"https:\/\/solarchitecture.ch\/de\/#organization\"},\"image\":{\"@id\":\"https:\/\/solarchitecture.ch\/de\/zusammenschluss-zum-eigenverbrauch-zev-was-versteht-man-darunter\/#primaryimage\"},\"thumbnailUrl\":\"https:\/\/solarchitecture.ch\/wp-content\/uploads\/2024\/04\/ZEV-Zimel.jpeg\",\"articleSection\":[\"Training\"],\"inLanguage\":\"de\"},{\"@type\":\"WebPage\",\"@id\":\"https:\/\/solarchitecture.ch\/de\/zusammenschluss-zum-eigenverbrauch-zev-was-versteht-man-darunter\/\",\"url\":\"https:\/\/solarchitecture.ch\/de\/zusammenschluss-zum-eigenverbrauch-zev-was-versteht-man-darunter\/\",\"name\":\"Zusammenschluss zum Eigenverbrauch (ZEV) - was versteht man darunter? - Solarchitecture\",\"isPartOf\":{\"@id\":\"https:\/\/solarchitecture.ch\/de\/#website\"},\"primaryImageOfPage\":{\"@id\":\"https:\/\/solarchitecture.ch\/de\/zusammenschluss-zum-eigenverbrauch-zev-was-versteht-man-darunter\/#primaryimage\"},\"image\":{\"@id\":\"https:\/\/solarchitecture.ch\/de\/zusammenschluss-zum-eigenverbrauch-zev-was-versteht-man-darunter\/#primaryimage\"},\"thumbnailUrl\":\"https:\/\/solarchitecture.ch\/wp-content\/uploads\/2024\/04\/ZEV-Zimel.jpeg\",\"datePublished\":\"2024-04-22T07:00:56+00:00\",\"dateModified\":\"2024-09-16T09:14:03+00:00\",\"breadcrumb\":{\"@id\":\"https:\/\/solarchitecture.ch\/de\/zusammenschluss-zum-eigenverbrauch-zev-was-versteht-man-darunter\/#breadcrumb\"},\"inLanguage\":\"de\",\"potentialAction\":[{\"@type\":\"ReadAction\",\"target\":[\"https:\/\/solarchitecture.ch\/de\/zusammenschluss-zum-eigenverbrauch-zev-was-versteht-man-darunter\/\"]}]},{\"@type\":\"ImageObject\",\"inLanguage\":\"de\",\"@id\":\"https:\/\/solarchitecture.ch\/de\/zusammenschluss-zum-eigenverbrauch-zev-was-versteht-man-darunter\/#primaryimage\",\"url\":\"https:\/\/solarchitecture.ch\/wp-content\/uploads\/2024\/04\/ZEV-Zimel.jpeg\",\"contentUrl\":\"https:\/\/solarchitecture.ch\/wp-content\/uploads\/2024\/04\/ZEV-Zimel.jpeg\",\"width\":1366,\"height\":910},{\"@type\":\"BreadcrumbList\",\"@id\":\"https:\/\/solarchitecture.ch\/de\/zusammenschluss-zum-eigenverbrauch-zev-was-versteht-man-darunter\/#breadcrumb\",\"itemListElement\":[{\"@type\":\"ListItem\",\"position\":1,\"name\":\"Home\",\"item\":\"https:\/\/solarchitecture.ch\/de\/\"},{\"@type\":\"ListItem\",\"position\":2,\"name\":\"Zusammenschluss zum Eigenverbrauch (ZEV) &#8211; was versteht man darunter?\"}]},{\"@type\":\"WebSite\",\"@id\":\"https:\/\/solarchitecture.ch\/de\/#website\",\"url\":\"https:\/\/solarchitecture.ch\/de\/\",\"name\":\"Solarchitecture\",\"description\":\"Building solution\",\"publisher\":{\"@id\":\"https:\/\/solarchitecture.ch\/de\/#organization\"},\"potentialAction\":[{\"@type\":\"SearchAction\",\"target\":{\"@type\":\"EntryPoint\",\"urlTemplate\":\"https:\/\/solarchitecture.ch\/de\/?s={search_term_string}\"},\"query-input\":{\"@type\":\"PropertyValueSpecification\",\"valueRequired\":true,\"valueName\":\"search_term_string\"}}],\"inLanguage\":\"de\"},{\"@type\":\"Organization\",\"@id\":\"https:\/\/solarchitecture.ch\/de\/#organization\",\"name\":\"Solarchitecture\",\"url\":\"https:\/\/solarchitecture.ch\/de\/\",\"logo\":{\"@type\":\"ImageObject\",\"inLanguage\":\"de\",\"@id\":\"https:\/\/solarchitecture.ch\/de\/#\/schema\/logo\/image\/\",\"url\":\"https:\/\/solarchitecture.ch\/wp-content\/uploads\/2022\/07\/solarchitecture_logo.jpg\",\"contentUrl\":\"https:\/\/solarchitecture.ch\/wp-content\/uploads\/2022\/07\/solarchitecture_logo.jpg\",\"width\":312,\"height\":312,\"caption\":\"Solarchitecture\"},\"image\":{\"@id\":\"https:\/\/solarchitecture.ch\/de\/#\/schema\/logo\/image\/\"}},{\"@type\":\"Person\",\"@id\":\"https:\/\/solarchitecture.ch\/de\/#\/schema\/person\/9574b0ccd534aeaa599ef02f64445744\",\"name\":\"Solar Architecture\",\"image\":{\"@type\":\"ImageObject\",\"inLanguage\":\"de\",\"@id\":\"https:\/\/solarchitecture.ch\/de\/#\/schema\/person\/image\/\",\"url\":\"https:\/\/secure.gravatar.com\/avatar\/5248fcb2bab99263f8f157f166bf6916de4582d008a551554fe906e623e4fda0?s=96&d=mm&r=g\",\"contentUrl\":\"https:\/\/secure.gravatar.com\/avatar\/5248fcb2bab99263f8f157f166bf6916de4582d008a551554fe906e623e4fda0?s=96&d=mm&r=g\",\"caption\":\"Solar Architecture\"},\"url\":\"https:\/\/solarchitecture.ch\/de\/author\/solar\/\"}]}<\/script>\n<!-- \/ Yoast SEO plugin. -->","yoast_head_json":{"title":"Zusammenschluss zum Eigenverbrauch (ZEV) - was versteht man darunter? - Solarchitecture","robots":{"index":"index","follow":"follow","max-snippet":"max-snippet:-1","max-image-preview":"max-image-preview:large","max-video-preview":"max-video-preview:-1"},"canonical":"https:\/\/solarchitecture.ch\/de\/zusammenschluss-zum-eigenverbrauch-zev-was-versteht-man-darunter\/","og_locale":"de_DE","og_type":"article","og_title":"Zusammenschluss zum Eigenverbrauch (ZEV) - was versteht man darunter? - Solarchitecture","og_description":"[vc_row][vc_column offset=&#8220;vc_hidden-lg vc_hidden-md vc_hidden-sm vc_hidden-xs&#8220;][vc_acf field_group=&#8220;30126&#8243; field_from_30126=&#8220;field_5c079de146ee1&#8243;][\/vc_column][\/vc_row][vc_row][vc_column][\/vc_column][\/vc_row][vc_row][vc_column width=&#8220;3\/4&#8243; dfd_column_responsive_enable=&#8220;dfd-column-responsive-enable&#8220; css=&#8220;.vc_custom_1548941680917{border-right-width: 1px !important;padding-right: 25px !important;padding-left: 25px !important;border-right-color: #000000 !important;border-right-style: solid !important;}&#8220; responsive_styles=&#8220;border_right_mobile:0&#8243;][vc_column_text css=&#8220;.vc_custom_1712745022732{padding-bottom: 30px !important;}&#8220;]22. April 2024[\/vc_column_text][vc_single_image image=&#8220;59359&#8243; img_size=&#8220;full&#8220;][vc_column_text css=&#8220;.vc_custom_1713163182224{padding-top: 10px","og_url":"https:\/\/solarchitecture.ch\/de\/zusammenschluss-zum-eigenverbrauch-zev-was-versteht-man-darunter\/","og_site_name":"Solarchitecture","article_published_time":"2024-04-22T07:00:56+00:00","article_modified_time":"2024-09-16T09:14:03+00:00","og_image":[{"width":1366,"height":910,"url":"https:\/\/solarchitecture.ch\/wp-content\/uploads\/2024\/04\/ZEV-Zimel.jpeg","type":"image\/jpeg"}],"author":"Solar Architecture","twitter_card":"summary_large_image","twitter_misc":{"Verfasst von":"Solar Architecture","Gesch\u00e4tzte Lesezeit":"6\u00a0Minuten"},"schema":{"@context":"https:\/\/schema.org","@graph":[{"@type":"Article","@id":"https:\/\/solarchitecture.ch\/de\/zusammenschluss-zum-eigenverbrauch-zev-was-versteht-man-darunter\/#article","isPartOf":{"@id":"https:\/\/solarchitecture.ch\/de\/zusammenschluss-zum-eigenverbrauch-zev-was-versteht-man-darunter\/"},"author":{"name":"Solar Architecture","@id":"https:\/\/solarchitecture.ch\/de\/#\/schema\/person\/9574b0ccd534aeaa599ef02f64445744"},"headline":"Zusammenschluss zum Eigenverbrauch (ZEV) &#8211; was versteht man darunter?","datePublished":"2024-04-22T07:00:56+00:00","dateModified":"2024-09-16T09:14:03+00:00","mainEntityOfPage":{"@id":"https:\/\/solarchitecture.ch\/de\/zusammenschluss-zum-eigenverbrauch-zev-was-versteht-man-darunter\/"},"wordCount":1677,"publisher":{"@id":"https:\/\/solarchitecture.ch\/de\/#organization"},"image":{"@id":"https:\/\/solarchitecture.ch\/de\/zusammenschluss-zum-eigenverbrauch-zev-was-versteht-man-darunter\/#primaryimage"},"thumbnailUrl":"https:\/\/solarchitecture.ch\/wp-content\/uploads\/2024\/04\/ZEV-Zimel.jpeg","articleSection":["Training"],"inLanguage":"de"},{"@type":"WebPage","@id":"https:\/\/solarchitecture.ch\/de\/zusammenschluss-zum-eigenverbrauch-zev-was-versteht-man-darunter\/","url":"https:\/\/solarchitecture.ch\/de\/zusammenschluss-zum-eigenverbrauch-zev-was-versteht-man-darunter\/","name":"Zusammenschluss zum Eigenverbrauch (ZEV) - was versteht man darunter? - Solarchitecture","isPartOf":{"@id":"https:\/\/solarchitecture.ch\/de\/#website"},"primaryImageOfPage":{"@id":"https:\/\/solarchitecture.ch\/de\/zusammenschluss-zum-eigenverbrauch-zev-was-versteht-man-darunter\/#primaryimage"},"image":{"@id":"https:\/\/solarchitecture.ch\/de\/zusammenschluss-zum-eigenverbrauch-zev-was-versteht-man-darunter\/#primaryimage"},"thumbnailUrl":"https:\/\/solarchitecture.ch\/wp-content\/uploads\/2024\/04\/ZEV-Zimel.jpeg","datePublished":"2024-04-22T07:00:56+00:00","dateModified":"2024-09-16T09:14:03+00:00","breadcrumb":{"@id":"https:\/\/solarchitecture.ch\/de\/zusammenschluss-zum-eigenverbrauch-zev-was-versteht-man-darunter\/#breadcrumb"},"inLanguage":"de","potentialAction":[{"@type":"ReadAction","target":["https:\/\/solarchitecture.ch\/de\/zusammenschluss-zum-eigenverbrauch-zev-was-versteht-man-darunter\/"]}]},{"@type":"ImageObject","inLanguage":"de","@id":"https:\/\/solarchitecture.ch\/de\/zusammenschluss-zum-eigenverbrauch-zev-was-versteht-man-darunter\/#primaryimage","url":"https:\/\/solarchitecture.ch\/wp-content\/uploads\/2024\/04\/ZEV-Zimel.jpeg","contentUrl":"https:\/\/solarchitecture.ch\/wp-content\/uploads\/2024\/04\/ZEV-Zimel.jpeg","width":1366,"height":910},{"@type":"BreadcrumbList","@id":"https:\/\/solarchitecture.ch\/de\/zusammenschluss-zum-eigenverbrauch-zev-was-versteht-man-darunter\/#breadcrumb","itemListElement":[{"@type":"ListItem","position":1,"name":"Home","item":"https:\/\/solarchitecture.ch\/de\/"},{"@type":"ListItem","position":2,"name":"Zusammenschluss zum Eigenverbrauch (ZEV) &#8211; was versteht man darunter?"}]},{"@type":"WebSite","@id":"https:\/\/solarchitecture.ch\/de\/#website","url":"https:\/\/solarchitecture.ch\/de\/","name":"Solarchitecture","description":"Building solution","publisher":{"@id":"https:\/\/solarchitecture.ch\/de\/#organization"},"potentialAction":[{"@type":"SearchAction","target":{"@type":"EntryPoint","urlTemplate":"https:\/\/solarchitecture.ch\/de\/?s={search_term_string}"},"query-input":{"@type":"PropertyValueSpecification","valueRequired":true,"valueName":"search_term_string"}}],"inLanguage":"de"},{"@type":"Organization","@id":"https:\/\/solarchitecture.ch\/de\/#organization","name":"Solarchitecture","url":"https:\/\/solarchitecture.ch\/de\/","logo":{"@type":"ImageObject","inLanguage":"de","@id":"https:\/\/solarchitecture.ch\/de\/#\/schema\/logo\/image\/","url":"https:\/\/solarchitecture.ch\/wp-content\/uploads\/2022\/07\/solarchitecture_logo.jpg","contentUrl":"https:\/\/solarchitecture.ch\/wp-content\/uploads\/2022\/07\/solarchitecture_logo.jpg","width":312,"height":312,"caption":"Solarchitecture"},"image":{"@id":"https:\/\/solarchitecture.ch\/de\/#\/schema\/logo\/image\/"}},{"@type":"Person","@id":"https:\/\/solarchitecture.ch\/de\/#\/schema\/person\/9574b0ccd534aeaa599ef02f64445744","name":"Solar Architecture","image":{"@type":"ImageObject","inLanguage":"de","@id":"https:\/\/solarchitecture.ch\/de\/#\/schema\/person\/image\/","url":"https:\/\/secure.gravatar.com\/avatar\/5248fcb2bab99263f8f157f166bf6916de4582d008a551554fe906e623e4fda0?s=96&d=mm&r=g","contentUrl":"https:\/\/secure.gravatar.com\/avatar\/5248fcb2bab99263f8f157f166bf6916de4582d008a551554fe906e623e4fda0?s=96&d=mm&r=g","caption":"Solar Architecture"},"url":"https:\/\/solarchitecture.ch\/de\/author\/solar\/"}]}},"_links":{"self":[{"href":"https:\/\/solarchitecture.ch\/de\/wp-json\/wp\/v2\/posts\/59457","targetHints":{"allow":["GET"]}}],"collection":[{"href":"https:\/\/solarchitecture.ch\/de\/wp-json\/wp\/v2\/posts"}],"about":[{"href":"https:\/\/solarchitecture.ch\/de\/wp-json\/wp\/v2\/types\/post"}],"author":[{"embeddable":true,"href":"https:\/\/solarchitecture.ch\/de\/wp-json\/wp\/v2\/users\/2021"}],"replies":[{"embeddable":true,"href":"https:\/\/solarchitecture.ch\/de\/wp-json\/wp\/v2\/comments?post=59457"}],"version-history":[{"count":10,"href":"https:\/\/solarchitecture.ch\/de\/wp-json\/wp\/v2\/posts\/59457\/revisions"}],"predecessor-version":[{"id":60806,"href":"https:\/\/solarchitecture.ch\/de\/wp-json\/wp\/v2\/posts\/59457\/revisions\/60806"}],"wp:featuredmedia":[{"embeddable":true,"href":"https:\/\/solarchitecture.ch\/de\/wp-json\/wp\/v2\/media\/59359"}],"wp:attachment":[{"href":"https:\/\/solarchitecture.ch\/de\/wp-json\/wp\/v2\/media?parent=59457"}],"wp:term":[{"taxonomy":"category","embeddable":true,"href":"https:\/\/solarchitecture.ch\/de\/wp-json\/wp\/v2\/categories?post=59457"},{"taxonomy":"post_tag","embeddable":true,"href":"https:\/\/solarchitecture.ch\/de\/wp-json\/wp\/v2\/tags?post=59457"}],"curies":[{"name":"wp","href":"https:\/\/api.w.org\/{rel}","templated":true}]}}