{"id":56650,"date":"2023-09-05T17:21:54","date_gmt":"2023-09-05T15:21:54","guid":{"rendered":"https:\/\/solarchitecture.ch\/solaranlagen-und-richtplaene\/"},"modified":"2023-10-06T11:07:54","modified_gmt":"2023-10-06T09:07:54","slug":"solaranlagen-und-richtplaene","status":"publish","type":"post","link":"https:\/\/solarchitecture.ch\/de\/solaranlagen-und-richtplaene\/","title":{"rendered":"Solaranlagen und Richtpl\u00e4ne"},"content":{"rendered":"<div class=\"wpb-content-wrapper\"><p>[vc_row][vc_column offset=&#8220;vc_hidden-lg vc_hidden-md vc_hidden-sm vc_hidden-xs&#8220;][vc_acf field_group=&#8220;30126&#8243; field_from_30126=&#8220;field_5c079de146ee1&#8243;][\/vc_column][\/vc_row][vc_row][vc_column]<div class=\"dfd-spacer-module\"  data-units=\"px\" data-wide_resolution=\"1280\" data-wide_size=\"100\" data-normal_resolution=\"1024\" data-normal_size=\"100\" data-tablet_resolution=\"800\" data-tablet_size=\"50\" data-mobile_resolution=\"480\" data-mobile_size=\"50\" style=\"height: 100px;\"><\/div>[\/vc_column][\/vc_row][vc_row][vc_column width=&#8220;3\/4&#8243; dfd_column_responsive_enable=&#8220;dfd-column-responsive-enable&#8220; css=&#8220;.vc_custom_1548941680917{border-right-width: 1px !important;padding-right: 25px !important;padding-left: 25px !important;border-right-color: #000000 !important;border-right-style: solid !important;}&#8220; responsive_styles=&#8220;border_right_mobile:0&#8243;]<div class=\"dfd-heading-shortcode\"><div class=\"dfd-heading-module-wrap  text-left style_01 cr-animate-gen dfd-heading-69f265711666d dfd-enable-resposive-headings\" id=\"dfd-heading-69f265711666d\" data-animate-type = \"transition.slideLeftIn\" ><div class=\"inline-block\"><div class=\"dfd-heading-module\"><div class=\"widget-title dfd-title block-title\" style=\"font-family:Montserrat; font-weight:700; font-style:normal; font-size: 35px; color: #000000 !important; line-height: 45px; letter-spacing: 0px; \">Solaranlagen und Richtpl\u00e4ne<\/div><\/div><\/div><\/div><script type=\"text\/javascript\">\r\n\t\t\t\t\t\t\t\t\t(function($) {\r\n\t\t\t\t\t\t\t\t\t\t$(\"head\").append(\"<style>.dfd-heading-69f265711666d.dfd-heading-module-wrap .dfd-heading-module .dfd-heading-delimiter {margin-top:10px;margin-bottom:10px;}@media (max-width: 1279px) and (min-width: 1024px){.dfd-heading-69f265711666d .dfd-title{font-size: 40px !important;letter-spacing: 0px !important;line-height: 45px !important;}}@media (max-width: 1023px) and (min-width: 800px){.dfd-heading-69f265711666d .dfd-title{font-size: 35px !important;letter-spacing: 0px !important;line-height: 40px !important;}}@media (max-width: 799px){.dfd-heading-69f265711666d .dfd-title{font-size: 30px !important;letter-spacing: 0px !important;line-height: 35px !important;}}<\/style>\");\r\n\t\t\t\t\t\t\t\t\t})(jQuery);\r\n\t\t\t\t\t\t\t\t<\/script><\/div>[vc_column_text css=&#8220;.vc_custom_1685560912641{padding-bottom: 30px !important;}&#8220;]<\/p>\n<ol>\n<li>Juni 2023<\/li>\n<\/ol>\n<p>[\/vc_column_text][vc_single_image image=&#8220;55635&#8243; img_size=&#8220;full&#8220;][vc_column_text css=&#8220;.vc_custom_1695321774068{padding-top: 10px !important;padding-bottom: 10px !important;}&#8220;]<\/p>\n<h3 style=\"text-align: left;\"><span class=\"TextRun SCXW92442576 BCX0\" lang=\"DE-DE\" xml:lang=\"DE-DE\" data-contrast=\"auto\"><span class=\"NormalTextRun SCXW92442576 BCX0\">Ortsbildaufnahme von <\/span><span class=\"NormalTextRun SpellingErrorV2Themed SCXW92442576 BCX0\">Bedigliora<\/span><span class=\"NormalTextRun SCXW92442576 BCX0\"> (TI-CH), Lokalit\u00e4t von nationaler Bedeutung, die im Bundesinventar der sch\u00fctzenswerten Ortsbilder von nationaler Bedeutung (ISOS) eingetragen ist. <\/span><\/span><span class=\"TextRun SCXW92442576 BCX0\" lang=\"IT-CH\" xml:lang=\"IT-CH\" data-contrast=\"auto\"><span class=\"NormalTextRun SCXW92442576 BCX0\">Quelle: Studio Habitat SA<\/span><\/span>.<\/h3>\n<p>[\/vc_column_text][vc_column_text css=&#8220;.vc_custom_1695322209150{padding-top: 25px !important;}&#8220;]<em><span class=\"TextRun SCXW53610959 BCX0\" lang=\"DE-DE\" xml:lang=\"DE-DE\" data-contrast=\"auto\"><span class=\"NormalTextRun SCXW53610959 BCX0\">Verfasser;<\/span><\/span><span class=\"TextRun Highlight SCXW53610959 BCX0\" lang=\"DE-DE\" xml:lang=\"DE-DE\" data-contrast=\"none\"><span class=\"NormalTextRun SCXW53610959 BCX0\" data-ccp-charstyle=\"Emphasis\"> P. Bonomo, I. Zanetti (ISAAC-SUPSI<\/span><\/span>)<\/em><\/p>\n<p>&nbsp;<\/p>\n<p><span class=\"TextRun SCXW79743212 BCX0\" lang=\"DE-DE\" xml:lang=\"DE-DE\" data-contrast=\"auto\"><span class=\"NormalTextRun SCXW79743212 BCX0\">Am 10. Mai fand ein Weiterbildungskurs f\u00fcr Gemeinden, Planer und Fachleute zum Thema der Integration von Solaranlagen in Richtpl\u00e4ne statt<\/span><\/span>.<\/p>\n<p>&nbsp;<\/p>\n<p><span class=\"NormalTextRun SCXW265143934 BCX0\">Dieser Kurs wurde gemeinsam von <\/span><span class=\"NormalTextRun SpellingErrorV2Themed SCXW265143934 BCX0\">Swissolar<\/span><span class=\"NormalTextRun SCXW265143934 BCX0\">, dem Schweizer Fachverband f\u00fcr Solarenergie, und dem DACD (Departement f\u00fcr Umwelt, Bau un<\/span><span class=\"NormalTextRun SCXW265143934 BCX0\">d Design) der SUPSI organisiert; da<\/span><span class=\"NormalTextRun SCXW265143934 BCX0\">bei <\/span><span class=\"NormalTextRun SCXW265143934 BCX0\">wurden <\/span><span class=\"NormalTextRun SCXW265143934 BCX0\">sie von <\/span><span class=\"NormalTextRun SpellingErrorV2Themed SCXW265143934 BCX0\">EnergieSchweiz<\/span><span class=\"NormalTextRun SCXW265143934 BCX0\"> und <\/span><span class=\"NormalTextRun SpellingErrorV2Themed SCXW265143934 BCX0\">TicinoEnergia<\/span><span class=\"NormalTextRun SCXW265143934 BCX0\"> unterst\u00fctzt<\/span>.<\/p>\n<p>&nbsp;<\/p>\n<p><span class=\"TextRun SCXW130709819 BCX0\" lang=\"DE-DE\" xml:lang=\"DE-DE\" data-contrast=\"auto\"><span class=\"NormalTextRun SCXW130709819 BCX0\">In der Schweiz verzeichnet die Photovoltaik ein exponentielles Wachstum. Ende 2022 deckte sie fast 8 % des Stromverbrauchs ab, und Prognosen zeigen, dass sie in den kommenden Jahrzehnten eine noch bedeutendere Rolle im Hinblick auf eine sicherere und nachhaltigere sowie klimafreundlichere Energieversorgung spielen wird (derzeit betr\u00e4gt der Anteil der Solarstromproduktion 1,2 TWh\/Jahr, w\u00e4hrend f\u00fcr 2050 33,6 TWh\/Jahr prognostiziert werden)<\/span><\/span>.<\/p>\n<p>&nbsp;<\/p>\n<p><span class=\"TextRun SCXW263098542 BCX0\" lang=\"DE-DE\" xml:lang=\"DE-DE\" data-contrast=\"auto\"><span class=\"NormalTextRun SCXW263098542 BCX0\">Aus verschiedenen Gr\u00fcnden muss vor allem das auf den D\u00e4chern und Fassaden der bestehenden Geb\u00e4ude vorhandene Solarenergiepotenzial genu<\/span><span class=\"NormalTextRun SCXW263098542 BCX0\">tzt werden, das der Bund auf 67<\/span> <\/span><span class=\"TextRun Highlight SCXW263098542 BCX0\" lang=\"DE-DE\" xml:lang=\"DE-DE\" data-contrast=\"auto\"><span class=\"NormalTextRun SCXW263098542 BCX0\">T<\/span><span class=\"NormalTextRun SCXW263098542 BCX0\">Wh<\/span><\/span><span class=\"TextRun SCXW263098542 BCX0\" lang=\"DE-DE\" xml:lang=\"DE-DE\" data-contrast=\"auto\"><span class=\"NormalTextRun SCXW263098542 BCX0\"> pro Jahr sch\u00e4tzt. Deshalb ist es wichtig, dass der geplante<\/span><span class=\"NormalTextRun SCXW263098542 BCX0\">,<\/span><span class=\"NormalTextRun SCXW263098542 BCX0\"> weitere Ausbau nicht mit der Raumplanung kollidiert und unter Ber\u00fccksichtigung der Qualit\u00e4t der Siedlungen erfolgt. Ein konstruktiver Dialog zwischen Raum- und Bauplanern und den Fachleuten f\u00fcr die Projektierung und Realisierung von Solaranlagen ist <\/span><span class=\"NormalTextRun SCXW263098542 BCX0\">deshalb unerl\u00e4sslich<\/span><\/span>.<\/p>\n<p>&nbsp;<\/p>\n<p><span class=\"TextRun SCXW121321696 BCX0\" lang=\"DE-DE\" xml:lang=\"DE-DE\" data-contrast=\"auto\"><span class=\"NormalTextRun SCXW121321696 BCX0\">Die schweizerischen Bestimmungen, insbesondere das RPG (Bundesgesetz \u00fcber die Raumplanung) und die RPV (Verordnung \u00fcber die Raumplanung), regeln, welche Solaranlagen ohne Baubewilligung installiert werden d\u00fcrfen. F\u00fcr &#8222;ausreichend angepasste&#8220; Anlagen ist bei den meisten Geb\u00e4uden lediglich ein Meldeverfahren erforderlich, sofern die Bestimmungen von Artikel 32a Absatz 1 und 1bis der RPV erf\u00fcllt sind<\/span><\/span>.<\/p>\n<p>&nbsp;<\/p>\n<p><span class=\"NormalTextRun SCXW3738525 BCX0\">I<\/span><span class=\"NormalTextRun SCXW3738525 BCX0\">n allen anderen F\u00e4llen oder wenn z.B. Solaranlagen auf Kultur- oder Naturdenkm\u00e4lern von kantonaler oder nationaler Bedeutung oder in sch\u00fctzenswerten Gebieten errichtet werden sollen, ist eine Baubewilligung erforderlich. Die Anlagen d\u00fcrfen <\/span><span class=\"NormalTextRun SCXW3738525 BCX0\">aber <\/span><span class=\"NormalTextRun SCXW3738525 BCX0\">dabei diese Objekte nicht wesentlich beeintr\u00e4chtigen<\/span>.<\/p>\n<p>&nbsp;<\/p>\n<p><span class=\"NormalTextRun SCXW72189713 BCX0\">Grunds\u00e4tzlich hat das Interesse an der Nutzung der Sonnenenergie in bestehenden oder neuen Geb\u00e4uden Vorrang vor \u00e4sthetischen Aspekten, d.h. Anforderungen an das <\/span><span class=\"NormalTextRun SpellingErrorV2Themed SCXW72189713 BCX0\">\u00e4ussere<\/span><span class=\"NormalTextRun SCXW72189713 BCX0\"> Erscheinungsbild d\u00fcrfen eine solche Nutzung nicht verhindern oder einschr\u00e4nken<\/span>.[\/vc_column_text]<div class=\"dfd-spacer-module\"  data-units=\"px\" data-wide_resolution=\"1280\" data-wide_size=\"10\" data-normal_resolution=\"1024\" data-normal_size=\"\" data-tablet_resolution=\"800\" data-tablet_size=\"\" data-mobile_resolution=\"480\" data-mobile_size=\"\" style=\"height: 10px;\"><\/div>[vc_column_text css=&#8220;.vc_custom_1695357451912{padding-top: 25px !important;}&#8220;]<strong><span class=\"TextRun SCXW112200464 BCX0\" lang=\"DE-DE\" xml:lang=\"DE-DE\" data-contrast=\"auto\"><span class=\"NormalTextRun SCXW112200464 BCX0\">Die Entwicklung der Technologie<\/span><\/span><\/strong><\/p>\n<p><span class=\"NormalTextRun SCXW248140762 BCX0\">In den letzten 40 Jahren hat sich der Wirkungsgrad von Photovoltaikmodulen aufgrund der technologischen Entwicklungen und der gesammelten Erfahrungen in der Photovoltaikindustrie erheblich gesteigert. Von Modulen mit einem Wirkungsgrad von weniger als 9<\/span><span class=\"NormalTextRun SCXW248140762 BCX0\">%<\/span><span class=\"NormalTextRun SCXW248140762 BCX0\"> (Anfang der 1980er Jahre) ist man zu Produkten mit einem Wirkungsgrad von mehr als 22% (2023) gelangt<\/span>.<\/p>\n<p>&nbsp;<\/p>\n<p><span class=\"NormalTextRun SCXW179105842 BCX0\">Der Grund daf\u00fcr ist, dass die Photovoltaikzellen zahlreiche technologische Innovationen erfahren haben. Dar\u00fcber hinaus hat die Optimierung der Produktionsprozesse dazu beigetragen, die Kosten zu senken und die Effizienz von Photovoltaikmodulen zu verbessern. Die Automatisierung und die Einf\u00fchrung neuer Fertigungstechnologien haben eine effizientere und pr\u00e4zisere <\/span><span class=\"NormalTextRun SpellingErrorV2Themed SCXW179105842 BCX0\">Grossproduktion<\/span><span class=\"NormalTextRun SCXW179105842 BCX0\"> erm\u00f6glicht. Dar\u00fcber <\/span><span class=\"NormalTextRun SCXW179105842 BCX0\">hinaus haben verbesserte Siliziumabscheidungsverfahren, der Einsatz fortschrittlicher chemischer und physikalischer Abscheidetechniken und optimierte Verbindungen zwischen den Materialien entscheidend zur Steigerung der Gesamteffizienz beigetragen<\/span>.[\/vc_column_text]<div class=\"dfd-spacer-module\"  data-units=\"px\" data-wide_resolution=\"1280\" data-wide_size=\"10\" data-normal_resolution=\"1024\" data-normal_size=\"\" data-tablet_resolution=\"800\" data-tablet_size=\"\" data-mobile_resolution=\"480\" data-mobile_size=\"\" style=\"height: 10px;\"><\/div>[vc_single_image image=&#8220;55658&#8243; img_size=&#8220;full&#8220;]<div class=\"dfd-spacer-module\"  data-units=\"px\" data-wide_resolution=\"1280\" data-wide_size=\"10\" data-normal_resolution=\"1024\" data-normal_size=\"\" data-tablet_resolution=\"800\" data-tablet_size=\"\" data-mobile_resolution=\"480\" data-mobile_size=\"\" style=\"height: 10px;\"><\/div>[vc_column_text css=&#8220;.vc_custom_1685562545423{padding-top: 10px !important;padding-bottom: 10px !important;}&#8220;]<\/p>\n<h3 style=\"text-align: left;\"><span class=\"NormalTextRun SCXW94301355 BCX0\">Die <\/span><span class=\"NormalTextRun SpellingErrorV2Themed SpellingErrorHighlight SCXW94301355 BCX0\">SunPowerMaxeon<\/span><span class=\"NormalTextRun SCXW94301355 BCX0\">-Module geh\u00f6ren zu den effizientesten Produkten auf dem heutigen Markt<\/span>.<\/h3>\n<p>[\/vc_column_text][vc_column_text css=&#8220;.vc_custom_1695357557379{padding-top: 25px !important;}&#8220;]<strong><span class=\"TextRun SCXW183251182 BCX0\" lang=\"DE-DE\" xml:lang=\"DE-DE\" data-contrast=\"auto\"><span class=\"NormalTextRun SCXW183251182 BCX0\">Die Farbe<\/span><\/span><\/strong><\/p>\n<p><span class=\"NormalTextRun SCXW127185464 BCX0\">Die Farbe der Photovoltaikzellen erlaubt eine grundlegende Flexibilit\u00e4t bei der Einbindung, wirkt sich aber auch auf den Wirkungsgrad des Photovoltaikmoduls aus. Im Vergleich zu einem herk\u00f6mmlichen Modul kann der Wirkungsgrad je nach gew\u00e4hlter Farbe und Verarbeitungstechnik um 5 bis 30 % sinken. Es ist jedoch zu bedenken, dass durch die Nutzung <\/span><span class=\"NormalTextRun SpellingErrorV2Themed SCXW127185464 BCX0\">gr\u00f6sserer<\/span><span class=\"NormalTextRun SCXW127185464 BCX0\"> Fl\u00e4chen und unterschiedlicher Ausrichtungen der Eigenverbrauch im Vergleich zu konventionellen L\u00f6sungen maximiert werden kann, wodurch sich auch der energetische und wirtschaftliche Wert erh\u00f6ht<\/span>.<\/p>\n<p>&nbsp;<\/p>\n<p><span class=\"TextRun SCXW244303152 BCX0\" lang=\"DE-DE\" xml:lang=\"DE-DE\" data-contrast=\"auto\"><span class=\"NormalTextRun SCXW244303152 BCX0\">Die in der folgenden Tabelle aufgef\u00fchrten Daten beziehen sich auf die im Rahmen des ENHANCE-Projekts erzielten Ergebnisse. Dabei handelt es sich um ein vom Bundesamt f\u00fcr Energie finanziertes Projekt, dessen Hauptziel darin besteht, neue Testverfahren und deren Messunsicherhe<\/span><span class=\"NormalTextRun SCXW244303152 BCX0\">it zu bewerten sowie neue Ausr\u00fcstungen<\/span><span class=\"NormalTextRun SCXW244303152 BCX0\"> zu entwickeln oder bestehende Testinfrastrukturen an neue Modull\u00f6sungen mit h\u00f6heren Energieertr\u00e4gen oder einem h\u00f6heren \u00e4sthetischen Wert anzupassen. Im Vergleich zu den im vorigen Abschnitt genannten Werten sind die im Rahmen dieses Projekts gemessenen Werte h\u00f6her, aber es handelt sich eben um spezielle Produkte. <\/span><\/span><span class=\"TextRun SCXW244303152 BCX0\" lang=\"IT-CH\" xml:lang=\"IT-CH\" data-contrast=\"auto\"><span class=\"NormalTextRun SpellingErrorV2Themed SCXW244303152 BCX0\">F\u00fcr<\/span> <span class=\"NormalTextRun SpellingErrorV2Themed SCXW244303152 BCX0\">farbige<\/span> <span class=\"NormalTextRun SpellingErrorV2Themed SCXW244303152 BCX0\">Standardprodukte<\/span> <span class=\"NormalTextRun SpellingErrorV2Themed SCXW244303152 BCX0\">gilt<\/span> <span class=\"NormalTextRun SpellingErrorV2Themed SCXW244303152 BCX0\">eine<\/span> <span class=\"NormalTextRun SpellingErrorV2Themed SCXW244303152 BCX0\">Senkung<\/span><span class=\"NormalTextRun SCXW244303152 BCX0\"> von 5% bis 30%<\/span><\/span>.[\/vc_column_text]<div class=\"dfd-spacer-module\"  data-units=\"px\" data-wide_resolution=\"1280\" data-wide_size=\"10\" data-normal_resolution=\"1024\" data-normal_size=\"\" data-tablet_resolution=\"800\" data-tablet_size=\"\" data-mobile_resolution=\"480\" data-mobile_size=\"\" style=\"height: 10px;\"><\/div>[vc_single_image image=&#8220;55613&#8243; img_size=&#8220;full&#8220;][vc_column_text css=&#8220;.vc_custom_1685563382290{padding-top: 10px !important;padding-bottom: 10px !important;}&#8220;]<\/p>\n<h3 style=\"text-align: left;\"><span class=\"TextRun SCXW96037682 BCX0\" lang=\"DE-DE\" xml:lang=\"DE-DE\" data-contrast=\"auto\"><span class=\"NormalTextRun SCXW96037682 BCX0\">Prozentualer Verlust im Vergleich zu einem Standardmodul. <\/span><\/span><span class=\"TextRun SCXW96037682 BCX0\" lang=\"IT-CH\" xml:lang=\"IT-CH\" data-contrast=\"auto\"><span class=\"NormalTextRun SCXW96037682 BCX0\">Quelle: ENHANCE-<\/span><span class=\"NormalTextRun SpellingErrorV2Themed SCXW96037682 BCX0\">Projekt<\/span><\/span>.<\/h3>\n<p>[\/vc_column_text]<div class=\"dfd-spacer-module\"  data-units=\"px\" data-wide_resolution=\"1280\" data-wide_size=\"10\" data-normal_resolution=\"1024\" data-normal_size=\"\" data-tablet_resolution=\"800\" data-tablet_size=\"\" data-mobile_resolution=\"480\" data-mobile_size=\"\" style=\"height: 10px;\"><\/div>[vc_column_text css=&#8220;.vc_custom_1685563585064{padding-top: 25px !important;}&#8220;]<strong><span class=\"TextRun SCXW229402180 BCX0\" lang=\"DE-DE\" xml:lang=\"DE-DE\" data-contrast=\"auto\"><span class=\"NormalTextRun SCXW229402180 BCX0\">Die Bedeutung des Dialogs<\/span><\/span><\/strong><\/p>\n<p><span class=\"NormalTextRun SCXW131954788 BCX0\">Der Dialog zwischen den verschiedenen Akteuren ist von entscheidender Bedeutung, wenn es darum geht, Rechtsgrundlagen und gestalterische Anforderungen zu kombinieren, energetische und \u00e4sthetische Aspekte aufeinander abzustimmen und die Technik mit den Schutzanforderungen kompatibel zu machen. W\u00e4hrend die Verfahren in Bau- und Landwirtschaftsgebieten ohne Sonderkriterien f\u00fcr den Schutz und die Erhaltung von Geb\u00e4uden und\/oder der Landschaft vereinfacht und ordentlich sind, m\u00fcssen Solaranlagen in Gebieten, die als Teil von Kultur- oder Naturdenkm\u00e4lern von kantonaler oder nationaler Bedeutung unter Schutz stehen, bewilligt werden. Bei geeigneten technischen, materiellen und farblichen L\u00f6sungen, die heute <\/span><span class=\"NormalTextRun SpellingErrorV2Themed SCXW131954788 BCX0\">massgeschneiderte<\/span><span class=\"NormalTextRun SCXW131954788 BCX0\"> Solaranlagen ohne Beeintr\u00e4chtigung der Dach- und Umgebungslandschaft erm\u00f6glichen, ist trotz des allgemein konservativen Ansatzes eine respektvolle Einbindung in die traditionelle Bausubstanz m\u00f6glich<\/span>.<\/p>\n<p>&nbsp;<\/p>\n<p><span class=\"NormalTextRun SCXW201683078 BCX0\">Im Tessin sind laut einer Statistik, die auf den \u00fcber den F\u00fcnfjahreszeitraum 2017-2022 erhobenen Daten basiert, nur 5 Prozent der Solaranlage<\/span><span class=\"NormalTextRun SCXW201683078 BCX0\">nprojekte negativ beschieden, davon<\/span>:<\/p>\n<p>&nbsp;<\/p>\n<ul>\n<li>2.<span class=\"TextRun SCXW76319435 BCX0\" lang=\"DE-DE\" xml:lang=\"DE-DE\" data-contrast=\"auto\"><span class=\"NormalTextRun SCXW76319435 BCX0\">7 % betreffen Bauzonen: D\u00e4cher von eidgen\u00f6ssisch gesch\u00fctzten Ortskernen, Geb\u00e4ude mit subventionierten Steind\u00e4chern, Installationen an Fassaden, am Boden oder an W\u00e4nden<\/span><\/span>;<\/li>\n<li>2.<span class=\"NormalTextRun SCXW1097499 BCX0\">3 % beziehen sich auf Eingriffe <\/span><span class=\"NormalTextRun SpellingErrorV2Themed SCXW1097499 BCX0\">ausserhalb<\/span><span class=\"NormalTextRun SCXW1097499 BCX0\"> der Bauzone: Verlegung auf dem <\/span><span class=\"NormalTextRun SCXW1097499 BCX0\">Erdb<\/span><span class=\"NormalTextRun SCXW1097499 BCX0\">oden oder auf landschaftspr\u00e4genden St\u00fctzmauern<\/span>.<\/li>\n<\/ul>\n<p>&nbsp;<\/p>\n<p><span class=\"NormalTextRun SCXW23452406 BCX0\">Denn in Artikel 102<\/span> <span class=\"NormalTextRun ContextualSpellingAndGrammarErrorV2Themed SCXW23452406 BCX0\">es<\/span><span class=\"NormalTextRun SCXW23452406 BCX0\"> Raumplanungsgesetzes <\/span><span class=\"NormalTextRun SpellingErrorV2Themed SCXW23452406 BCX0\">heisst<\/span><span class=\"NormalTextRun SCXW23452406 BCX0\"> es: &#8222;Die kantonale Landschaft ist zu achten, zu sch\u00fctzen und aufzuwerten, insbesondere durch Wahrung ihrer Vielfalt, Qualit\u00e4t und Eigenart&#8220;. Da <\/span><span class=\"NormalTextRun SCXW23452406 BCX0\">diese Eigenschaften oft unterschiedlich interpretiert werden k\u00f6nnen, ist es wichtig, willk\u00fcrliches Handeln zu vermeiden, um diese Grunds\u00e4tze auf der Grundlage objektiver Kriterien angemessen anzuwenden. Der Kontext wird zum <\/span><span class=\"NormalTextRun SpellingErrorV2Themed SCXW23452406 BCX0\">Massstab<\/span><span class=\"NormalTextRun SCXW23452406 BCX0\">, ein und derselbe Eingriff kann je nach Kontext eine <\/span><span class=\"NormalTextRun SpellingErrorV2Themed SCXW23452406 BCX0\">gr\u00f6ssere<\/span><span class=\"NormalTextRun SCXW23452406 BCX0\"> oder geringere Wirkung haben, bei <\/span><span class=\"NormalTextRun SpellingErrorV2Themed SCXW23452406 BCX0\">gr\u00f6sserem<\/span><span class=\"NormalTextRun SCXW23452406 BCX0\"> qualitativen Wert werden h\u00f6here Anforderungen gestellt<\/span>.[\/vc_column_text]<div class=\"dfd-spacer-module\"  data-units=\"px\" data-wide_resolution=\"1280\" data-wide_size=\"10\" data-normal_resolution=\"1024\" data-normal_size=\"\" data-tablet_resolution=\"800\" data-tablet_size=\"\" data-mobile_resolution=\"480\" data-mobile_size=\"\" style=\"height: 10px;\"><\/div>[vc_column_text css=&#8220;.vc_custom_1695357982367{padding-top: 25px !important;}&#8220;]<strong><span class=\"TextRun SCXW163918602 BCX0\" lang=\"DE-DE\" xml:lang=\"DE-DE\" data-contrast=\"auto\"><span class=\"NormalTextRun SCXW163918602 BCX0\">Solaranlagen in Ortskernen<\/span><\/span><\/strong><\/p>\n<p><span class=\"NormalTextRun SCXW220850904 BCX0\">Historische Ortsbilder<\/span><span class=\"NormalTextRun SCXW220850904 BCX0\">, die 2 % der bebauten Fl\u00e4che des Kantons Tessin ausmachen, sind Orte, deren Identit\u00e4tsschutz und Wahrung traditioneller Werte im Allgemeinen als vorrangig gelten<\/span>.<\/p>\n<p>&nbsp;<\/p>\n<p><span class=\"NormalTextRun SCXW239058972 BCX0\">Die Oberfl\u00e4che, die Form, die sprachliche und materielle Konsistenz und die Details einer in diesem Kontext installierten Solaranlage sollten im Allgemeinen sorgf\u00e4ltig ausgew\u00e4hlt werden, um sicherzustellen, dass die noch vorhandenen historischen Werte nicht d<\/span><span class=\"NormalTextRun SCXW239058972 BCX0\">urch die Anwesenheit von Anlagen<\/span><span class=\"NormalTextRun SCXW239058972 BCX0\"> beeintr\u00e4chtigt werden, die einzig und allein f\u00fcr die Energieerz<\/span><span class=\"NormalTextRun SCXW239058972 BCX0\">eugung hergestellt und nicht im Hinblick auf<\/span><span class=\"NormalTextRun SCXW239058972 BCX0\"> die architektonische Ein<\/span><span class=\"NormalTextRun SCXW239058972 BCX0\">f\u00fcgung konzipiert wurden, wie es<\/span><span class=\"NormalTextRun SCXW239058972 BCX0\"> bei traditionellen Solaranlagen der Fall ist<\/span>.<\/p>\n<p><span class=\"NormalTextRun SCXW222735897 BCX0\">Angesichts des gesetzlichen Rahmens und der einschl\u00e4gigen Rechtsprechung muss den eidgen\u00f6ssisch gesch\u00fc<\/span><span class=\"NormalTextRun SCXW222735897 BCX0\">tzten Ortskernen oder Siedlungen<\/span><span class=\"NormalTextRun SCXW222735897 BCX0\"> (ISOS-Inventar) <\/span><span class=\"NormalTextRun SpellingErrorV2Themed SCXW222735897 BCX0\">gr\u00f6ssere<\/span><span class=\"NormalTextRun SCXW222735897 BCX0\"> Aufmerksamkeit geschenkt werden: Die Qualit<\/span><span class=\"NormalTextRun SCXW222735897 BCX0\">\u00e4t der Siedlung, das Erscheinungsbild<\/span><span class=\"NormalTextRun SCXW222735897 BCX0\"> der Dachlandschaft und nicht zuletzt die Summe der Auswirkungen der einzelnen Eingriffe m\u00fcssen beurteilt werden<\/span>.<\/p>\n<p>&nbsp;<\/p>\n<p><span class=\"TextRun SCXW239692295 BCX0\" lang=\"DE-DE\" xml:lang=\"DE-DE\" data-contrast=\"auto\"><span class=\"NormalTextRun SCXW239692295 BCX0\">Im Bereich der Planung unterst\u00fctzt das Amt f\u00fcr Natur und Landschaft grunds\u00e4tzlich die Gemeinden in ihren Entscheidungen und fordert zur Aktualisierung von Planungsvorschriften auf, die veraltet sind oder nicht mit dem f\u00f6deralen Rechtsrahmen \u00fcbereinstimmen. Es empfiehlt zudem, einen Regelungsrahmen zu definieren, der der technologischen Entwicklung Rechnung tr\u00e4gt (u.a. durch geeignete Ausnahmeregelungen f\u00fcr Einschr\u00e4nkungen in begr\u00fcndeten F\u00e4llen)<\/span><\/span>.<\/p>\n<p>&nbsp;<\/p>\n<p><span class=\"NormalTextRun SCXW201094231 BCX0\">In Anlehnung an das RPG m\u00fcssen Ortskerne mit hohem Denkmalwert, deren Dachgestaltung ein landschaftlich wertvolles Element darstellt, gesch\u00fctzt werden, und der Kanton kann <\/span><span class=\"NormalTextRun SpellingErrorV2Themed SCXW201094231 BCX0\">Verlegebeschr\u00e4nkungen<\/span><span class=\"NormalTextRun SCXW201094231 BCX0\"> anordnen, die bis zu einem Totalverbot gehen k\u00f6nnen<\/span>.<\/p>\n<p>&nbsp;<\/p>\n<p><span class=\"TextRun SCXW192165639 BCX0\" lang=\"DE-DE\" xml:lang=\"DE-DE\" data-contrast=\"auto\"><span class=\"NormalTextRun SCXW192165639 BCX0\">Wo Steind\u00e4cher vorgeschrieben sind und der Kanton deren Bau subventioniert, ist die Installation von Solardachanlagen grunds\u00e4tzlich ausgeschlossen. In solchen F\u00e4llen fordert die Beh\u00f6rde die Gemeinde auf, die M\u00f6glichkeit alternativer L\u00f6sungen kollektiver Art (z.B. Fernw\u00e4rme) zur Unterst\u00fctzung der Bewohner im Ortskern zu pr\u00fcfen<\/span><\/span>.[\/vc_column_text]<div class=\"dfd-spacer-module\"  data-units=\"px\" data-wide_resolution=\"1280\" data-wide_size=\"10\" data-normal_resolution=\"1024\" data-normal_size=\"\" data-tablet_resolution=\"800\" data-tablet_size=\"\" data-mobile_resolution=\"480\" data-mobile_size=\"\" style=\"height: 10px;\"><\/div>[vc_single_image image=&#8220;55617&#8243; img_size=&#8220;full&#8220;][vc_column_text css=&#8220;.vc_custom_1685563841615{padding-top: 10px !important;padding-bottom: 10px !important;}&#8220;]<\/p>\n<h3 style=\"text-align: left;\"><span class=\"TextRun SCXW247234795 BCX0\" lang=\"DE-DE\" xml:lang=\"DE-DE\" data-contrast=\"auto\"><span class=\"NormalTextRun SpellingErrorV2Themed SCXW247234795 BCX0\">Morcote<\/span><span class=\"NormalTextRun SCXW247234795 BCX0\"> (TI), Ortsbild von nationaler Bedeutung. Das Bundesinventar der sch\u00fctzenswerten Ortsbilder von nationaler Bedeutung (ISOS) erfasst und dokumentiert die wertvollsten Siedlungen der Schweiz. <\/span><\/span><span class=\"TextRun SCXW247234795 BCX0\" lang=\"IT-CH\" xml:lang=\"IT-CH\" data-contrast=\"auto\"><span class=\"NormalTextRun SCXW247234795 BCX0\">Foto<\/span><span class=\"NormalTextRun SCXW247234795 BCX0\">: \u00a9<\/span> <span class=\"NormalTextRun SpellingErrorV2Themed SCXW247234795 BCX0\">Schweiz<\/span> <span class=\"NormalTextRun SpellingErrorV2Themed SCXW247234795 BCX0\">Tourismus<\/span><span class=\"NormalTextRun SCXW247234795 BCX0\"> \/ <\/span><span class=\"NormalTextRun SpellingErrorV2Themed SCXW247234795 BCX0\">Doyenne+david&amp;kathrin<\/span><\/span>.<\/h3>\n<p>[\/vc_column_text]<div class=\"dfd-spacer-module\"  data-units=\"px\" data-wide_resolution=\"1280\" data-wide_size=\"10\" data-normal_resolution=\"1024\" data-normal_size=\"\" data-tablet_resolution=\"800\" data-tablet_size=\"\" data-mobile_resolution=\"480\" data-mobile_size=\"\" style=\"height: 10px;\"><\/div>[vc_column_text css=&#8220;.vc_custom_1695358364312{padding-top: 25px !important;}&#8220;]<strong><span class=\"TextRun SCXW68912442 BCX0\" lang=\"DE-DE\" xml:lang=\"DE-DE\" data-contrast=\"auto\"><span class=\"NormalTextRun SCXW68912442 BCX0\">Installationskriterien in Ortskernen<\/span><\/span><\/strong><\/p>\n<p><span class=\"TextRun SCXW72241072 BCX0\" lang=\"DE-DE\" xml:lang=\"DE-DE\" data-contrast=\"auto\"><span class=\"NormalTextRun SCXW72241072 BCX0\">Seit 2008 ist die Installation von Solaranlagen durch das Bundesgesetz geregelt, um deren Nutzung als erneuerbare Energiequelle zu f\u00f6rdern. Art. 18a des Bundesgesetzes \u00fcber die Raumplanung (RPG), das in seiner aktuellen Fassung am 1. Mai 2014 in Kraft getreten ist, sieht vor, dass in Bau- und Landwirtschaftszonen Solaranlagen, die ausreichend an die Dachlandschaft angepasst sind, keiner Bewilligung bed\u00fcrfen. Eine Bewilligung wird jedoch dann unerl\u00e4sslich, wenn Anlagen Ortskerne, Kultur- oder Naturdenkm\u00e4ler von kantonaler oder eidgen\u00f6ssischer Bedeutung betreffen<\/span><\/span>.<\/p>\n<p>&nbsp;<\/p>\n<p><span class=\"NormalTextRun SCXW58129535 BCX0\">Sofern keine <\/span><span class=\"NormalTextRun SpellingErrorV2Themed SCXW58129535 BCX0\">aussergew\u00f6hnlichen<\/span><span class=\"NormalTextRun SCXW58129535 BCX0\"> historischen Werte vorliegen und es keine Verbote auf planungsrechtlicher Ebene gibt, ist die Installation erlaubt. Allerdings m\u00fcssen die Lage des Geb\u00e4udes in der Gesamtlandschaft des Ortskerns und die Ansi<\/span><span class=\"NormalTextRun SCXW58129535 BCX0\">cht des Daches selbst achtsam<\/span><span class=\"NormalTextRun SCXW58129535 BCX0\"> gepr\u00fcft werden. Die Fl\u00e4che und Form der Anlage <\/span><span class=\"NormalTextRun ContextualSpellingAndGrammarErrorV2Themed SCXW58129535 BCX0\">muss<\/span><span class=\"NormalTextRun SCXW58129535 BCX0\"> sorgf\u00e4ltig abgewogen werden; grunds\u00e4tzlich muss die Urspr\u00fcnglichkeit der Dacheindeckung und des Erscheinungsbildes wahrnehmbar bleiben<\/span>.<\/p>\n<p>&nbsp;<\/p>\n<p><span class=\"NormalTextRun SCXW126591261 BCX0\">Der Kanton hat \u00fcber die Sektion f\u00fcr Raumentwicklung Richtlinien ver\u00f6ffentlicht, die die <\/span><span class=\"NormalTextRun SCXW126591261 BCX0\">Beurteilungskriterien der Beh\u00f6rde kodifizieren und transparenter machen und so zu einem n\u00fctzlichen Planungsinstrument werden<\/span>.<\/p>\n<p>&nbsp;<\/p>\n<p><span class=\"TextRun SCXW233969710 BCX0\" lang=\"DE-DE\" xml:lang=\"DE-DE\" data-contrast=\"auto\"><span class=\"NormalTextRun SCXW233969710 BCX0\">Diese Bewertungskriterien werden st\u00e4ndig weiterentwickelt, sowohl aufgrund der sich \u00e4ndernden Sensibilit\u00e4ten der Menschen und der politischen Ziele im Zusammenhang mit der Klimanachhaltigkeit als auch aufgrund der Entwicklung der Technologien, die die Einbindung von Solaranlagen immer einfacher machen<\/span><\/span>.<\/p>\n<p>&nbsp;<\/p>\n<p><em><span class=\"TextRun SCXW59489273 BCX0\" lang=\"IT-CH\" xml:lang=\"IT-CH\" data-contrast=\"auto\"><span class=\"NormalTextRun SpellingErrorV2Themed SCXW59489273 BCX0\">Oberfl\u00e4che<\/span><\/span><\/em><\/p>\n<ul>\n<li><span class=\"TextRun SCXW243952440 BCX0\" lang=\"DE-DE\" xml:lang=\"DE-DE\" data-contrast=\"auto\"><span class=\"NormalTextRun SCXW243952440 BCX0\">die Anlage sollte vorzugsweise in einer regelm\u00e4\u00dfigen rechteckigen Form geplant werden<\/span><\/span>;<\/li>\n<li><span class=\"TextRun SCXW33704197 BCX0\" lang=\"DE-DE\" xml:lang=\"DE-DE\" data-contrast=\"auto\"><span class=\"NormalTextRun SCXW33704197 BCX0\">mehrere Fl\u00e4chen sind nicht ausgeschlossen, aber die Anlage muss in einer geordneten Weise in Bezug auf die Gesamtgestaltung des Daches eingebunden werden<\/span><\/span>;<\/li>\n<li><span class=\"NormalTextRun SCXW6954476 BCX0\">die im Verh\u00e4ltnis zur Dachfl\u00e4che stehende <\/span><span class=\"NormalTextRun SpellingErrorV2Themed SCXW6954476 BCX0\">Gesamtgr\u00f6sse<\/span><span class=\"NormalTextRun SCXW6954476 BCX0\"> der Anlage sollte gegen\u00fcber dem historischen und landschaftlichen Wert des Ortskerns und der <\/span><span class=\"NormalTextRun ContextualSpellingAndGrammarErrorV2Themed SCXW6954476 BCX0\">Dachlandschaft\u00a0 abgewogen<\/span><span class=\"NormalTextRun SCXW6954476 BCX0\"> werden<\/span>.<\/li>\n<\/ul>\n<p><em><span class=\"TextRun SCXW128658656 BCX0\" lang=\"IT-CH\" xml:lang=\"IT-CH\" data-contrast=\"auto\"><span class=\"NormalTextRun SpellingErrorV2Themed SCXW128658656 BCX0\">Installationsmethoden<\/span><\/span><\/em><\/p>\n<ul>\n<li><span class=\"TextRun SCXW214282343 BCX0\" lang=\"IT-CH\" xml:lang=\"IT-CH\" data-contrast=\"auto\"><span class=\"NormalTextRun SpellingErrorV2Themed SCXW214282343 BCX0\">integriert<\/span> <span class=\"NormalTextRun SpellingErrorV2Themed SCXW214282343 BCX0\">oder<\/span> <span class=\"NormalTextRun SpellingErrorV2Themed SCXW214282343 BCX0\">aufliegend<\/span><\/span>;<\/li>\n<li><span class=\"NormalTextRun SCXW57482054 BCX0\">es ist ratsam, mindestens zwei Ziegelreihen auf allen Seiten, d.h. zur Traufe, zu den Kanten <\/span><span class=\"NormalTextRun SCXW57482054 BCX0\">oder<\/span><span class=\"NormalTextRun SCXW57482054 BCX0\"> zum First hin, beizubehalten, damit ein Teil des bereits vorhandenen Bedachungsmaterials sichtbar bleibt und eine wahrnehmbare Verkn\u00fcpfung mit den \u00fcbrigen Dachfl\u00e4chen des Geb\u00e4udes herstellt<\/span>;<\/li>\n<li><span class=\"TextRun SCXW177611004 BCX0\" lang=\"DE-DE\" xml:lang=\"DE-DE\" data-contrast=\"auto\"><span class=\"NormalTextRun SCXW177611004 BCX0\">die Befestigungen sollten unter der Dacheindeckung verborgen bleiben<\/span><\/span>.<\/li>\n<\/ul>\n<p><em><span class=\"TextRun SCXW4611612 BCX0\" lang=\"IT-CH\" xml:lang=\"IT-CH\" data-contrast=\"auto\"><span class=\"NormalTextRun SpellingErrorV2Themed SpellingErrorHighlight SCXW4611612 BCX0\">Farbe<\/span><span class=\"NormalTextRun SCXW4611612 BCX0\"> und <\/span><span class=\"NormalTextRun SpellingErrorV2Themed SCXW4611612 BCX0\">Ausf\u00fchrung<\/span><\/span><\/em><\/p>\n<ul>\n<li><span class=\"TextRun SCXW210745492 BCX0\" lang=\"DE-DE\" xml:lang=\"DE-DE\" data-contrast=\"auto\"><span class=\"NormalTextRun SCXW210745492 BCX0\">Alle Rahmen sollten in der gleichen Farbe wie die Platten geplant werden<\/span><\/span>;<\/li>\n<li><span class=\"TextRun SCXW231679874 BCX0\" lang=\"DE-DE\" xml:lang=\"DE-DE\" data-contrast=\"auto\"><span class=\"NormalTextRun SCXW231679874 BCX0\">die Oberfl\u00e4che des Paneels sollte einheitlich und opak sein (keine Zellen oder strukturierten Linien)<\/span><\/span>;<\/li>\n<li><span class=\"NormalTextRun SCXW139378842 BCX0\">der <\/span><span class=\"NormalTextRun SpellingErrorV2Themed SCXW139378842 BCX0\">Reflektionsgrad<\/span><span class=\"NormalTextRun SCXW139378842 BCX0\"> sollte so gering wie m\u00f6glich sein<\/span>;<\/li>\n<li><span class=\"TextRun SCXW20865225 BCX0\" lang=\"DE-DE\" xml:lang=\"DE-DE\" data-contrast=\"auto\"><span class=\"NormalTextRun SCXW20865225 BCX0\">Je \u00e4hnlicher die Farbe des Paneels der Farbe des Daches ist, desto besser ist die Integration<\/span><\/span>.<\/li>\n<\/ul>\n<p>[\/vc_column_text]<div class=\"dfd-spacer-module\"  data-units=\"px\" data-wide_resolution=\"1280\" data-wide_size=\"10\" data-normal_resolution=\"1024\" data-normal_size=\"\" data-tablet_resolution=\"800\" data-tablet_size=\"\" data-mobile_resolution=\"480\" data-mobile_size=\"\" style=\"height: 10px;\"><\/div>[vc_single_image image=&#8220;55662&#8243; img_size=&#8220;full&#8220;][vc_column_text css=&#8220;.vc_custom_1695358187104{padding-top: 10px !important;padding-bottom: 10px !important;}&#8220;]<\/p>\n<h3 style=\"text-align: left;\"><span class=\"TextRun SCXW100853086 BCX0\" lang=\"DE-DE\" xml:lang=\"DE-DE\" data-contrast=\"auto\"><span class=\"NormalTextRun SCXW100853086 BCX0\">Bei diesem Pilotprojekt f\u00fcr ein Bauernhaus aus dem Jahr 1859 wurden farbige Photovoltaikmodule (Terrakotta) verwendet, die vom <\/span><span class=\"NormalTextRun ContextualSpellingAndGrammarErrorV2Themed SCXW100853086 BCX0\">CSEM Neuch\u00e2tel<\/span><span class=\"NormalTextRun SCXW100853086 BCX0\"> speziell f\u00fcr historische Geb\u00e4ude entwickelt wurden. <\/span><\/span><span class=\"TextRun SCXW100853086 BCX0\" lang=\"IT-CH\" xml:lang=\"IT-CH\" data-contrast=\"auto\"><span class=\"NormalTextRun SCXW100853086 BCX0\">Foto: <\/span><span class=\"NormalTextRun SpellingErrorV2Themed SCXW100853086 BCX0\">Solstis<\/span><\/span>.<\/h3>\n<p>[\/vc_column_text]<div class=\"dfd-spacer-module\"  data-units=\"px\" data-wide_resolution=\"1280\" data-wide_size=\"10\" data-normal_resolution=\"1024\" data-normal_size=\"\" data-tablet_resolution=\"800\" data-tablet_size=\"\" data-mobile_resolution=\"480\" data-mobile_size=\"\" style=\"height: 10px;\"><\/div>[vc_column_text css=&#8220;.vc_custom_1695358449241{padding-top: 25px !important;}&#8220;]<strong>Schlussfolgerungen<\/strong><\/p>\n<p><span class=\"TextRun SCXW61903165 BCX0\" lang=\"DE-DE\" xml:lang=\"DE-DE\" data-contrast=\"auto\"><span class=\"NormalTextRun SCXW61903165 BCX0\">Die M\u00f6glichkeit, eine Fotovoltaikanlage auf einem Geb\u00e4ude zu installieren, das aus landschaftlichen oder historischen Gr\u00fcnden unter Schutz steht, muss sorgf\u00e4ltig unter Ber\u00fccksichtigung der Kompatibilit\u00e4t und der Besonderheiten des Standorts, seiner Werte und der geltenden Vorschriften abgewogen werden<\/span><\/span>.<\/p>\n<p>&nbsp;<\/p>\n<p><span class=\"NormalTextRun SCXW28154955 BCX0\">In diesen F\u00e4llen geht es oft nicht um eine herk\u00f6mmliche Solaranlage, sondern darum, auf Komponenten- und Systemebene in einer genaueren Entwurfslogik zu argumentieren, die erforderlichen Genehmigungen und Zulassungen bei den zust\u00e4ndigen Beh\u00f6rden zu pr\u00fcfen und einen fairen und konstruktiven Dialog zwischen den Parteien zu f\u00fchren. Sie k\u00f6nnen aufgefordert werden, einen f\u00f6rmlichen Antrag einzureichen und detaillierte Informationen \u00fcber das Projekt vorzulegen, <\/span><span class=\"NormalTextRun SpellingErrorV2Themed SCXW28154955 BCX0\">einschliesslich<\/span><span class=\"NormalTextRun SCXW28154955 BCX0\"> der technischen Angaben des zu verwendenden Produkts, der Konstruktionsdetails und der Auswirkungen der Anlage auf das Geb\u00e4ude (z.B. durch Renderings oder Fotomontagen). Diese Informationen erm\u00f6glichen eine objektive Beurteilung der Eigenschaften einer Solaranlage im Verh\u00e4ltnis zu den Ch<\/span><span class=\"NormalTextRun SCXW28154955 BCX0\">arakteristiken der Landschaft auf<\/span><span class=\"NormalTextRun SCXW28154955 BCX0\"> verschie<\/span><span class=\"NormalTextRun SCXW28154955 BCX0\">denen Ebenen<\/span><span class=\"NormalTextRun SCXW28154955 BCX0\">, und zwar<\/span><span class=\"NormalTextRun SCXW28154955 BCX0\"> mit Hilfe von Analysedokumenten und Untersuchungsmethoden, die die Beurteilung objektivieren, insbesondere durch Gruppenbeurteilungen und nicht durch Einzelpersonen (Kommissionen<\/span><span class=\"NormalTextRun ContextualSpellingAndGrammarErrorV2Themed SCXW28154955 BCX0\">),\u00a0<\/span><span class=\"NormalTextRun ContextualSpellingAndGrammarErrorV2Themed SCXW28154955 BCX0\"> mittels<\/span><span class=\"NormalTextRun SCXW28154955 BCX0\">\u00a0<\/span><span class=\"NormalTextRun SCXW28154955 BCX0\"> Verwendung offizieller Richtlinien und eidgen\u00f6ssischer (ISOS, BLN, IVP) und kantonaler Inventare<\/span><span class=\"NormalTextRun SCXW28154955 BCX0\"> (Kulturdenkmale)<\/span>.<\/p>\n<p>&nbsp;<\/p>\n<p><span class=\"TextRun SCXW21061549 BCX0\" lang=\"DE-DE\" xml:lang=\"DE-DE\" data-contrast=\"auto\"><span class=\"NormalTextRun SCXW21061549 BCX0\">Ein konstruktiver Dialog zwischen den verschiedenen Beteiligten ist unabdingbar und erm\u00f6glicht es, auf objektive Weise eine gemeinsame Basis zu schaffen, auf der alle Akteure (Genehmigungs- und Vollzugsbeh\u00f6rden, Bev\u00f6lkerung, Planer und Architekten) zusammenarbeiten, um die Grundregeln f\u00fcr eine konsequente Umsetzung des Landschaftsschutzes und die bestm\u00f6gliche Einbindung dieser L\u00f6sungen in die jeweiligen Kontexte zu definieren<\/span><\/span>.[\/vc_column_text][\/vc_column][vc_column width=&#8220;1\/4&#8243; dfd_column_responsive_enable=&#8220;dfd-column-responsive-enable&#8220; css=&#8220;.vc_custom_1548941751542{padding-right: 25px !important;padding-left: 25px !important;}&#8220; responsive_styles=&#8220;padding_top_mobile:80&#8243;]<div class=\"dfd-heading-shortcode\"><div class=\"dfd-heading-module-wrap  text-left style_01 dfd-heading-69f2657116a6a dfd-enable-resposive-headings\" id=\"dfd-heading-69f2657116a6a\" ><div class=\"inline-block\"><div class=\"dfd-heading-module\"><div class=\"widget-title dfd-title block-title\" style=\"font-size: 25px; font-family: MontserratBold; color: #000000 !important; line-height: 32px; letter-spacing: 0px; \">Siehe auch<\/div><\/div><\/div><\/div><script type=\"text\/javascript\">\r\n\t\t\t\t\t\t\t\t\t(function($) {\r\n\t\t\t\t\t\t\t\t\t\t$(\"head\").append(\"<style>.dfd-heading-69f2657116a6a .dfd-heading-module .widget-title {margin-bottom:15px;}.dfd-heading-69f2657116a6a.dfd-heading-module-wrap .dfd-heading-module .dfd-heading-delimiter {margin-top:10px;margin-bottom:10px;}<\/style>\");\r\n\t\t\t\t\t\t\t\t\t})(jQuery);\r\n\t\t\t\t\t\t\t\t<\/script><\/div>[vc_row_inner][vc_column_inner css=&#8220;.vc_custom_1583843692171{padding-top: 25px !important;}&#8220; col_inner_shadow=&#8220;box_shadow_enable:disable|shadow_horizontal:0|shadow_vertical:15|shadow_blur:50|shadow_spread:0|box_shadow_color:rgba(0%2C0%2C0%2C0.35)&#8220; col_inner_shadow_hover=&#8220;box_shadow_enable:disable|shadow_horizontal:0|shadow_vertical:15|shadow_blur:50|shadow_spread:0|box_shadow_color:rgba(0%2C0%2C0%2C0.35)&#8220;]<div id=\"idinfobox69f2657116b56\" class=\"dfd-info-box clearfix style-01 layout-04  idinfobox69f2657116b56 cr-animate-gen\" data-animate-item=\".dfd-animate-container\" data-animate-type = \"transition.slideUpIn\" ><div class=\"dfd-animate-container\"><div class=\"icon-wrapper\"><div class=\"module-icon\" style=\"border-radius:px;font-size:65px;\"><div class=\"hover-layer\" ><\/div><img decoding=\"async\" src=\"https:\/\/solarchitecture.ch\/wp-content\/uploads\/2022\/07\/swissolar-logo-1-130x130.jpg\" alt=\"Image icon\" style=\"width: 65px;opacity: 1;\" \/><\/div><\/div><div class=\"content-wrap ovh\"><div class=\"info-box-title feature-title\" style=\"font-size: 14px; color: #000000 !important; line-height: 20px; \">Swissolar<\/div><div class=\"info-box-subtitle subtitle\" style=\"font-size: 14px; color: #000000 !important; line-height: 20px; font-style:italic; \">Besuchen Sie die Seite<\/div><div class=\"description\" style=\"\"><\/div><\/div><a href=\"https:\/\/solarchitecture.ch\/wp-contehttps:\/\/www.swissolar.ch\/nc\/en\/\"  target=\"_blank\" class=\"full-box-link\"><\/a><\/div><\/div>[\/vc_column_inner][\/vc_row_inner][vc_row_inner][vc_column_inner css=&#8220;.vc_custom_1583843692171{padding-top: 25px !important;}&#8220; col_inner_shadow=&#8220;box_shadow_enable:disable|shadow_horizontal:0|shadow_vertical:15|shadow_blur:50|shadow_spread:0|box_shadow_color:rgba(0%2C0%2C0%2C0.35)&#8220; col_inner_shadow_hover=&#8220;box_shadow_enable:disable|shadow_horizontal:0|shadow_vertical:15|shadow_blur:50|shadow_spread:0|box_shadow_color:rgba(0%2C0%2C0%2C0.35)&#8220;]<div id=\"idinfobox69f2657117230\" class=\"dfd-info-box clearfix style-01 layout-04  idinfobox69f2657117230 cr-animate-gen\" data-animate-item=\".dfd-animate-container\" data-animate-type = \"transition.slideUpIn\" ><div class=\"dfd-animate-container\"><div class=\"icon-wrapper\"><div class=\"module-icon\" style=\"border-radius:px;font-size:65px;\"><div class=\"hover-layer\" ><\/div><img decoding=\"async\" src=\"https:\/\/solarchitecture.ch\/wp-content\/uploads\/2022\/05\/logo-supsi-130x130.jpg\" alt=\"Image icon\" style=\"width: 65px;opacity: 1;\" \/><\/div><\/div><div class=\"content-wrap ovh\"><div class=\"info-box-title feature-title\" style=\"font-size: 14px; color: #000000 !important; line-height: 20px; \">SUPSI-DACD<\/div><div class=\"info-box-subtitle subtitle\" style=\"font-size: 14px; color: #000000 !important; line-height: 20px; font-style:italic; \">Besuchen Sie die Website<\/div><div class=\"description\" style=\"\"><\/div><\/div><a href=\"https:\/\/www.supsi.ch\/dacd\"  target=\"_blank\" class=\"full-box-link\"><\/a><\/div><\/div>[\/vc_column_inner][\/vc_row_inner][vc_row_inner][vc_column_inner css=&#8220;.vc_custom_1583843692171{padding-top: 25px !important;}&#8220; col_inner_shadow=&#8220;box_shadow_enable:disable|shadow_horizontal:0|shadow_vertical:15|shadow_blur:50|shadow_spread:0|box_shadow_color:rgba(0%2C0%2C0%2C0.35)&#8220; col_inner_shadow_hover=&#8220;box_shadow_enable:disable|shadow_horizontal:0|shadow_vertical:15|shadow_blur:50|shadow_spread:0|box_shadow_color:rgba(0%2C0%2C0%2C0.35)&#8220;]<div id=\"idinfobox69f265711781c\" class=\"dfd-info-box clearfix style-01 layout-04  idinfobox69f265711781c cr-animate-gen\" data-animate-item=\".dfd-animate-container\" data-animate-type = \"transition.slideUpIn\" ><div class=\"dfd-animate-container\"><div class=\"icon-wrapper\"><div class=\"module-icon\" style=\"border-radius:px;font-size:65px;\"><div class=\"hover-layer\" ><\/div><img decoding=\"async\" src=\"https:\/\/solarchitecture.ch\/wp-content\/uploads\/2023\/05\/pdf-presentation_preview-130x130.jpg\" alt=\"Image icon\" style=\"width: 65px;opacity: 1;\" \/><\/div><\/div><div class=\"content-wrap ovh\"><div class=\"info-box-title feature-title\" style=\"font-size: 14px; color: #000000 !important; line-height: 20px; \">PDF Pr\u00e4sentationen<\/div><div class=\"info-box-subtitle subtitle\" style=\"font-size: 14px; color: #000000 !important; line-height: 20px; font-style:italic; \">Besuchen Sie die Seite (IT)<\/div><div class=\"description\" style=\"\"><\/div><\/div><a href=\"https:\/\/www.swissolar.ch\/it\/chi-e-swissolar\/agenda\/eventi\/event\/corso-impianti-solari-e-piani-regolatori-2023\/\"  target=\"_blank\" class=\"full-box-link\"><\/a><\/div><\/div>[\/vc_column_inner][\/vc_row_inner][vc_row_inner][vc_column_inner css=&#8220;.vc_custom_1583843692171{padding-top: 25px !important;}&#8220; col_inner_shadow=&#8220;box_shadow_enable:disable|shadow_horizontal:0|shadow_vertical:15|shadow_blur:50|shadow_spread:0|box_shadow_color:rgba(0%2C0%2C0%2C0.35)&#8220; col_inner_shadow_hover=&#8220;box_shadow_enable:disable|shadow_horizontal:0|shadow_vertical:15|shadow_blur:50|shadow_spread:0|box_shadow_color:rgba(0%2C0%2C0%2C0.35)&#8220;]<div id=\"idinfobox69f2657117df8\" class=\"dfd-info-box clearfix style-01 layout-04  idinfobox69f2657117df8 cr-animate-gen\" data-animate-item=\".dfd-animate-container\" data-animate-type = \"transition.slideUpIn\" ><div class=\"dfd-animate-container\"><div class=\"icon-wrapper\"><div class=\"module-icon\" style=\"border-radius:px;font-size:65px;\"><div class=\"hover-layer\" ><\/div><img decoding=\"async\" src=\"https:\/\/solarchitecture.ch\/wp-content\/uploads\/2023\/05\/energieschweiz-logo-130x130.png\" alt=\"Image icon\" style=\"width: 65px;opacity: 1;\" \/><\/div><\/div><div class=\"content-wrap ovh\"><div class=\"info-box-title feature-title\" style=\"font-size: 14px; color: #000000 !important; line-height: 20px; \">EnergieSchweiz<\/div><div class=\"info-box-subtitle subtitle\" style=\"font-size: 14px; color: #000000 !important; line-height: 20px; font-style:italic; \">Besuchen Sie die Website<\/div><div class=\"description\" style=\"\"><\/div><\/div><a href=\"https:\/\/www.energieschweiz.ch\/\"  target=\"_blank\" class=\"full-box-link\"><\/a><\/div><\/div>[\/vc_column_inner][\/vc_row_inner][vc_row_inner][vc_column_inner css=&#8220;.vc_custom_1583843692171{padding-top: 25px !important;}&#8220; col_inner_shadow=&#8220;box_shadow_enable:disable|shadow_horizontal:0|shadow_vertical:15|shadow_blur:50|shadow_spread:0|box_shadow_color:rgba(0%2C0%2C0%2C0.35)&#8220; col_inner_shadow_hover=&#8220;box_shadow_enable:disable|shadow_horizontal:0|shadow_vertical:15|shadow_blur:50|shadow_spread:0|box_shadow_color:rgba(0%2C0%2C0%2C0.35)&#8220;]<div id=\"idinfobox69f265711840c\" class=\"dfd-info-box clearfix style-01 layout-04  idinfobox69f265711840c cr-animate-gen\" data-animate-item=\".dfd-animate-container\" data-animate-type = \"transition.slideUpIn\" ><div class=\"dfd-animate-container\"><div class=\"icon-wrapper\"><div class=\"module-icon\" style=\"border-radius:px;font-size:65px;\"><div class=\"hover-layer\" ><\/div><img decoding=\"async\" src=\"https:\/\/solarchitecture.ch\/wp-content\/uploads\/2023\/05\/ticinoenergia_logo-130x130.png\" alt=\"Image icon\" style=\"width: 65px;opacity: 1;\" \/><\/div><\/div><div class=\"content-wrap ovh\"><div class=\"info-box-title feature-title\" style=\"font-size: 14px; color: #000000 !important; line-height: 20px; \">TicinoEnergia<\/div><div class=\"info-box-subtitle subtitle\" style=\"font-size: 14px; color: #000000 !important; line-height: 20px; font-style:italic; \">Besuchen Sie die Website<\/div><div class=\"description\" style=\"\"><\/div><\/div><a href=\"https:\/\/www.ticinoenergia.ch\/it\/\"  target=\"_blank\" class=\"full-box-link\"><\/a><\/div><\/div>[\/vc_column_inner][\/vc_row_inner]<div class=\"dfd-spacer-module\"  data-units=\"px\" data-wide_resolution=\"1280\" data-wide_size=\"80\" data-normal_resolution=\"1024\" data-normal_size=\"80\" data-tablet_resolution=\"800\" data-tablet_size=\"80\" data-mobile_resolution=\"480\" data-mobile_size=\"80\" style=\"height: 80px;\"><\/div><div class=\"dfd-shar-module-cover\"><div class=\"dfd-new-share-module  text-left style-6 horizontal   \" ><div class=\"module module-entry-share\" id=\"dfd_share_69f26571189da\"><ul class=\"module-entry-share-links-list rrssb-buttons\" data-directory=\"https:\/\/solarchitecture.ch\/wp-content\/themes\/dfd-ronneby\"><li class=\"rrssb-facebook\"><a class=\"module-entry-share-link-facebook feature-title\" data-title=\"Solarchitecture\" data-url=\"https:\/\/solarchitecture.ch\" data-media=\"\" href=\"https:\/\/www.facebook.com\/sharer\/sharer.php?u=https:\/\/solarchitecture.ch\"  style=\"border-radius: 1px; font-size: 14px; \"><span class=\"dfd-share-icon\" style=\"width: 30px; height: 30px; line-height: 30px;\"><\/span><\/a><\/li><li class=\"rrssb-linkedin\"><a class=\"module-entry-share-link-linkedin feature-title\" data-title=\"Solarchitecture\" data-url=\"https:\/\/solarchitecture.ch\" data-media=\"\" href=\"http:\/\/www.linkedin.com\/shareArticle?mini=true&#038;url=https:\/\/solarchitecture.ch\"  style=\"border-radius: 1px; font-size: 14px; \"><span class=\"dfd-share-icon\" style=\"width: 30px; height: 30px; line-height: 30px;\"><\/span><\/a><\/li><li class=\"rrssb-pinterest\"><a class=\"module-entry-share-link-pinterest feature-title\" data-title=\"Solarchitecture\" data-url=\"https:\/\/solarchitecture.ch\" data-media=\"\" href=\"http:\/\/pinterest.com\/pin\/create\/button\/?url=https:\/\/solarchitecture.ch&#038;image_url=https:\/\/solarchitecture.ch\/wp-content\/uploads\/2023\/05\/morcote-e1685566329213.webp\"  style=\"border-radius: 1px; font-size: 14px; \"><span class=\"dfd-share-icon\" style=\"width: 30px; height: 30px; line-height: 30px;\"><\/span><\/a><\/li><\/ul><\/div><\/div>\t\t\t<script type=\"text\/javascript\">\r\n\t\t\t\t(function ($) {\r\n\t\t\t\t\t\"use strict\";\r\n\t\t\t\t\t$(document).ready(function () {\r\n\t\t\t\t\t\tvar $share_container = $('#dfd_share_69f26571189da .module-entry-share-links-list li');\r\n\t\t\t\t\t\tvar parent = $share_container.parent().parent().parent();\r\n\t\t\t\t\t\tif ($share_container.length > 0) {\r\n\t\t\t\t\t\t\tvar scrollbarWidth;\r\n\t\t\t\t\t\t\tvar div = document.createElement('div');\r\n\t\t\t\t\t\t\tdiv.style.overflowY = 'scroll';\r\n\t\t\t\t\t\t\tdiv.style.width = '50px';\r\n\t\t\t\t\t\t\tdiv.style.height = '50px';\r\n\t\t\t\t\t\t\tdiv.style.visibility = 'hidden';\r\n\t\t\t\t\t\t\tdocument.body.appendChild(div);\r\n\t\t\t\t\t\t\tscrollbarWidth = div.offsetWidth - div.clientWidth;\r\n\t\t\t\t\t\t\tdocument.body.removeChild(div);\r\n\t\t\t\t\t\t\tvar setShareWidth = function () {\r\n\t\t\t\t\t\t\t\tif (($(window).width() + scrollbarWidth) >= 800) {\r\n\t\t\t\t\t\t\t\t\tif (parent.hasClass(\"style-6\") || parent.hasClass(\"style-7\") || parent.hasClass(\"vertical\")) {\r\n\t\t\t\t\t\t\t\t\t\t$share_container.width('auto');\r\n\t\t\t\t\t\t\t\t\t} else {\r\n\t\t\t\t\t\t\t\t\t\t$share_container.dfdEqWidth();\r\n\t\t\t\t\t\t\t\t\t}\r\n\t\t\t\t\t\t\t\t} else {\r\n\t\t\t\t\t\t\t\t\tif (parent.hasClass(\"style-6\") || parent.hasClass(\"style-7\") || parent.hasClass(\"vertical\")) {\r\n\t\t\t\t\t\t\t\t\t\t$share_container.width('auto');\r\n\t\t\t\t\t\t\t\t\t} else {\r\n\t\t\t\t\t\t\t\t\t\t$share_container.width('100%');\r\n\t\t\t\t\t\t\t\t\t}\r\n\t\t\t\t\t\t\t\t}\r\n\t\t\t\t\t\t\t};\r\n\t\t\t\t\t\t\tsetShareWidth();\r\n\t\t\t\t\t\t\t$(window).resize(setShareWidth);\r\n\t\t\t\t\t\t}\r\n\t\t\t\t\t});\r\n\t\t\t\t\t\t\t\t\t$('head').append('<style type=\"text\/css\">.dfd-new-share-module.style-6 #dfd_share_69f26571189da ul li a {border-style: solid;border-width: 1px;border-color: #000000;background: #ffffff;color: #000000;}<\/style>');\r\n\t\t\t\t\t\t\t})(jQuery);\r\n\t\t\t<\/script>\r\n\r\n\t\t\t<\/div>[\/vc_column][\/vc_row][vc_row][vc_column]<div class=\"dfd-spacer-module\"  data-units=\"px\" data-wide_resolution=\"1280\" data-wide_size=\"100\" data-normal_resolution=\"1024\" data-normal_size=\"100\" data-tablet_resolution=\"800\" data-tablet_size=\"100\" data-mobile_resolution=\"480\" data-mobile_size=\"100\" style=\"height: 100px;\"><\/div>[\/vc_column][\/vc_row]<\/p>\n<\/div>","protected":false},"excerpt":{"rendered":"<p>[vc_row][vc_column offset=&#8220;vc_hidden-lg vc_hidden-md vc_hidden-sm vc_hidden-xs&#8220;][vc_acf field_group=&#8220;30126&#8243; field_from_30126=&#8220;field_5c079de146ee1&#8243;][\/vc_column][\/vc_row][vc_row][vc_column][\/vc_column][\/vc_row][vc_row][vc_column width=&#8220;3\/4&#8243; dfd_column_responsive_enable=&#8220;dfd-column-responsive-enable&#8220; css=&#8220;.vc_custom_1548941680917{border-right-width: 1px !important;padding-right: 25px !important;padding-left: 25px !important;border-right-color: #000000 !important;border-right-style: solid !important;}&#8220; responsive_styles=&#8220;border_right_mobile:0&#8243;][vc_column_text css=&#8220;.vc_custom_1685560912641{padding-bottom: 30px !important;}&#8220;] Juni 2023 [\/vc_column_text][vc_single_image image=&#8220;55635&#8243; img_size=&#8220;full&#8220;][vc_column_text css=&#8220;.vc_custom_1695321774068{padding-top:<\/p>\n","protected":false},"author":2021,"featured_media":55617,"comment_status":"closed","ping_status":"closed","sticky":false,"template":"","format":"standard","meta":{"_acf_changed":false,"inline_featured_image":false,"footnotes":""},"categories":[462,1],"tags":[],"class_list":["post-56650","post","type-post","status-publish","format-standard","has-post-thumbnail","hentry","category-training-de","category-uncategorized"],"acf":[],"yoast_head":"<!-- This site is optimized with the Yoast SEO plugin v26.7 - https:\/\/yoast.com\/wordpress\/plugins\/seo\/ -->\n<title>Solaranlagen und Richtpl\u00e4ne - Solarchitecture<\/title>\n<meta name=\"robots\" content=\"index, follow, max-snippet:-1, max-image-preview:large, max-video-preview:-1\" \/>\n<link rel=\"canonical\" href=\"https:\/\/solarchitecture.ch\/de\/solaranlagen-und-richtplaene\/\" \/>\n<meta property=\"og:locale\" content=\"de_DE\" \/>\n<meta property=\"og:type\" content=\"article\" \/>\n<meta property=\"og:title\" content=\"Solaranlagen und Richtpl\u00e4ne - Solarchitecture\" \/>\n<meta property=\"og:description\" content=\"[vc_row][vc_column offset=&#8220;vc_hidden-lg vc_hidden-md vc_hidden-sm vc_hidden-xs&#8220;][vc_acf field_group=&#8220;30126&#8243; field_from_30126=&#8220;field_5c079de146ee1&#8243;][\/vc_column][\/vc_row][vc_row][vc_column][\/vc_column][\/vc_row][vc_row][vc_column width=&#8220;3\/4&#8243; dfd_column_responsive_enable=&#8220;dfd-column-responsive-enable&#8220; css=&#8220;.vc_custom_1548941680917{border-right-width: 1px !important;padding-right: 25px !important;padding-left: 25px !important;border-right-color: #000000 !important;border-right-style: solid !important;}&#8220; responsive_styles=&#8220;border_right_mobile:0&#8243;][vc_column_text css=&#8220;.vc_custom_1685560912641{padding-bottom: 30px !important;}&#8220;] Juni 2023 [\/vc_column_text][vc_single_image image=&#8220;55635&#8243; img_size=&#8220;full&#8220;][vc_column_text css=&#8220;.vc_custom_1695321774068{padding-top:\" \/>\n<meta property=\"og:url\" content=\"https:\/\/solarchitecture.ch\/de\/solaranlagen-und-richtplaene\/\" \/>\n<meta property=\"og:site_name\" content=\"Solarchitecture\" \/>\n<meta property=\"article:published_time\" content=\"2023-09-05T15:21:54+00:00\" \/>\n<meta property=\"article:modified_time\" content=\"2023-10-06T09:07:54+00:00\" \/>\n<meta property=\"og:image\" content=\"https:\/\/solarchitecture.ch\/wp-content\/uploads\/2023\/05\/morcote-e1685566329213.webp\" \/>\n\t<meta property=\"og:image:width\" content=\"3200\" \/>\n\t<meta property=\"og:image:height\" content=\"1800\" \/>\n\t<meta property=\"og:image:type\" content=\"image\/webp\" \/>\n<meta name=\"author\" content=\"Solar Architecture\" \/>\n<meta name=\"twitter:card\" content=\"summary_large_image\" \/>\n<meta name=\"twitter:label1\" content=\"Verfasst von\" \/>\n\t<meta name=\"twitter:data1\" content=\"Solar Architecture\" \/>\n\t<meta name=\"twitter:label2\" content=\"Gesch\u00e4tzte Lesezeit\" \/>\n\t<meta name=\"twitter:data2\" content=\"17\u00a0Minuten\" \/>\n<script type=\"application\/ld+json\" class=\"yoast-schema-graph\">{\"@context\":\"https:\/\/schema.org\",\"@graph\":[{\"@type\":\"Article\",\"@id\":\"https:\/\/solarchitecture.ch\/de\/solaranlagen-und-richtplaene\/#article\",\"isPartOf\":{\"@id\":\"https:\/\/solarchitecture.ch\/de\/solaranlagen-und-richtplaene\/\"},\"author\":{\"name\":\"Solar Architecture\",\"@id\":\"https:\/\/solarchitecture.ch\/de\/#\/schema\/person\/9574b0ccd534aeaa599ef02f64445744\"},\"headline\":\"Solaranlagen und Richtpl\u00e4ne\",\"datePublished\":\"2023-09-05T15:21:54+00:00\",\"dateModified\":\"2023-10-06T09:07:54+00:00\",\"mainEntityOfPage\":{\"@id\":\"https:\/\/solarchitecture.ch\/de\/solaranlagen-und-richtplaene\/\"},\"wordCount\":3470,\"publisher\":{\"@id\":\"https:\/\/solarchitecture.ch\/de\/#organization\"},\"image\":{\"@id\":\"https:\/\/solarchitecture.ch\/de\/solaranlagen-und-richtplaene\/#primaryimage\"},\"thumbnailUrl\":\"https:\/\/solarchitecture.ch\/wp-content\/uploads\/2023\/05\/morcote-e1685566329213.webp\",\"articleSection\":[\"Training\",\"Uncategorized\"],\"inLanguage\":\"de\"},{\"@type\":\"WebPage\",\"@id\":\"https:\/\/solarchitecture.ch\/de\/solaranlagen-und-richtplaene\/\",\"url\":\"https:\/\/solarchitecture.ch\/de\/solaranlagen-und-richtplaene\/\",\"name\":\"Solaranlagen und Richtpl\u00e4ne - Solarchitecture\",\"isPartOf\":{\"@id\":\"https:\/\/solarchitecture.ch\/de\/#website\"},\"primaryImageOfPage\":{\"@id\":\"https:\/\/solarchitecture.ch\/de\/solaranlagen-und-richtplaene\/#primaryimage\"},\"image\":{\"@id\":\"https:\/\/solarchitecture.ch\/de\/solaranlagen-und-richtplaene\/#primaryimage\"},\"thumbnailUrl\":\"https:\/\/solarchitecture.ch\/wp-content\/uploads\/2023\/05\/morcote-e1685566329213.webp\",\"datePublished\":\"2023-09-05T15:21:54+00:00\",\"dateModified\":\"2023-10-06T09:07:54+00:00\",\"breadcrumb\":{\"@id\":\"https:\/\/solarchitecture.ch\/de\/solaranlagen-und-richtplaene\/#breadcrumb\"},\"inLanguage\":\"de\",\"potentialAction\":[{\"@type\":\"ReadAction\",\"target\":[\"https:\/\/solarchitecture.ch\/de\/solaranlagen-und-richtplaene\/\"]}]},{\"@type\":\"ImageObject\",\"inLanguage\":\"de\",\"@id\":\"https:\/\/solarchitecture.ch\/de\/solaranlagen-und-richtplaene\/#primaryimage\",\"url\":\"https:\/\/solarchitecture.ch\/wp-content\/uploads\/2023\/05\/morcote-e1685566329213.webp\",\"contentUrl\":\"https:\/\/solarchitecture.ch\/wp-content\/uploads\/2023\/05\/morcote-e1685566329213.webp\",\"width\":3200,\"height\":1800},{\"@type\":\"BreadcrumbList\",\"@id\":\"https:\/\/solarchitecture.ch\/de\/solaranlagen-und-richtplaene\/#breadcrumb\",\"itemListElement\":[{\"@type\":\"ListItem\",\"position\":1,\"name\":\"Home\",\"item\":\"https:\/\/solarchitecture.ch\/de\/\"},{\"@type\":\"ListItem\",\"position\":2,\"name\":\"Solaranlagen und Richtpl\u00e4ne\"}]},{\"@type\":\"WebSite\",\"@id\":\"https:\/\/solarchitecture.ch\/de\/#website\",\"url\":\"https:\/\/solarchitecture.ch\/de\/\",\"name\":\"Solarchitecture\",\"description\":\"Building solution\",\"publisher\":{\"@id\":\"https:\/\/solarchitecture.ch\/de\/#organization\"},\"potentialAction\":[{\"@type\":\"SearchAction\",\"target\":{\"@type\":\"EntryPoint\",\"urlTemplate\":\"https:\/\/solarchitecture.ch\/de\/?s={search_term_string}\"},\"query-input\":{\"@type\":\"PropertyValueSpecification\",\"valueRequired\":true,\"valueName\":\"search_term_string\"}}],\"inLanguage\":\"de\"},{\"@type\":\"Organization\",\"@id\":\"https:\/\/solarchitecture.ch\/de\/#organization\",\"name\":\"Solarchitecture\",\"url\":\"https:\/\/solarchitecture.ch\/de\/\",\"logo\":{\"@type\":\"ImageObject\",\"inLanguage\":\"de\",\"@id\":\"https:\/\/solarchitecture.ch\/de\/#\/schema\/logo\/image\/\",\"url\":\"https:\/\/solarchitecture.ch\/wp-content\/uploads\/2022\/07\/solarchitecture_logo.jpg\",\"contentUrl\":\"https:\/\/solarchitecture.ch\/wp-content\/uploads\/2022\/07\/solarchitecture_logo.jpg\",\"width\":312,\"height\":312,\"caption\":\"Solarchitecture\"},\"image\":{\"@id\":\"https:\/\/solarchitecture.ch\/de\/#\/schema\/logo\/image\/\"}},{\"@type\":\"Person\",\"@id\":\"https:\/\/solarchitecture.ch\/de\/#\/schema\/person\/9574b0ccd534aeaa599ef02f64445744\",\"name\":\"Solar Architecture\",\"image\":{\"@type\":\"ImageObject\",\"inLanguage\":\"de\",\"@id\":\"https:\/\/solarchitecture.ch\/de\/#\/schema\/person\/image\/\",\"url\":\"https:\/\/secure.gravatar.com\/avatar\/5248fcb2bab99263f8f157f166bf6916de4582d008a551554fe906e623e4fda0?s=96&d=mm&r=g\",\"contentUrl\":\"https:\/\/secure.gravatar.com\/avatar\/5248fcb2bab99263f8f157f166bf6916de4582d008a551554fe906e623e4fda0?s=96&d=mm&r=g\",\"caption\":\"Solar Architecture\"},\"url\":\"https:\/\/solarchitecture.ch\/de\/author\/solar\/\"}]}<\/script>\n<!-- \/ Yoast SEO plugin. -->","yoast_head_json":{"title":"Solaranlagen und Richtpl\u00e4ne - Solarchitecture","robots":{"index":"index","follow":"follow","max-snippet":"max-snippet:-1","max-image-preview":"max-image-preview:large","max-video-preview":"max-video-preview:-1"},"canonical":"https:\/\/solarchitecture.ch\/de\/solaranlagen-und-richtplaene\/","og_locale":"de_DE","og_type":"article","og_title":"Solaranlagen und Richtpl\u00e4ne - Solarchitecture","og_description":"[vc_row][vc_column offset=&#8220;vc_hidden-lg vc_hidden-md vc_hidden-sm vc_hidden-xs&#8220;][vc_acf field_group=&#8220;30126&#8243; field_from_30126=&#8220;field_5c079de146ee1&#8243;][\/vc_column][\/vc_row][vc_row][vc_column][\/vc_column][\/vc_row][vc_row][vc_column width=&#8220;3\/4&#8243; dfd_column_responsive_enable=&#8220;dfd-column-responsive-enable&#8220; css=&#8220;.vc_custom_1548941680917{border-right-width: 1px !important;padding-right: 25px !important;padding-left: 25px !important;border-right-color: #000000 !important;border-right-style: solid !important;}&#8220; responsive_styles=&#8220;border_right_mobile:0&#8243;][vc_column_text css=&#8220;.vc_custom_1685560912641{padding-bottom: 30px !important;}&#8220;] Juni 2023 [\/vc_column_text][vc_single_image image=&#8220;55635&#8243; img_size=&#8220;full&#8220;][vc_column_text css=&#8220;.vc_custom_1695321774068{padding-top:","og_url":"https:\/\/solarchitecture.ch\/de\/solaranlagen-und-richtplaene\/","og_site_name":"Solarchitecture","article_published_time":"2023-09-05T15:21:54+00:00","article_modified_time":"2023-10-06T09:07:54+00:00","og_image":[{"width":3200,"height":1800,"url":"https:\/\/solarchitecture.ch\/wp-content\/uploads\/2023\/05\/morcote-e1685566329213.webp","type":"image\/webp"}],"author":"Solar Architecture","twitter_card":"summary_large_image","twitter_misc":{"Verfasst von":"Solar Architecture","Gesch\u00e4tzte Lesezeit":"17\u00a0Minuten"},"schema":{"@context":"https:\/\/schema.org","@graph":[{"@type":"Article","@id":"https:\/\/solarchitecture.ch\/de\/solaranlagen-und-richtplaene\/#article","isPartOf":{"@id":"https:\/\/solarchitecture.ch\/de\/solaranlagen-und-richtplaene\/"},"author":{"name":"Solar Architecture","@id":"https:\/\/solarchitecture.ch\/de\/#\/schema\/person\/9574b0ccd534aeaa599ef02f64445744"},"headline":"Solaranlagen und Richtpl\u00e4ne","datePublished":"2023-09-05T15:21:54+00:00","dateModified":"2023-10-06T09:07:54+00:00","mainEntityOfPage":{"@id":"https:\/\/solarchitecture.ch\/de\/solaranlagen-und-richtplaene\/"},"wordCount":3470,"publisher":{"@id":"https:\/\/solarchitecture.ch\/de\/#organization"},"image":{"@id":"https:\/\/solarchitecture.ch\/de\/solaranlagen-und-richtplaene\/#primaryimage"},"thumbnailUrl":"https:\/\/solarchitecture.ch\/wp-content\/uploads\/2023\/05\/morcote-e1685566329213.webp","articleSection":["Training","Uncategorized"],"inLanguage":"de"},{"@type":"WebPage","@id":"https:\/\/solarchitecture.ch\/de\/solaranlagen-und-richtplaene\/","url":"https:\/\/solarchitecture.ch\/de\/solaranlagen-und-richtplaene\/","name":"Solaranlagen und Richtpl\u00e4ne - Solarchitecture","isPartOf":{"@id":"https:\/\/solarchitecture.ch\/de\/#website"},"primaryImageOfPage":{"@id":"https:\/\/solarchitecture.ch\/de\/solaranlagen-und-richtplaene\/#primaryimage"},"image":{"@id":"https:\/\/solarchitecture.ch\/de\/solaranlagen-und-richtplaene\/#primaryimage"},"thumbnailUrl":"https:\/\/solarchitecture.ch\/wp-content\/uploads\/2023\/05\/morcote-e1685566329213.webp","datePublished":"2023-09-05T15:21:54+00:00","dateModified":"2023-10-06T09:07:54+00:00","breadcrumb":{"@id":"https:\/\/solarchitecture.ch\/de\/solaranlagen-und-richtplaene\/#breadcrumb"},"inLanguage":"de","potentialAction":[{"@type":"ReadAction","target":["https:\/\/solarchitecture.ch\/de\/solaranlagen-und-richtplaene\/"]}]},{"@type":"ImageObject","inLanguage":"de","@id":"https:\/\/solarchitecture.ch\/de\/solaranlagen-und-richtplaene\/#primaryimage","url":"https:\/\/solarchitecture.ch\/wp-content\/uploads\/2023\/05\/morcote-e1685566329213.webp","contentUrl":"https:\/\/solarchitecture.ch\/wp-content\/uploads\/2023\/05\/morcote-e1685566329213.webp","width":3200,"height":1800},{"@type":"BreadcrumbList","@id":"https:\/\/solarchitecture.ch\/de\/solaranlagen-und-richtplaene\/#breadcrumb","itemListElement":[{"@type":"ListItem","position":1,"name":"Home","item":"https:\/\/solarchitecture.ch\/de\/"},{"@type":"ListItem","position":2,"name":"Solaranlagen und Richtpl\u00e4ne"}]},{"@type":"WebSite","@id":"https:\/\/solarchitecture.ch\/de\/#website","url":"https:\/\/solarchitecture.ch\/de\/","name":"Solarchitecture","description":"Building solution","publisher":{"@id":"https:\/\/solarchitecture.ch\/de\/#organization"},"potentialAction":[{"@type":"SearchAction","target":{"@type":"EntryPoint","urlTemplate":"https:\/\/solarchitecture.ch\/de\/?s={search_term_string}"},"query-input":{"@type":"PropertyValueSpecification","valueRequired":true,"valueName":"search_term_string"}}],"inLanguage":"de"},{"@type":"Organization","@id":"https:\/\/solarchitecture.ch\/de\/#organization","name":"Solarchitecture","url":"https:\/\/solarchitecture.ch\/de\/","logo":{"@type":"ImageObject","inLanguage":"de","@id":"https:\/\/solarchitecture.ch\/de\/#\/schema\/logo\/image\/","url":"https:\/\/solarchitecture.ch\/wp-content\/uploads\/2022\/07\/solarchitecture_logo.jpg","contentUrl":"https:\/\/solarchitecture.ch\/wp-content\/uploads\/2022\/07\/solarchitecture_logo.jpg","width":312,"height":312,"caption":"Solarchitecture"},"image":{"@id":"https:\/\/solarchitecture.ch\/de\/#\/schema\/logo\/image\/"}},{"@type":"Person","@id":"https:\/\/solarchitecture.ch\/de\/#\/schema\/person\/9574b0ccd534aeaa599ef02f64445744","name":"Solar Architecture","image":{"@type":"ImageObject","inLanguage":"de","@id":"https:\/\/solarchitecture.ch\/de\/#\/schema\/person\/image\/","url":"https:\/\/secure.gravatar.com\/avatar\/5248fcb2bab99263f8f157f166bf6916de4582d008a551554fe906e623e4fda0?s=96&d=mm&r=g","contentUrl":"https:\/\/secure.gravatar.com\/avatar\/5248fcb2bab99263f8f157f166bf6916de4582d008a551554fe906e623e4fda0?s=96&d=mm&r=g","caption":"Solar Architecture"},"url":"https:\/\/solarchitecture.ch\/de\/author\/solar\/"}]}},"_links":{"self":[{"href":"https:\/\/solarchitecture.ch\/de\/wp-json\/wp\/v2\/posts\/56650","targetHints":{"allow":["GET"]}}],"collection":[{"href":"https:\/\/solarchitecture.ch\/de\/wp-json\/wp\/v2\/posts"}],"about":[{"href":"https:\/\/solarchitecture.ch\/de\/wp-json\/wp\/v2\/types\/post"}],"author":[{"embeddable":true,"href":"https:\/\/solarchitecture.ch\/de\/wp-json\/wp\/v2\/users\/2021"}],"replies":[{"embeddable":true,"href":"https:\/\/solarchitecture.ch\/de\/wp-json\/wp\/v2\/comments?post=56650"}],"version-history":[{"count":10,"href":"https:\/\/solarchitecture.ch\/de\/wp-json\/wp\/v2\/posts\/56650\/revisions"}],"predecessor-version":[{"id":56883,"href":"https:\/\/solarchitecture.ch\/de\/wp-json\/wp\/v2\/posts\/56650\/revisions\/56883"}],"wp:featuredmedia":[{"embeddable":true,"href":"https:\/\/solarchitecture.ch\/de\/wp-json\/wp\/v2\/media\/55617"}],"wp:attachment":[{"href":"https:\/\/solarchitecture.ch\/de\/wp-json\/wp\/v2\/media?parent=56650"}],"wp:term":[{"taxonomy":"category","embeddable":true,"href":"https:\/\/solarchitecture.ch\/de\/wp-json\/wp\/v2\/categories?post=56650"},{"taxonomy":"post_tag","embeddable":true,"href":"https:\/\/solarchitecture.ch\/de\/wp-json\/wp\/v2\/tags?post=56650"}],"curies":[{"name":"wp","href":"https:\/\/api.w.org\/{rel}","templated":true}]}}