{"id":53307,"date":"2022-11-21T15:06:14","date_gmt":"2022-11-21T14:06:14","guid":{"rendered":"https:\/\/solarchitecture.ch\/ausschoepfung-des-solarpotenzials\/"},"modified":"2022-11-21T15:17:35","modified_gmt":"2022-11-21T14:17:35","slug":"ausschoepfung-des-solarpotenzials","status":"publish","type":"post","link":"https:\/\/solarchitecture.ch\/de\/ausschoepfung-des-solarpotenzials\/","title":{"rendered":"Aussch\u00f6pfung des Solarpotenzials"},"content":{"rendered":"<div class=\"wpb-content-wrapper\"><p>[vc_row][vc_column offset=&#8220;vc_hidden-lg vc_hidden-md vc_hidden-sm vc_hidden-xs&#8220;][vc_acf field_group=&#8220;30126&#8243; field_from_30126=&#8220;field_5c079de146ee1&#8243;][\/vc_column][\/vc_row][vc_row][vc_column]<div class=\"dfd-spacer-module\"  data-units=\"px\" data-wide_resolution=\"1280\" data-wide_size=\"100\" data-normal_resolution=\"1024\" data-normal_size=\"100\" data-tablet_resolution=\"800\" data-tablet_size=\"50\" data-mobile_resolution=\"480\" data-mobile_size=\"50\" style=\"height: 100px;\"><\/div>[\/vc_column][\/vc_row][vc_row][vc_column width=&#8220;3\/4&#8243; dfd_column_responsive_enable=&#8220;dfd-column-responsive-enable&#8220; css=&#8220;.vc_custom_1548941680917{border-right-width: 1px !important;padding-right: 25px !important;padding-left: 25px !important;border-right-color: #000000 !important;border-right-style: solid !important;}&#8220; responsive_styles=&#8220;border_right_mobile:0&#8243;]<div class=\"dfd-heading-shortcode\"><div class=\"dfd-heading-module-wrap  text-left style_01 cr-animate-gen dfd-heading-69f265f93691c dfd-enable-resposive-headings\" id=\"dfd-heading-69f265f93691c\" data-animate-type = \"transition.slideLeftIn\" ><div class=\"inline-block\"><div class=\"dfd-heading-module\"><div class=\"widget-title dfd-title block-title\" style=\"font-family:Montserrat; font-weight:700; font-style:normal; font-size: 35px; color: #000000 !important; line-height: 45px; letter-spacing: 0px; \">Aussch\u00f6pfung des Solarpotenzials<\/div><\/div><\/div><\/div><script type=\"text\/javascript\">\r\n\t\t\t\t\t\t\t\t\t(function($) {\r\n\t\t\t\t\t\t\t\t\t\t$(\"head\").append(\"<style>.dfd-heading-69f265f93691c.dfd-heading-module-wrap .dfd-heading-module .dfd-heading-delimiter {margin-top:10px;margin-bottom:10px;}@media (max-width: 1279px) and (min-width: 1024px){.dfd-heading-69f265f93691c .dfd-title{font-size: 40px !important;letter-spacing: 0px !important;line-height: 45px !important;}}@media (max-width: 1023px) and (min-width: 800px){.dfd-heading-69f265f93691c .dfd-title{font-size: 35px !important;letter-spacing: 0px !important;line-height: 40px !important;}}@media (max-width: 799px){.dfd-heading-69f265f93691c .dfd-title{font-size: 30px !important;letter-spacing: 0px !important;line-height: 35px !important;}}<\/style>\");\r\n\t\t\t\t\t\t\t\t\t})(jQuery);\r\n\t\t\t\t\t\t\t\t<\/script><\/div>[vc_column_text css=&#8220;.vc_custom_1668069514577{padding-bottom: 30px !important;}&#8220;]14. November 2022[\/vc_column_text][vc_single_image image=&#8220;48559&#8243; img_size=&#8220;full&#8220;][vc_column_text css=&#8220;.vc_custom_1668069757627{padding-top: 10px !important;padding-bottom: 10px !important;}&#8220;]<\/p>\n<h3 style=\"text-align: left;\">Das Geb\u00e4ude &#8222;Winter Plus Energy&#8220; Sol&#8217;CH in Poschiavo (GR) ist ein preisgekr\u00f6ntes Beispiel f\u00fcr integrierte Photovoltaik. Seine gesamte H\u00fclle, einschlie\u00dflich der Nordfassade, besteht aus Photovoltaik-Modulen. Foto: Nadia Vontobel Architekten GmbH.<\/h3>\n<p>[\/vc_column_text][vc_column_text css=&#8220;.vc_custom_1668788679031{padding-top: 25px !important;}&#8220;]EnergieSchweiz &#8211; Das Energiemagazin f\u00fcr Immobilienbesitzer &#8211; Oktober 2022<\/p>\n<p><strong>Das Solarpotenzial optimal nutzen<\/strong><\/p>\n<p>Interview: Tobias Fischer, Michela Sormani<\/p>\n<p>&nbsp;<\/p>\n<p><em>SOLARFASSADEN Es ist m\u00f6glich, eine Photovoltaikanlage nicht nur auf dem Dach, sondern auf der gesamten Geb\u00e4udeh\u00fclle zu installieren. Dies ist die Ansicht von Francesco Frontini und Pierluigi Bonomo von der SUPSI, der Fachhochschule der S\u00fcdschweiz. In ihrem Interview erl\u00e4utern sie die Vorteile von Solarfassaden und die Faktoren, die dabei zu ber\u00fccksichtigen sind.<\/em><\/p>\n<p>&nbsp;<\/p>\n<p><strong>Wenn man von einem &#8222;Haus mit Photovoltaikanlage&#8220; spricht, denken die meisten Leute an eine Dachanlage. Warum sollte man auch die Fassade ber\u00fccksichtigen?<\/strong><\/p>\n<p><strong>Pierluigi Bonomo:<\/strong> In der Schweiz gibt es 1,8 Millionen Wohngeb\u00e4ude, die etwa 5 Prozent der bebauten Fl\u00e4che ausmachen. Es ist wichtig, diese Geb\u00e4ude f\u00fcr die solare Energieproduktion zu nutzen. Bis vor einigen Jahren wurden Photovoltaikanlagen auf D\u00e4chern meist nach individuellen Bed\u00fcrfnissen konzipiert und waren daher eher klein. Wer sich heute f\u00fcr Photovoltaik entscheidet, kann das solare Potenzial voll aussch\u00f6pfen, indem er alle geeigneten Fl\u00e4chen der Geb\u00e4udeh\u00fclle, also auch Fassaden, daf\u00fcr nutzt. Denn Fassadenmodule erzeugen auch dann Energie, wenn die Sonne tiefer am Horizont steht, vor allem im Winter. Aber auch in anderen Jahreszeiten, wenn sie die Produktionskurve \u00fcber den Tag hinweg mit der Produktion am fr\u00fchen Morgen oder sp\u00e4ten Nachmittag ausgleichen k\u00f6nnen. Dieser neue Trend setzt sich nicht nur im Rahmen der Energiestrategie 2050 durch, sondern auch, weil Strom immer wichtiger wird, z.B. f\u00fcr die Elektromobilit\u00e4t und f\u00fcr W\u00e4rmepumpen. Die heutige Photovoltaik-Technologie ist \u00e4usserst flexibel und erm\u00f6glicht massgeschneiderte L\u00f6sungen f\u00fcr Fassaden, D\u00e4cher oder Einbauten wie Carports, Balkone oder Terrassen &#8211; und damit auch eine ganz individuelle Architektursprache.<\/p>\n<p>&nbsp;<\/p>\n<p><strong>F\u00fcr welche H\u00e4user ist eine Photovoltaik-Fassadenanwendung besonders geeignet?<\/strong><\/p>\n<p><strong>Francesco Frontini:<\/strong> Diese Technologie ist sowohl f\u00fcr Neubauten als auch f\u00fcr Renovierungen geeignet. In diesem speziellen Fall muss zun\u00e4chst die Sonneneinstrahlung analysiert werden. Im Prinzip k\u00f6nnen alle vier Fassaden genutzt werden, auch die Nordfassade. Angesichts der grauen Energie, die in einem Solarmodul steckt, fragt man sich jedoch, ob es wirklich sinnvoll ist, ein solches Modul auf einer weniger exponierten Fl\u00e4che zu installieren. Tats\u00e4chlich enth\u00e4lt ein Photovoltaikmodul mehr graue Energie als eine Holzverkleidung oder ein einfacher Putz. Daher ist es wichtig, Photovoltaikmodule dort zu installieren, wo sie mit ihrer technischen Leistung den h\u00f6chstm\u00f6glichen Ertrag an Sonnenenergie erzeugen k\u00f6nnen. In weniger sonnigen Gebieten k\u00f6nnen farbige Glassysteme, die den Solarmodulen optisch sehr \u00e4hnlich sind, f\u00fcr ein harmonisches Gesamtbild sorgen.<\/p>\n<p>&nbsp;<\/p>\n<p><strong>Gibt es eine Mindestgr\u00f6\u00dfe, unter der eine Photovoltaik-Fassadenanlage keinen Sinn macht?<\/strong><\/p>\n<p><strong>Frontini:<\/strong> Die kleinste Anlage, die ich gesehen habe, war eine 1-Kilowatt-Anlage, f\u00fcr die eine Br\u00fcstung ausreichend ist. W\u00e4hrend es auf einem Dach richtig ist, eine Fl\u00e4che von mindestens 15 bis 20 Quadratmetern zu ber\u00fccksichtigen, um 3 bis 5 Kilowatt zu erreichen, steht bei einer Fassade der architektonische Aspekt im Vordergrund. Daher w\u00fcrde ich bei einer Fl\u00e4che von 10 Quadratmetern nicht das Minimum, sondern das Maximum anstreben, um eine maximale konstruktive und \u00e4sthetische Homogenit\u00e4t zu gew\u00e4hrleisten.<\/p>\n<p>&nbsp;<\/p>\n<p><strong>Wie kann eine Photovoltaikanlage in die Fassade integriert werden, ohne dass das Haus wie eine Raumstation aussieht?<\/strong><\/p>\n<p><strong>Frontini:<\/strong> Dass ein photovoltaisches Element eine klassische blaue oder schwarze quadratische Zelle ist, ist ein Mythos. Das zeigen aktuelle Beispiele, unter anderem auf unserer eigenen Website solarchitecture.ch. Ein Photovoltaikmodul ist heute ein Bauelement (in der Regel aus Glas) und sehr flexibel in Bezug auf Individualisierung, Farbe, Form und Oberfl\u00e4cheneffekt.<\/p>\n<p><strong>Bonomo:<\/strong> In den letzten Jahren wurde in diesem Bereich viel geforscht, was dazu gef\u00fchrt hat, dass Glas mit verschiedenen Oberfl\u00e4chenbehandlungen und Farben auf dem Markt erh\u00e4ltlich ist. Photovoltaik-Fassaden k\u00f6nnen daher flexibel an die individuellen \u00e4sthetischen Anforderungen angepasst werden, sei es einfarbig, von dunkel bis wei\u00df, oder dekoriert, was an das Bild traditioneller Materialien erinnert, oder mit einem grafischen oder fotografischen Motiv. Es ist wichtig, von Fall zu Fall den richtigen Kompromiss zwischen \u00c4sthetik und Leistung dieser Module zu finden.<\/p>\n<p>&nbsp;<\/p>\n<p><strong>Ist eine Fotovoltaikfassade weniger haltbar als eine herk\u00f6mmliche Fassade?<\/strong><\/p>\n<p><strong>Frontini:<\/strong> Ein Fotovoltaikmodul ist sehr langlebig, wenn es gut konstruiert ist. Da es jedoch zu 99 Prozent aus Glas besteht, ist es ratsam, die oberen Etagen f\u00fcr die Photovoltaik zu nutzen und den Sockel frei zu lassen, wie es in der Architektur \u00fcblich ist, da dieser widerstandsf\u00e4higer gegen St\u00f6\u00dfe und Schmutz ist. Alternativ kann man sich auch f\u00fcr Photovoltaikmodule entscheiden, die f\u00fcr eine h\u00f6here Belastung ausgelegt und entsprechend zertifiziert sind. Solarmodule sind konventionelle Bauprodukte und werden als solche auf Schlag-, Wind-, Schnee- und Erdbebensicherheit gepr\u00fcft.<\/p>\n<p>&nbsp;<\/p>\n<p><strong>Wie hoch ist die Lebensdauer einer Photovoltaik-Fassadenanlage?<\/strong><\/p>\n<p><strong>Frontini:<\/strong> Ein Solarmodul liefert 25 bis 30 Jahre lang Energie, das ist garantiert. Am Ende dieses Zeitraums wird es maximal 15 bis 20 Prozent seines Ertrags verloren haben, und gleichzeitig werden neue, effizientere Module auf dem Markt verf\u00fcgbar sein. Deshalb w\u00e4re es sinnvoll, sich jetzt f\u00fcr ein demontierbares und flexibles System zu entscheiden. Zum einen kann das Modul bei Vandalismus leicht ausgetauscht werden, zum anderen kann es zu einem sp\u00e4teren Zeitpunkt durch ein effizienteres Modul ersetzt werden. Dies ist jedoch nicht erforderlich, da ein Modul bis zu 40 bis 50 Jahre halten kann, wenn das Glas nicht bricht.<\/p>\n<p><strong>Bonomo:<\/strong> Nachhaltigkeit bedeutet nicht, dass die Produkte ewig halten m\u00fcssen, wie man es bei Kathedralen dachte. Wenn ich ein &#8222;leichtes&#8220; Element verwende, das eine geringe graue Energie hat und am Ende seiner Lebensdauer recycelt oder anderweitig kreislauff\u00e4hig wiederverwendet werden kann, ist der Ersatz auch bei einer k\u00fcrzeren Lebensdauer nachhaltig, wenn dieser Aspekt im \u00f6kologischen\/\u00f6konomischen Nachhaltigkeitskonzept des gesamten Geb\u00e4udes ber\u00fccksichtigt wird. Dar\u00fcber hinaus ist das Recyclingpotenzial eines Photovoltaik-Glasmoduls gut bekannt<\/p>\n<p>&nbsp;<\/p>\n<p><strong>Wenn jemand die Fassade renovieren und dabei auch d\u00e4mmen will, wie l\u00e4sst sich dann eine Photovoltaikanlage integrieren?<\/strong><\/p>\n<p><strong>Frontini:<\/strong> Am einfachsten und effektivsten ist es, eine hinterl\u00fcftete Fassade zu bauen, bei der die D\u00e4mmung zus\u00e4tzlich zu einer Konstruktion, an der die Photovoltaik-Module befestigt werden, an der bestehenden Wand angebracht wird. Auf solarchitecture.ch sind die technischen Details der einzelnen Elemente verf\u00fcgbar und es wird die optimale L\u00f6sung f\u00fcr jeden Geb\u00e4udetyp angeboten.<\/p>\n<p>&nbsp;<\/p>\n<p><strong>Haben Sie einen Rat f\u00fcr Bauherren oder Entwickler, die sich f\u00fcr Solarfassaden interessieren?<\/strong><\/p>\n<p><strong>Bonomo:<\/strong> Die Photovoltaik setzt keine Grenzen, sondern bietet wie alle Technologien in der Architektur M\u00f6glichkeiten, Potenziale und Grenzen. Wenn ich mein Dach als Gr\u00fcndach nutzen m\u00f6chte, wei\u00df ich, dass ich die Fassaden f\u00fcr die Photovoltaik nutzen kann, und diese werden keine technischen Ger\u00e4te sein, sondern eine eigene Architektursprache haben. Ein weiterer Tipp ist, die Wirtschaftlichkeit nicht nur zum Zeitpunkt der Investition, sondern \u00fcber den gesamten Lebenszyklus der Photovoltaikanlage zu betrachten. Die Mehrkosten f\u00fcr die Anschaffung einer Photovoltaik-Fassade, die sich im Vergleich zu einer konventionellen Fassade bemerkbar machen, amortisieren sich in der Regel \u00fcber den Lebenszyklus der Anlage, da die Photovoltaik heute das einzige rentable Material f\u00fcr die Geb\u00e4udeverkleidung ist.<\/p>\n<p>&nbsp;<\/p>\n<p><a href=\"https:\/\/solarchitecture.ch\/wp-content\/uploads\/2022\/11\/11138-2210_BFE_Energiejournal_DE_DS_WEB.pdf\">Vollst\u00e4ndige Publikation<\/a>[\/vc_column_text][\/vc_column][vc_column width=&#8220;1\/4&#8243; dfd_column_responsive_enable=&#8220;dfd-column-responsive-enable&#8220; css=&#8220;.vc_custom_1548941751542{padding-right: 25px !important;padding-left: 25px !important;}&#8220; responsive_styles=&#8220;padding_top_mobile:80&#8243;]<div class=\"dfd-heading-shortcode\"><div class=\"dfd-heading-module-wrap  text-left style_01 dfd-heading-69f265f936a7e dfd-enable-resposive-headings\" id=\"dfd-heading-69f265f936a7e\" ><div class=\"inline-block\"><div class=\"dfd-heading-module\"><div class=\"widget-title dfd-title block-title\" style=\"font-size: 25px; font-family: MontserratBold; color: #000000 !important; line-height: 32px; letter-spacing: 0px; \">Siehe auch<\/div><\/div><\/div><\/div><script type=\"text\/javascript\">\r\n\t\t\t\t\t\t\t\t\t(function($) {\r\n\t\t\t\t\t\t\t\t\t\t$(\"head\").append(\"<style>.dfd-heading-69f265f936a7e .dfd-heading-module .widget-title {margin-bottom:15px;}.dfd-heading-69f265f936a7e.dfd-heading-module-wrap .dfd-heading-module .dfd-heading-delimiter {margin-top:10px;margin-bottom:10px;}<\/style>\");\r\n\t\t\t\t\t\t\t\t\t})(jQuery);\r\n\t\t\t\t\t\t\t\t<\/script><\/div>[vc_row_inner][vc_column_inner css=&#8220;.vc_custom_1583843692171{padding-top: 25px !important;}&#8220; col_inner_shadow=&#8220;box_shadow_enable:disable|shadow_horizontal:0|shadow_vertical:15|shadow_blur:50|shadow_spread:0|box_shadow_color:rgba(0%2C0%2C0%2C0.35)&#8220; col_inner_shadow_hover=&#8220;box_shadow_enable:disable|shadow_horizontal:0|shadow_vertical:15|shadow_blur:50|shadow_spread:0|box_shadow_color:rgba(0%2C0%2C0%2C0.35)&#8220;]<div id=\"idinfobox69f265f936b9a\" class=\"dfd-info-box clearfix style-01 layout-04  idinfobox69f265f936b9a cr-animate-gen\" data-animate-item=\".dfd-animate-container\" data-animate-type = \"transition.slideUpIn\" ><div class=\"dfd-animate-container\"><div class=\"icon-wrapper\"><div class=\"module-icon\" style=\"border-radius:px;font-size:65px;\"><div class=\"hover-layer\" ><\/div><img decoding=\"async\" src=\"https:\/\/solarchitecture.ch\/wp-content\/uploads\/2022\/11\/ECH_Logo_EN_CMYK_Square-130x130.jpg\" alt=\"Image icon\" style=\"width: 65px;opacity: 1;\" \/><\/div><\/div><div class=\"content-wrap ovh\"><div class=\"info-box-title feature-title\" style=\"font-size: 14px; font-family: MontserratBold; color: #000000 !important; line-height: 20px; \">EnergieSchweiz<\/div><div class=\"info-box-subtitle subtitle\" style=\"font-size: 14px; font-family: MontserratRegular; color: #000000 !important; line-height: 20px; font-style:italic; \"> Besuchen Sie die Seite<\/div><div class=\"description\" style=\"\"><\/div><\/div><a href=\"https:\/\/www.energieschweiz.ch\/gebaeude\/solare-architektur\/?pk_vid=20533b516500f6e71667984161bc7a7e\"  target=\"_blank\" class=\"full-box-link\"><\/a><\/div><\/div><div id=\"idinfobox69f265f937244\" class=\"dfd-info-box clearfix style-01 layout-04  idinfobox69f265f937244 cr-animate-gen\" data-animate-item=\".dfd-animate-container\" data-animate-type = \"transition.slideUpIn\" ><div class=\"dfd-animate-container\"><div class=\"icon-wrapper\"><div class=\"module-icon\" style=\"border-radius:px;font-size:65px;\"><div class=\"hover-layer\" ><\/div><img decoding=\"async\" src=\"https:\/\/solarchitecture.ch\/wp-content\/uploads\/2022\/11\/sonnen-fassade-130x130.jpg\" alt=\"Image icon\" style=\"width: 65px;opacity: 1;\" \/><\/div><\/div><div class=\"content-wrap ovh\"><div class=\"info-box-title feature-title\" style=\"font-size: 14px; font-family: MontserratBold; color: #000000 !important; line-height: 20px; \">Sonnenfassade.ch<\/div><div class=\"info-box-subtitle subtitle\" style=\"font-size: 14px; font-family: MontserratRegular; color: #000000 !important; line-height: 20px; font-style:italic; \">Besuchen Sie die Seite<\/div><div class=\"description\" style=\"\"><\/div><\/div><a href=\"https:\/\/www.uvek-gis.admin.ch\/BFE\/sonnenfassade\/\"  target=\"_blank\" class=\"full-box-link\"><\/a><\/div><\/div><div id=\"idinfobox69f265f93791b\" class=\"dfd-info-box clearfix style-01 layout-04  idinfobox69f265f93791b cr-animate-gen\" data-animate-item=\".dfd-animate-container\" data-animate-type = \"transition.slideUpIn\" ><div class=\"dfd-animate-container\"><div class=\"icon-wrapper\"><div class=\"module-icon\" style=\"border-radius:px;font-size:65px;\"><div class=\"hover-layer\" ><\/div><img decoding=\"async\" src=\"https:\/\/solarchitecture.ch\/wp-content\/uploads\/2020\/02\/brochures_v2-130x130.jpg\" alt=\"Image icon\" style=\"width: 65px;opacity: 1;\" \/><\/div><\/div><div class=\"content-wrap ovh\"><div class=\"info-box-title feature-title\" style=\"font-size: 14px; font-family: MontserratBold; color: #000000 !important; line-height: 20px; \">Solare Architektur. Jetzt und f\u00fcr die Zukunft<\/div><div class=\"info-box-subtitle subtitle\" style=\"font-size: 14px; font-family: MontserratRegular; color: #000000 !important; line-height: 20px; font-style:italic; \">PDF herunterladen (EN)<\/div><div class=\"description\" style=\"\"><\/div><\/div><a href=\"https:\/\/solarchitecture.ch\/solar-architecture-now-and-for-the-future\/\"  target=\"_blank\" class=\"full-box-link\"><\/a><\/div><\/div><div id=\"idinfobox69f265f937f9d\" class=\"dfd-info-box clearfix style-01 layout-04  idinfobox69f265f937f9d cr-animate-gen\" data-animate-item=\".dfd-animate-container\" data-animate-type = \"transition.slideUpIn\" ><div class=\"dfd-animate-container\"><div class=\"icon-wrapper\"><div class=\"module-icon\" style=\"border-radius:px;font-size:65px;\"><div class=\"hover-layer\" ><\/div><img decoding=\"async\" src=\"https:\/\/solarchitecture.ch\/wp-content\/uploads\/2022\/11\/Logo-admin-CH-130x130.png\" alt=\"Image icon\" style=\"width: 65px;opacity: 1;\" \/><\/div><\/div><div class=\"content-wrap ovh\"><div class=\"info-box-title feature-title\" style=\"font-size: 14px; font-family: MontserratBold; color: #000000 !important; line-height: 20px; \">Factsheet - Solarenergie im Raumplanungsgesetz<\/div><div class=\"info-box-subtitle subtitle\" style=\"font-size: 14px; font-family: MontserratRegular; color: #000000 !important; line-height: 20px; font-style:italic; \">PDF herunterladen<\/div><div class=\"description\" style=\"\"><\/div><\/div><a href=\"https:\/\/solarchitecture.ch\/wp-content\/uploads\/2022\/11\/10642-ECH-Merkblatt-Solarenergie_Raumplanungsgesetz_RPG-DE.pdf\"  target=\"_blank\" class=\"full-box-link\"><\/a><\/div><\/div>[\/vc_column_inner][\/vc_row_inner]<div class=\"dfd-spacer-module\"  data-units=\"px\" data-wide_resolution=\"1280\" data-wide_size=\"80\" data-normal_resolution=\"1024\" data-normal_size=\"80\" data-tablet_resolution=\"800\" data-tablet_size=\"80\" data-mobile_resolution=\"480\" data-mobile_size=\"80\" style=\"height: 80px;\"><\/div><div class=\"dfd-shar-module-cover\"><div class=\"dfd-new-share-module  text-left style-6 horizontal   \" ><div class=\"module module-entry-share\" id=\"dfd_share_69f265f938788\"><ul class=\"module-entry-share-links-list rrssb-buttons\" data-directory=\"https:\/\/solarchitecture.ch\/wp-content\/themes\/dfd-ronneby\"><li class=\"rrssb-facebook\"><a class=\"module-entry-share-link-facebook feature-title\" data-title=\"Solarchitecture\" data-url=\"https:\/\/solarchitecture.ch\" data-media=\"\" href=\"https:\/\/www.facebook.com\/sharer\/sharer.php?u=https:\/\/solarchitecture.ch\"  style=\"border-radius: 1px; font-size: 14px; \"><span class=\"dfd-share-icon\" style=\"width: 30px; height: 30px; line-height: 30px;\"><\/span><\/a><\/li><li class=\"rrssb-linkedin\"><a class=\"module-entry-share-link-linkedin feature-title\" data-title=\"Solarchitecture\" data-url=\"https:\/\/solarchitecture.ch\" data-media=\"\" href=\"http:\/\/www.linkedin.com\/shareArticle?mini=true&#038;url=https:\/\/solarchitecture.ch\"  style=\"border-radius: 1px; font-size: 14px; \"><span class=\"dfd-share-icon\" style=\"width: 30px; height: 30px; line-height: 30px;\"><\/span><\/a><\/li><li class=\"rrssb-pinterest\"><a class=\"module-entry-share-link-pinterest feature-title\" data-title=\"Solarchitecture\" data-url=\"https:\/\/solarchitecture.ch\" data-media=\"\" href=\"http:\/\/pinterest.com\/pin\/create\/button\/?url=https:\/\/solarchitecture.ch&#038;image_url=https:\/\/solarchitecture.ch\/wp-content\/uploads\/2022\/11\/photo-FFPBo_v1.png\"  style=\"border-radius: 1px; font-size: 14px; \"><span class=\"dfd-share-icon\" style=\"width: 30px; height: 30px; line-height: 30px;\"><\/span><\/a><\/li><\/ul><\/div><\/div>\t\t\t<script type=\"text\/javascript\">\r\n\t\t\t\t(function ($) {\r\n\t\t\t\t\t\"use strict\";\r\n\t\t\t\t\t$(document).ready(function () {\r\n\t\t\t\t\t\tvar $share_container = $('#dfd_share_69f265f938788 .module-entry-share-links-list li');\r\n\t\t\t\t\t\tvar parent = $share_container.parent().parent().parent();\r\n\t\t\t\t\t\tif ($share_container.length > 0) {\r\n\t\t\t\t\t\t\tvar scrollbarWidth;\r\n\t\t\t\t\t\t\tvar div = document.createElement('div');\r\n\t\t\t\t\t\t\tdiv.style.overflowY = 'scroll';\r\n\t\t\t\t\t\t\tdiv.style.width = '50px';\r\n\t\t\t\t\t\t\tdiv.style.height = '50px';\r\n\t\t\t\t\t\t\tdiv.style.visibility = 'hidden';\r\n\t\t\t\t\t\t\tdocument.body.appendChild(div);\r\n\t\t\t\t\t\t\tscrollbarWidth = div.offsetWidth - div.clientWidth;\r\n\t\t\t\t\t\t\tdocument.body.removeChild(div);\r\n\t\t\t\t\t\t\tvar setShareWidth = function () {\r\n\t\t\t\t\t\t\t\tif (($(window).width() + scrollbarWidth) >= 800) {\r\n\t\t\t\t\t\t\t\t\tif (parent.hasClass(\"style-6\") || parent.hasClass(\"style-7\") || parent.hasClass(\"vertical\")) {\r\n\t\t\t\t\t\t\t\t\t\t$share_container.width('auto');\r\n\t\t\t\t\t\t\t\t\t} else {\r\n\t\t\t\t\t\t\t\t\t\t$share_container.dfdEqWidth();\r\n\t\t\t\t\t\t\t\t\t}\r\n\t\t\t\t\t\t\t\t} else {\r\n\t\t\t\t\t\t\t\t\tif (parent.hasClass(\"style-6\") || parent.hasClass(\"style-7\") || parent.hasClass(\"vertical\")) {\r\n\t\t\t\t\t\t\t\t\t\t$share_container.width('auto');\r\n\t\t\t\t\t\t\t\t\t} else {\r\n\t\t\t\t\t\t\t\t\t\t$share_container.width('100%');\r\n\t\t\t\t\t\t\t\t\t}\r\n\t\t\t\t\t\t\t\t}\r\n\t\t\t\t\t\t\t};\r\n\t\t\t\t\t\t\tsetShareWidth();\r\n\t\t\t\t\t\t\t$(window).resize(setShareWidth);\r\n\t\t\t\t\t\t}\r\n\t\t\t\t\t});\r\n\t\t\t\t\t\t\t\t\t$('head').append('<style type=\"text\/css\">.dfd-new-share-module.style-6 #dfd_share_69f265f938788 ul li a {border-style: solid;border-width: 1px;border-color: #000000;background: #ffffff;color: #000000;}<\/style>');\r\n\t\t\t\t\t\t\t})(jQuery);\r\n\t\t\t<\/script>\r\n\r\n\t\t\t<\/div>[\/vc_column][\/vc_row][vc_row][vc_column]<div class=\"dfd-spacer-module\"  data-units=\"px\" data-wide_resolution=\"1280\" data-wide_size=\"100\" data-normal_resolution=\"1024\" data-normal_size=\"100\" data-tablet_resolution=\"800\" data-tablet_size=\"100\" data-mobile_resolution=\"480\" data-mobile_size=\"100\" style=\"height: 100px;\"><\/div>[\/vc_column][\/vc_row]<\/p>\n<\/div>","protected":false},"excerpt":{"rendered":"<p>[vc_row][vc_column offset=&#8220;vc_hidden-lg vc_hidden-md vc_hidden-sm vc_hidden-xs&#8220;][vc_acf field_group=&#8220;30126&#8243; field_from_30126=&#8220;field_5c079de146ee1&#8243;][\/vc_column][\/vc_row][vc_row][vc_column][\/vc_column][\/vc_row][vc_row][vc_column width=&#8220;3\/4&#8243; dfd_column_responsive_enable=&#8220;dfd-column-responsive-enable&#8220; css=&#8220;.vc_custom_1548941680917{border-right-width: 1px !important;padding-right: 25px !important;padding-left: 25px !important;border-right-color: #000000 !important;border-right-style: solid !important;}&#8220; responsive_styles=&#8220;border_right_mobile:0&#8243;][vc_column_text css=&#8220;.vc_custom_1668069514577{padding-bottom: 30px !important;}&#8220;]14. November 2022[\/vc_column_text][vc_single_image image=&#8220;48559&#8243; img_size=&#8220;full&#8220;][vc_column_text css=&#8220;.vc_custom_1668069757627{padding-top: 10px<\/p>\n","protected":false},"author":2021,"featured_media":52887,"comment_status":"closed","ping_status":"closed","sticky":false,"template":"","format":"standard","meta":{"_acf_changed":false,"inline_featured_image":false,"footnotes":""},"categories":[457],"tags":[],"class_list":["post-53307","post","type-post","status-publish","format-standard","has-post-thumbnail","hentry","category-news-de"],"acf":[],"yoast_head":"<!-- This site is optimized with the Yoast SEO plugin v26.7 - https:\/\/yoast.com\/wordpress\/plugins\/seo\/ -->\n<title>Aussch\u00f6pfung des Solarpotenzials - Solarchitecture<\/title>\n<meta name=\"robots\" content=\"index, follow, max-snippet:-1, max-image-preview:large, max-video-preview:-1\" \/>\n<link rel=\"canonical\" href=\"https:\/\/solarchitecture.ch\/de\/ausschoepfung-des-solarpotenzials\/\" \/>\n<meta property=\"og:locale\" content=\"de_DE\" \/>\n<meta property=\"og:type\" content=\"article\" \/>\n<meta property=\"og:title\" content=\"Aussch\u00f6pfung des Solarpotenzials - Solarchitecture\" \/>\n<meta property=\"og:description\" content=\"[vc_row][vc_column offset=&#8220;vc_hidden-lg vc_hidden-md vc_hidden-sm vc_hidden-xs&#8220;][vc_acf field_group=&#8220;30126&#8243; field_from_30126=&#8220;field_5c079de146ee1&#8243;][\/vc_column][\/vc_row][vc_row][vc_column][\/vc_column][\/vc_row][vc_row][vc_column width=&#8220;3\/4&#8243; dfd_column_responsive_enable=&#8220;dfd-column-responsive-enable&#8220; css=&#8220;.vc_custom_1548941680917{border-right-width: 1px !important;padding-right: 25px !important;padding-left: 25px !important;border-right-color: #000000 !important;border-right-style: solid !important;}&#8220; responsive_styles=&#8220;border_right_mobile:0&#8243;][vc_column_text css=&#8220;.vc_custom_1668069514577{padding-bottom: 30px !important;}&#8220;]14. November 2022[\/vc_column_text][vc_single_image image=&#8220;48559&#8243; img_size=&#8220;full&#8220;][vc_column_text css=&#8220;.vc_custom_1668069757627{padding-top: 10px\" \/>\n<meta property=\"og:url\" content=\"https:\/\/solarchitecture.ch\/de\/ausschoepfung-des-solarpotenzials\/\" \/>\n<meta property=\"og:site_name\" content=\"Solarchitecture\" \/>\n<meta property=\"article:published_time\" content=\"2022-11-21T14:06:14+00:00\" \/>\n<meta property=\"article:modified_time\" content=\"2022-11-21T14:17:35+00:00\" \/>\n<meta property=\"og:image\" content=\"https:\/\/solarchitecture.ch\/wp-content\/uploads\/2022\/11\/photo-FFPBo_v1.png\" \/>\n\t<meta property=\"og:image:width\" content=\"1052\" \/>\n\t<meta property=\"og:image:height\" content=\"664\" \/>\n\t<meta property=\"og:image:type\" content=\"image\/png\" \/>\n<meta name=\"author\" content=\"Solar Architecture\" \/>\n<meta name=\"twitter:card\" content=\"summary_large_image\" \/>\n<meta name=\"twitter:label1\" content=\"Verfasst von\" \/>\n\t<meta name=\"twitter:data1\" content=\"Solar Architecture\" \/>\n\t<meta name=\"twitter:label2\" content=\"Gesch\u00e4tzte Lesezeit\" \/>\n\t<meta name=\"twitter:data2\" content=\"6\u00a0Minuten\" \/>\n<script type=\"application\/ld+json\" class=\"yoast-schema-graph\">{\"@context\":\"https:\/\/schema.org\",\"@graph\":[{\"@type\":\"Article\",\"@id\":\"https:\/\/solarchitecture.ch\/de\/ausschoepfung-des-solarpotenzials\/#article\",\"isPartOf\":{\"@id\":\"https:\/\/solarchitecture.ch\/de\/ausschoepfung-des-solarpotenzials\/\"},\"author\":{\"name\":\"Solar Architecture\",\"@id\":\"https:\/\/solarchitecture.ch\/de\/#\/schema\/person\/9574b0ccd534aeaa599ef02f64445744\"},\"headline\":\"Aussch\u00f6pfung des Solarpotenzials\",\"datePublished\":\"2022-11-21T14:06:14+00:00\",\"dateModified\":\"2022-11-21T14:17:35+00:00\",\"mainEntityOfPage\":{\"@id\":\"https:\/\/solarchitecture.ch\/de\/ausschoepfung-des-solarpotenzials\/\"},\"wordCount\":2035,\"publisher\":{\"@id\":\"https:\/\/solarchitecture.ch\/de\/#organization\"},\"image\":{\"@id\":\"https:\/\/solarchitecture.ch\/de\/ausschoepfung-des-solarpotenzials\/#primaryimage\"},\"thumbnailUrl\":\"https:\/\/solarchitecture.ch\/wp-content\/uploads\/2022\/11\/photo-FFPBo_v1.png\",\"articleSection\":[\"News\"],\"inLanguage\":\"de\"},{\"@type\":\"WebPage\",\"@id\":\"https:\/\/solarchitecture.ch\/de\/ausschoepfung-des-solarpotenzials\/\",\"url\":\"https:\/\/solarchitecture.ch\/de\/ausschoepfung-des-solarpotenzials\/\",\"name\":\"Aussch\u00f6pfung des Solarpotenzials - Solarchitecture\",\"isPartOf\":{\"@id\":\"https:\/\/solarchitecture.ch\/de\/#website\"},\"primaryImageOfPage\":{\"@id\":\"https:\/\/solarchitecture.ch\/de\/ausschoepfung-des-solarpotenzials\/#primaryimage\"},\"image\":{\"@id\":\"https:\/\/solarchitecture.ch\/de\/ausschoepfung-des-solarpotenzials\/#primaryimage\"},\"thumbnailUrl\":\"https:\/\/solarchitecture.ch\/wp-content\/uploads\/2022\/11\/photo-FFPBo_v1.png\",\"datePublished\":\"2022-11-21T14:06:14+00:00\",\"dateModified\":\"2022-11-21T14:17:35+00:00\",\"breadcrumb\":{\"@id\":\"https:\/\/solarchitecture.ch\/de\/ausschoepfung-des-solarpotenzials\/#breadcrumb\"},\"inLanguage\":\"de\",\"potentialAction\":[{\"@type\":\"ReadAction\",\"target\":[\"https:\/\/solarchitecture.ch\/de\/ausschoepfung-des-solarpotenzials\/\"]}]},{\"@type\":\"ImageObject\",\"inLanguage\":\"de\",\"@id\":\"https:\/\/solarchitecture.ch\/de\/ausschoepfung-des-solarpotenzials\/#primaryimage\",\"url\":\"https:\/\/solarchitecture.ch\/wp-content\/uploads\/2022\/11\/photo-FFPBo_v1.png\",\"contentUrl\":\"https:\/\/solarchitecture.ch\/wp-content\/uploads\/2022\/11\/photo-FFPBo_v1.png\",\"width\":1052,\"height\":664},{\"@type\":\"BreadcrumbList\",\"@id\":\"https:\/\/solarchitecture.ch\/de\/ausschoepfung-des-solarpotenzials\/#breadcrumb\",\"itemListElement\":[{\"@type\":\"ListItem\",\"position\":1,\"name\":\"Home\",\"item\":\"https:\/\/solarchitecture.ch\/de\/\"},{\"@type\":\"ListItem\",\"position\":2,\"name\":\"Aussch\u00f6pfung des Solarpotenzials\"}]},{\"@type\":\"WebSite\",\"@id\":\"https:\/\/solarchitecture.ch\/de\/#website\",\"url\":\"https:\/\/solarchitecture.ch\/de\/\",\"name\":\"Solarchitecture\",\"description\":\"Building solution\",\"publisher\":{\"@id\":\"https:\/\/solarchitecture.ch\/de\/#organization\"},\"potentialAction\":[{\"@type\":\"SearchAction\",\"target\":{\"@type\":\"EntryPoint\",\"urlTemplate\":\"https:\/\/solarchitecture.ch\/de\/?s={search_term_string}\"},\"query-input\":{\"@type\":\"PropertyValueSpecification\",\"valueRequired\":true,\"valueName\":\"search_term_string\"}}],\"inLanguage\":\"de\"},{\"@type\":\"Organization\",\"@id\":\"https:\/\/solarchitecture.ch\/de\/#organization\",\"name\":\"Solarchitecture\",\"url\":\"https:\/\/solarchitecture.ch\/de\/\",\"logo\":{\"@type\":\"ImageObject\",\"inLanguage\":\"de\",\"@id\":\"https:\/\/solarchitecture.ch\/de\/#\/schema\/logo\/image\/\",\"url\":\"https:\/\/solarchitecture.ch\/wp-content\/uploads\/2022\/07\/solarchitecture_logo.jpg\",\"contentUrl\":\"https:\/\/solarchitecture.ch\/wp-content\/uploads\/2022\/07\/solarchitecture_logo.jpg\",\"width\":312,\"height\":312,\"caption\":\"Solarchitecture\"},\"image\":{\"@id\":\"https:\/\/solarchitecture.ch\/de\/#\/schema\/logo\/image\/\"}},{\"@type\":\"Person\",\"@id\":\"https:\/\/solarchitecture.ch\/de\/#\/schema\/person\/9574b0ccd534aeaa599ef02f64445744\",\"name\":\"Solar Architecture\",\"image\":{\"@type\":\"ImageObject\",\"inLanguage\":\"de\",\"@id\":\"https:\/\/solarchitecture.ch\/de\/#\/schema\/person\/image\/\",\"url\":\"https:\/\/secure.gravatar.com\/avatar\/5248fcb2bab99263f8f157f166bf6916de4582d008a551554fe906e623e4fda0?s=96&d=mm&r=g\",\"contentUrl\":\"https:\/\/secure.gravatar.com\/avatar\/5248fcb2bab99263f8f157f166bf6916de4582d008a551554fe906e623e4fda0?s=96&d=mm&r=g\",\"caption\":\"Solar Architecture\"},\"url\":\"https:\/\/solarchitecture.ch\/de\/author\/solar\/\"}]}<\/script>\n<!-- \/ Yoast SEO plugin. -->","yoast_head_json":{"title":"Aussch\u00f6pfung des Solarpotenzials - Solarchitecture","robots":{"index":"index","follow":"follow","max-snippet":"max-snippet:-1","max-image-preview":"max-image-preview:large","max-video-preview":"max-video-preview:-1"},"canonical":"https:\/\/solarchitecture.ch\/de\/ausschoepfung-des-solarpotenzials\/","og_locale":"de_DE","og_type":"article","og_title":"Aussch\u00f6pfung des Solarpotenzials - Solarchitecture","og_description":"[vc_row][vc_column offset=&#8220;vc_hidden-lg vc_hidden-md vc_hidden-sm vc_hidden-xs&#8220;][vc_acf field_group=&#8220;30126&#8243; field_from_30126=&#8220;field_5c079de146ee1&#8243;][\/vc_column][\/vc_row][vc_row][vc_column][\/vc_column][\/vc_row][vc_row][vc_column width=&#8220;3\/4&#8243; dfd_column_responsive_enable=&#8220;dfd-column-responsive-enable&#8220; css=&#8220;.vc_custom_1548941680917{border-right-width: 1px !important;padding-right: 25px !important;padding-left: 25px !important;border-right-color: #000000 !important;border-right-style: solid !important;}&#8220; responsive_styles=&#8220;border_right_mobile:0&#8243;][vc_column_text css=&#8220;.vc_custom_1668069514577{padding-bottom: 30px !important;}&#8220;]14. November 2022[\/vc_column_text][vc_single_image image=&#8220;48559&#8243; img_size=&#8220;full&#8220;][vc_column_text css=&#8220;.vc_custom_1668069757627{padding-top: 10px","og_url":"https:\/\/solarchitecture.ch\/de\/ausschoepfung-des-solarpotenzials\/","og_site_name":"Solarchitecture","article_published_time":"2022-11-21T14:06:14+00:00","article_modified_time":"2022-11-21T14:17:35+00:00","og_image":[{"width":1052,"height":664,"url":"https:\/\/solarchitecture.ch\/wp-content\/uploads\/2022\/11\/photo-FFPBo_v1.png","type":"image\/png"}],"author":"Solar Architecture","twitter_card":"summary_large_image","twitter_misc":{"Verfasst von":"Solar Architecture","Gesch\u00e4tzte Lesezeit":"6\u00a0Minuten"},"schema":{"@context":"https:\/\/schema.org","@graph":[{"@type":"Article","@id":"https:\/\/solarchitecture.ch\/de\/ausschoepfung-des-solarpotenzials\/#article","isPartOf":{"@id":"https:\/\/solarchitecture.ch\/de\/ausschoepfung-des-solarpotenzials\/"},"author":{"name":"Solar Architecture","@id":"https:\/\/solarchitecture.ch\/de\/#\/schema\/person\/9574b0ccd534aeaa599ef02f64445744"},"headline":"Aussch\u00f6pfung des Solarpotenzials","datePublished":"2022-11-21T14:06:14+00:00","dateModified":"2022-11-21T14:17:35+00:00","mainEntityOfPage":{"@id":"https:\/\/solarchitecture.ch\/de\/ausschoepfung-des-solarpotenzials\/"},"wordCount":2035,"publisher":{"@id":"https:\/\/solarchitecture.ch\/de\/#organization"},"image":{"@id":"https:\/\/solarchitecture.ch\/de\/ausschoepfung-des-solarpotenzials\/#primaryimage"},"thumbnailUrl":"https:\/\/solarchitecture.ch\/wp-content\/uploads\/2022\/11\/photo-FFPBo_v1.png","articleSection":["News"],"inLanguage":"de"},{"@type":"WebPage","@id":"https:\/\/solarchitecture.ch\/de\/ausschoepfung-des-solarpotenzials\/","url":"https:\/\/solarchitecture.ch\/de\/ausschoepfung-des-solarpotenzials\/","name":"Aussch\u00f6pfung des Solarpotenzials - Solarchitecture","isPartOf":{"@id":"https:\/\/solarchitecture.ch\/de\/#website"},"primaryImageOfPage":{"@id":"https:\/\/solarchitecture.ch\/de\/ausschoepfung-des-solarpotenzials\/#primaryimage"},"image":{"@id":"https:\/\/solarchitecture.ch\/de\/ausschoepfung-des-solarpotenzials\/#primaryimage"},"thumbnailUrl":"https:\/\/solarchitecture.ch\/wp-content\/uploads\/2022\/11\/photo-FFPBo_v1.png","datePublished":"2022-11-21T14:06:14+00:00","dateModified":"2022-11-21T14:17:35+00:00","breadcrumb":{"@id":"https:\/\/solarchitecture.ch\/de\/ausschoepfung-des-solarpotenzials\/#breadcrumb"},"inLanguage":"de","potentialAction":[{"@type":"ReadAction","target":["https:\/\/solarchitecture.ch\/de\/ausschoepfung-des-solarpotenzials\/"]}]},{"@type":"ImageObject","inLanguage":"de","@id":"https:\/\/solarchitecture.ch\/de\/ausschoepfung-des-solarpotenzials\/#primaryimage","url":"https:\/\/solarchitecture.ch\/wp-content\/uploads\/2022\/11\/photo-FFPBo_v1.png","contentUrl":"https:\/\/solarchitecture.ch\/wp-content\/uploads\/2022\/11\/photo-FFPBo_v1.png","width":1052,"height":664},{"@type":"BreadcrumbList","@id":"https:\/\/solarchitecture.ch\/de\/ausschoepfung-des-solarpotenzials\/#breadcrumb","itemListElement":[{"@type":"ListItem","position":1,"name":"Home","item":"https:\/\/solarchitecture.ch\/de\/"},{"@type":"ListItem","position":2,"name":"Aussch\u00f6pfung des Solarpotenzials"}]},{"@type":"WebSite","@id":"https:\/\/solarchitecture.ch\/de\/#website","url":"https:\/\/solarchitecture.ch\/de\/","name":"Solarchitecture","description":"Building solution","publisher":{"@id":"https:\/\/solarchitecture.ch\/de\/#organization"},"potentialAction":[{"@type":"SearchAction","target":{"@type":"EntryPoint","urlTemplate":"https:\/\/solarchitecture.ch\/de\/?s={search_term_string}"},"query-input":{"@type":"PropertyValueSpecification","valueRequired":true,"valueName":"search_term_string"}}],"inLanguage":"de"},{"@type":"Organization","@id":"https:\/\/solarchitecture.ch\/de\/#organization","name":"Solarchitecture","url":"https:\/\/solarchitecture.ch\/de\/","logo":{"@type":"ImageObject","inLanguage":"de","@id":"https:\/\/solarchitecture.ch\/de\/#\/schema\/logo\/image\/","url":"https:\/\/solarchitecture.ch\/wp-content\/uploads\/2022\/07\/solarchitecture_logo.jpg","contentUrl":"https:\/\/solarchitecture.ch\/wp-content\/uploads\/2022\/07\/solarchitecture_logo.jpg","width":312,"height":312,"caption":"Solarchitecture"},"image":{"@id":"https:\/\/solarchitecture.ch\/de\/#\/schema\/logo\/image\/"}},{"@type":"Person","@id":"https:\/\/solarchitecture.ch\/de\/#\/schema\/person\/9574b0ccd534aeaa599ef02f64445744","name":"Solar Architecture","image":{"@type":"ImageObject","inLanguage":"de","@id":"https:\/\/solarchitecture.ch\/de\/#\/schema\/person\/image\/","url":"https:\/\/secure.gravatar.com\/avatar\/5248fcb2bab99263f8f157f166bf6916de4582d008a551554fe906e623e4fda0?s=96&d=mm&r=g","contentUrl":"https:\/\/secure.gravatar.com\/avatar\/5248fcb2bab99263f8f157f166bf6916de4582d008a551554fe906e623e4fda0?s=96&d=mm&r=g","caption":"Solar Architecture"},"url":"https:\/\/solarchitecture.ch\/de\/author\/solar\/"}]}},"_links":{"self":[{"href":"https:\/\/solarchitecture.ch\/de\/wp-json\/wp\/v2\/posts\/53307","targetHints":{"allow":["GET"]}}],"collection":[{"href":"https:\/\/solarchitecture.ch\/de\/wp-json\/wp\/v2\/posts"}],"about":[{"href":"https:\/\/solarchitecture.ch\/de\/wp-json\/wp\/v2\/types\/post"}],"author":[{"embeddable":true,"href":"https:\/\/solarchitecture.ch\/de\/wp-json\/wp\/v2\/users\/2021"}],"replies":[{"embeddable":true,"href":"https:\/\/solarchitecture.ch\/de\/wp-json\/wp\/v2\/comments?post=53307"}],"version-history":[{"count":13,"href":"https:\/\/solarchitecture.ch\/de\/wp-json\/wp\/v2\/posts\/53307\/revisions"}],"predecessor-version":[{"id":53322,"href":"https:\/\/solarchitecture.ch\/de\/wp-json\/wp\/v2\/posts\/53307\/revisions\/53322"}],"wp:featuredmedia":[{"embeddable":true,"href":"https:\/\/solarchitecture.ch\/de\/wp-json\/wp\/v2\/media\/52887"}],"wp:attachment":[{"href":"https:\/\/solarchitecture.ch\/de\/wp-json\/wp\/v2\/media?parent=53307"}],"wp:term":[{"taxonomy":"category","embeddable":true,"href":"https:\/\/solarchitecture.ch\/de\/wp-json\/wp\/v2\/categories?post=53307"},{"taxonomy":"post_tag","embeddable":true,"href":"https:\/\/solarchitecture.ch\/de\/wp-json\/wp\/v2\/tags?post=53307"}],"curies":[{"name":"wp","href":"https:\/\/api.w.org\/{rel}","templated":true}]}}