{"id":45251,"date":"2021-07-14T14:23:57","date_gmt":"2021-07-14T12:23:57","guid":{"rendered":"https:\/\/solarchitecture.ch\/details-die-mobiliar-renovation\/"},"modified":"2021-07-14T15:10:11","modified_gmt":"2021-07-14T13:10:11","slug":"details-die-mobiliar-renovation","status":"publish","type":"post","link":"https:\/\/solarchitecture.ch\/de\/details-die-mobiliar-renovation\/","title":{"rendered":"Details Die Mobiliar Renovation"},"content":{"rendered":"<div class=\"wpb-content-wrapper\"><p>[vc_row][vc_column offset=&#8220;vc_hidden-lg vc_hidden-md vc_hidden-sm vc_hidden-xs&#8220;][vc_acf field_group=&#8220;30126&#8243; field_from_30126=&#8220;field_5c079de146ee1&#8243;][\/vc_column][\/vc_row][vc_row][vc_column]<div class=\"dfd-spacer-module\"  data-units=\"px\" data-wide_resolution=\"1280\" data-wide_size=\"100\" data-normal_resolution=\"1024\" data-normal_size=\"100\" data-tablet_resolution=\"800\" data-tablet_size=\"50\" data-mobile_resolution=\"480\" data-mobile_size=\"50\" style=\"height: 100px;\"><\/div>[\/vc_column][\/vc_row][vc_row][vc_column width=&#8220;3\/4&#8243; dfd_column_responsive_enable=&#8220;dfd-column-responsive-enable&#8220; css=&#8220;.vc_custom_1548941680917{border-right-width: 1px !important;padding-right: 25px !important;padding-left: 25px !important;border-right-color: #000000 !important;border-right-style: solid !important;}&#8220; responsive_styles=&#8220;border_right_mobile:0&#8243;]<div class=\"dfd-heading-shortcode\"><div class=\"dfd-heading-module-wrap  text-left style_01 cr-animate-gen dfd-heading-69f16811d4339 dfd-enable-resposive-headings\" id=\"dfd-heading-69f16811d4339\" data-animate-type = \"transition.slideLeftIn\" ><div class=\"inline-block\"><div class=\"dfd-heading-module\"><div class=\"widget-title dfd-title block-title\" style=\"font-family:Montserrat; font-weight:700; font-style:normal; font-size: 50px; color: #000000 !important; line-height: 55px; letter-spacing: 0px; \">Sanierung B\u00fcrogeb\u00e4ude Die Mobiliar<\/div><\/div><\/div><\/div><script type=\"text\/javascript\">\r\n\t\t\t\t\t\t\t\t\t(function($) {\r\n\t\t\t\t\t\t\t\t\t\t$(\"head\").append(\"<style>.dfd-heading-69f16811d4339 .dfd-heading-module .widget-title {margin-bottom:0px;}.dfd-heading-69f16811d4339.dfd-heading-module-wrap .dfd-heading-module .dfd-heading-delimiter {margin-top:10px;margin-bottom:10px;}@media (max-width: 1279px) and (min-width: 1024px){.dfd-heading-69f16811d4339 .dfd-title{font-size: 40px !important;letter-spacing: 0px !important;line-height: 45px !important;}}@media (max-width: 1023px) and (min-width: 800px){.dfd-heading-69f16811d4339 .dfd-title{font-size: 35px !important;letter-spacing: 0px !important;line-height: 40px !important;}}@media (max-width: 799px){.dfd-heading-69f16811d4339 .dfd-title{font-size: 30px !important;letter-spacing: 0px !important;line-height: 35px !important;}}<\/style>\");\r\n\t\t\t\t\t\t\t\t\t})(jQuery);\r\n\t\t\t\t\t\t\t\t<\/script><\/div><div class=\"dfd-spacer-module\"  data-units=\"px\" data-wide_resolution=\"1280\" data-wide_size=\"50\" data-normal_resolution=\"1024\" data-normal_size=\"50\" data-tablet_resolution=\"800\" data-tablet_size=\"50\" data-mobile_resolution=\"480\" data-mobile_size=\"50\" style=\"height: 50px;\"><\/div><div id=\"dfd-icon-list-69f16811d4537-2338\" class=\"dfd-icon-list-wrap  del-full-width style-2  \" ><ul class=\"dfd-icon-list\"><li class=\"\"><div class=\"dfd-list-content clearfix \" style=\"\"><div class=\"dfd-list-content-block content\"><b>Produkt<br \/>\n<\/b>Massgefertigter Sonnenschutz aus Glaslamellen von Antec Solar GmbH<\/div><\/div><span class=\"dfd-icon-item-delimiter\" style=\"border-bottom-width:1px; border-style:dotted; border-color:#919191; \"><\/span><\/li><li class=\"\"><div class=\"dfd-list-content clearfix \" style=\"\"><div class=\"dfd-list-content-block content\"><strong>Beschreibung<\/strong><br \/>\nDas Geb\u00e4ude hat eine hochisolierende Geb\u00e4udeh\u00fclle mit einer entsprechenden Dreifachverglasung, die weit mehr als eine \u00fcbliche Minergie-H\u00fclle ist. Die Lamellenfassade dient nicht nur als Sonnenschutz, denn diese gut besonnte Fassade erzeugt auch Strom. Die Glaslamellen sind geschosshoch, 45 cm breit und passen sich motorgesteuert dem Stand der Sonne an.<\/div><\/div><span class=\"dfd-icon-item-delimiter\" style=\"border-bottom-width:1px; border-style:dotted; border-color:#919191; \"><\/span><\/li><\/ul><\/div><script type=\"text\/javascript\">(function($) {$(\"head\").append(\"<style>#dfd-icon-list-69f16811d4537-2338 .dfd-icon-list .content {style=&quot;font-family:Montserrat; font-weight:400; font-style:normal; font-size: 17px; color: #000000 !important; line-height: 25px; &quot;}<\/style>\");})(jQuery);<\/script><div class=\"dfd-spacer-module\"  data-units=\"px\" data-wide_resolution=\"1280\" data-wide_size=\"50\" data-normal_resolution=\"1024\" data-normal_size=\"50\" data-tablet_resolution=\"800\" data-tablet_size=\"50\" data-mobile_resolution=\"480\" data-mobile_size=\"50\" style=\"height: 50px;\"><\/div>[vc_row_inner css=&#8220;.vc_custom_1548936964895{padding-top: 25px !important;padding-right: 25px !important;padding-bottom: 25px !important;padding-left: 25px !important;background-color: #f8b45b !important;}&#8220;][vc_column_inner dfd_column_responsive_enable=&#8220;dfd-column-responsive-enable&#8220; css=&#8220;.vc_custom_1548936854809{padding-right: 12.5px !important;}&#8220; responsive_styles=&#8220;padding_right_mobile:0&#8243;][vc_column_text]<\/p>\n<table style=\"background-color: #f8b45b;\">\n<tbody>\n<tr style=\"height: 70px;\">\n<td style=\"width: 50%; border: 0px; vertical-align: middle;\"><\/td>\n<td style=\"width: 25%; border: 1px solid white; border-top: 0px; vertical-align: middle;\"><img decoding=\"async\" class=\"alignnone wp-image-34303\" src=\"https:\/\/solarchitecture.ch\/wp-content\/uploads\/2018\/12\/solar_casa_tetto.png\" alt=\"\" width=\"60\" height=\"48\" \/><\/td>\n<td style=\"width: 25%; border: 1px solid white; border-top: 0px; border-right: 0px; vertical-align: middle;\"><img decoding=\"async\" class=\"alignnone wp-image-34305\" src=\"https:\/\/solarchitecture.ch\/wp-content\/uploads\/2018\/12\/solar_casa_facciata.png\" alt=\"\" width=\"60\" height=\"48\" \/><\/td>\n<\/tr>\n<tr style=\"height: 50px;\">\n<td style=\"width: 50%; border: 1px solid white; border-bottom: 0px; border-left: 0px; vertical-align: middle;\"><strong><span style=\"color: #ffffff;\">Geb\u00e4udeelement<\/span><\/strong><\/td>\n<td style=\"width: 25%; border: 1px solid white; border-bottom: 0px; vertical-align: middle;\"><span style=\"color: #ffffff;\">Flachdach<\/span><\/td>\n<td style=\"width: 25%; border: 1px solid white; border-bottom: 0px; border-right: 0px; vertical-align: middle;\"><span style=\"color: #ffffff;\">Sonnenschutz<\/span><\/td>\n<\/tr>\n<\/tbody>\n<\/table>\n<p>[\/vc_column_text][\/vc_column_inner][\/vc_row_inner]<div class=\"dfd-spacer-module\"  data-units=\"px\" data-wide_resolution=\"1280\" data-wide_size=\"25\" data-normal_resolution=\"1024\" data-normal_size=\"25\" data-tablet_resolution=\"800\" data-tablet_size=\"25\" data-mobile_resolution=\"480\" data-mobile_size=\"25\" style=\"height: 25px;\"><\/div>[vc_row_inner][vc_column_inner el_class=&#8220;resp_no_padding right_padding&#8220; width=&#8220;1\/2&#8243; col_inner_shadow=&#8220;box_shadow_enable:disable|shadow_horizontal:0|shadow_vertical:15|shadow_blur:50|shadow_spread:0|box_shadow_color:rgba(0%2C0%2C0%2C0.35)&#8220; col_inner_shadow_hover=&#8220;box_shadow_enable:disable|shadow_horizontal:0|shadow_vertical:15|shadow_blur:50|shadow_spread:0|box_shadow_color:rgba(0%2C0%2C0%2C0.35)&#8220;][vc_single_image image=&#8220;36223&#8243; img_size=&#8220;50&#215;50&#8243; alignment=&#8220;center&#8220; img_link_target=&#8220;_blank&#8220; onclick=&#8220;custom_link&#8220; link=&#8220;https:\/\/solarchitecture.ch\/login-required\/&#8220; el_class=&#8220;pdf_print_error back_img_resp&#8220; css=&#8220;.vc_custom_1623839530505{background-image: url(https:\/\/solarchitecture.ch\/wp-content\/uploads\/2021\/06\/60_axonometry-ETHZ.jpg?id=44643) !important;}&#8220;][vc_single_image image=&#8220;36223&#8243; img_size=&#8220;50&#215;50&#8243; alignment=&#8220;center&#8220; img_link_target=&#8220;_blank&#8220; onclick=&#8220;custom_link&#8220; link=&#8220;https:\/\/solarchitecture.ch\/wp-content\/uploads\/2021\/07\/20-Mobiliar-Bern-Isonometry-20210331-001-D.pdf&#8220; el_class=&#8220;pdf_logged_in back_img_resp&#8220; css=&#8220;.vc_custom_1626263082071{background-image: url(https:\/\/solarchitecture.ch\/wp-content\/uploads\/2021\/06\/60_axonometry-ETHZ.jpg?id=44643) !important;}&#8220;][vc_column_text css=&#8220;.vc_custom_1562332677124{padding-top: 10px !important;padding-bottom: 10px !important;}&#8220; el_class=&#8220;caption&#8220;]<\/p>\n<h3>Projektion<\/h3>\n<p>[\/vc_column_text][\/vc_column_inner][vc_column_inner el_class=&#8220;resp_no_padding left_padding&#8220; width=&#8220;1\/2&#8243; col_inner_shadow=&#8220;box_shadow_enable:disable|shadow_horizontal:0|shadow_vertical:15|shadow_blur:50|shadow_spread:0|box_shadow_color:rgba(0%2C0%2C0%2C0.35)&#8220; col_inner_shadow_hover=&#8220;box_shadow_enable:disable|shadow_horizontal:0|shadow_vertical:15|shadow_blur:50|shadow_spread:0|box_shadow_color:rgba(0%2C0%2C0%2C0.35)&#8220;][vc_single_image image=&#8220;36223&#8243; img_size=&#8220;50&#215;50&#8243; alignment=&#8220;center&#8220; img_link_target=&#8220;_blank&#8220; onclick=&#8220;custom_link&#8220; link=&#8220;https:\/\/solarchitecture.ch\/login-required\/&#8220; el_class=&#8220;pdf_print_error back_img_resp&#8220; css=&#8220;.vc_custom_1623839636505{background-image: url(https:\/\/solarchitecture.ch\/wp-content\/uploads\/2021\/06\/Website-Preview-Mobiliar-Bern-Horizontal-Section-20210331-001-JPG.jpg?id=44700) !important;}&#8220;][vc_single_image image=&#8220;36223&#8243; img_size=&#8220;50&#215;50&#8243; alignment=&#8220;center&#8220; img_link_target=&#8220;_blank&#8220; onclick=&#8220;custom_link&#8220; link=&#8220;https:\/\/solarchitecture.ch\/wp-content\/uploads\/2021\/07\/5-Mobiliar-Bern-Horizontal-Section-20210331-001-D.pdf&#8220; el_class=&#8220;pdf_logged_in back_img_resp&#8220; css=&#8220;.vc_custom_1626263110399{background-image: url(https:\/\/solarchitecture.ch\/wp-content\/uploads\/2021\/06\/Website-Preview-Mobiliar-Bern-Horizontal-Section-20210331-001-JPG.jpg?id=44700) !important;}&#8220;][vc_column_text css=&#8220;.vc_custom_1576674698988{padding-top: 10px !important;padding-bottom: 10px !important;}&#8220; el_class=&#8220;caption&#8220;]<\/p>\n<h3>Horizontalschnitt<\/h3>\n<p>[\/vc_column_text][\/vc_column_inner][\/vc_row_inner][vc_row_inner][vc_column_inner el_class=&#8220;resp_no_padding right_padding&#8220; width=&#8220;1\/2&#8243; col_inner_shadow=&#8220;box_shadow_enable:disable|shadow_horizontal:0|shadow_vertical:15|shadow_blur:50|shadow_spread:0|box_shadow_color:rgba(0%2C0%2C0%2C0.35)&#8220; col_inner_shadow_hover=&#8220;box_shadow_enable:disable|shadow_horizontal:0|shadow_vertical:15|shadow_blur:50|shadow_spread:0|box_shadow_color:rgba(0%2C0%2C0%2C0.35)&#8220;][vc_single_image image=&#8220;36223&#8243; img_size=&#8220;50&#215;50&#8243; alignment=&#8220;center&#8220; img_link_target=&#8220;_blank&#8220; onclick=&#8220;custom_link&#8220; link=&#8220;https:\/\/solarchitecture.ch\/login-required\/&#8220; el_class=&#8220;pdf_print_error back_img_resp&#8220; css=&#8220;.vc_custom_1623839576514{background-image: url(https:\/\/solarchitecture.ch\/wp-content\/uploads\/2021\/06\/61_vertical-section-ETHZ.jpg?id=44647) !important;}&#8220;][vc_single_image image=&#8220;36223&#8243; img_size=&#8220;50&#215;50&#8243; alignment=&#8220;center&#8220; img_link_target=&#8220;_blank&#8220; onclick=&#8220;custom_link&#8220; link=&#8220;https:\/\/solarchitecture.ch\/wp-content\/uploads\/2021\/07\/5-Mobiliar-Bern-Vertical-Section-20210331-001-D.pdf&#8220; el_class=&#8220;pdf_logged_in back_img_resp&#8220; css=&#8220;.vc_custom_1626263131623{background-image: url(https:\/\/solarchitecture.ch\/wp-content\/uploads\/2021\/06\/61_vertical-section-ETHZ.jpg?id=44647) !important;}&#8220;][vc_column_text css=&#8220;.vc_custom_1623838860593{padding-top: 10px !important;padding-bottom: 10px !important;}&#8220; el_class=&#8220;caption&#8220;]<\/p>\n<h3>Vertikalschnitt<\/h3>\n<p>[\/vc_column_text][\/vc_column_inner][\/vc_row_inner][\/vc_column][vc_column width=&#8220;1\/4&#8243; dfd_column_responsive_enable=&#8220;dfd-column-responsive-enable&#8220; css=&#8220;.vc_custom_1548941751542{padding-right: 25px !important;padding-left: 25px !important;}&#8220; responsive_styles=&#8220;padding_top_mobile:80&#8243;]<div class=\"dfd-heading-shortcode\"><div class=\"dfd-heading-module-wrap  text-left style_01 dfd-heading-69f16811d4906 dfd-enable-resposive-headings\" id=\"dfd-heading-69f16811d4906\" ><div class=\"inline-block\"><div class=\"dfd-heading-module\"><div class=\"widget-title dfd-title block-title\" style=\"font-size: 25px; font-family: MontserratBold; color: #000000 !important; line-height: 32px; letter-spacing: 0px; \">Referenzgeb\u00e4ude<\/div><\/div><\/div><\/div><script type=\"text\/javascript\">\r\n\t\t\t\t\t\t\t\t\t(function($) {\r\n\t\t\t\t\t\t\t\t\t\t$(\"head\").append(\"<style>.dfd-heading-69f16811d4906 .dfd-heading-module .widget-title {margin-top:0px;margin-bottom:15px;}.dfd-heading-69f16811d4906.dfd-heading-module-wrap .dfd-heading-module .dfd-heading-delimiter {margin-top:10px;margin-bottom:10px;}<\/style>\");\r\n\t\t\t\t\t\t\t\t\t})(jQuery);\r\n\t\t\t\t\t\t\t\t<\/script><\/div><div id=\"idinfobox69f16811d4a19\" class=\"dfd-info-box clearfix style-01 layout-04  idinfobox69f16811d4a19 cr-animate-gen\" data-animate-item=\".dfd-animate-container\" data-animate-type = \"transition.slideUpIn\" ><div class=\"dfd-animate-container\"><div class=\"icon-wrapper\"><div class=\"module-icon\" style=\"border-radius:px;font-size:65px;\"><div class=\"hover-layer\" ><\/div><img decoding=\"async\" src=\"https:\/\/solarchitecture.ch\/wp-content\/uploads\/2021\/06\/48_urban-context-130x130.jpg\" alt=\"Image icon\" style=\"width: 65px;opacity: 1;\" \/><\/div><\/div><div class=\"content-wrap ovh\"><div class=\"info-box-title feature-title\" style=\"font-size: 14px; font-family: MontserratBold; color: #000000 !important; line-height: 20px; \">Sanierung B\u00fcrogeb\u00e4ude Die Mobiliar<\/div><div class=\"info-box-subtitle subtitle\" style=\"font-size: 14px; font-family: MontserratRegular; color: #000000 !important; line-height: 20px; font-style:italic; \">Besuchen Sie die Seite<\/div><div class=\"description\" style=\"\"><\/div><\/div><a href=\"https:\/\/solarchitecture.ch\/de\/sanierung-buerogebaeude-die-mobiliar\/\"  target=\"_blank\" class=\"full-box-link\"><\/a><\/div><\/div><div class=\"dfd-heading-shortcode\"><div class=\"dfd-heading-module-wrap  text-left style_01 dfd-heading-69f16811d562e dfd-enable-resposive-headings\" id=\"dfd-heading-69f16811d562e\" ><div class=\"inline-block\"><div class=\"dfd-heading-module\"><div class=\"widget-title dfd-title block-title\" style=\"font-size: 25px; font-family: MontserratBold; color: #000000 !important; line-height: 32px; letter-spacing: 0px; \">Produkte<\/div><\/div><\/div><\/div><script type=\"text\/javascript\">\r\n\t\t\t\t\t\t\t\t\t(function($) {\r\n\t\t\t\t\t\t\t\t\t\t$(\"head\").append(\"<style>.dfd-heading-69f16811d562e .dfd-heading-module .widget-title {margin-top:50px;margin-bottom:15px;}.dfd-heading-69f16811d562e.dfd-heading-module-wrap .dfd-heading-module .dfd-heading-delimiter {margin-top:10px;margin-bottom:10px;}<\/style>\");\r\n\t\t\t\t\t\t\t\t\t})(jQuery);\r\n\t\t\t\t\t\t\t\t<\/script><\/div><div id=\"idinfobox69f16811d57fa\" class=\"dfd-info-box clearfix style-01 layout-04  idinfobox69f16811d57fa cr-animate-gen\" data-animate-item=\".dfd-animate-container\" data-animate-type = \"transition.slideUpIn\" ><div class=\"dfd-animate-container\"><div class=\"icon-wrapper\"><div class=\"module-icon\" style=\"border-radius:px;font-size:65px;\"><div class=\"hover-layer\" ><\/div><img decoding=\"async\" src=\"https:\/\/solarchitecture.ch\/wp-content\/uploads\/2021\/06\/41b_thin-film-modules-130x130.jpg\" alt=\"Image icon\" style=\"width: 65px;opacity: 1;\" \/><\/div><\/div><div class=\"content-wrap ovh\"><div class=\"info-box-title feature-title\" style=\"font-size: 14px; font-family: MontserratBold; color: #000000 !important; line-height: 20px; \">Antec Solar GmbH<\/div><div class=\"info-box-subtitle subtitle\" style=\"font-size: 14px; font-family: MontserratRegular; color: #000000 !important; line-height: 20px; font-style:italic; \">Besuchen Sie die Seite<\/div><div class=\"description\" style=\"\"><\/div><\/div><a href=\"https:\/\/www.antec-solar.de\/home\/\"  target=\"_blank\" class=\"full-box-link\"><\/a><\/div><\/div><div class=\"dfd-spacer-module\"  data-units=\"px\" data-wide_resolution=\"1280\" data-wide_size=\"80\" data-normal_resolution=\"1024\" data-normal_size=\"80\" data-tablet_resolution=\"800\" data-tablet_size=\"80\" data-mobile_resolution=\"480\" data-mobile_size=\"80\" style=\"height: 80px;\"><\/div><div class=\"dfd-shar-module-cover\"><div class=\"dfd-new-share-module  text-left style-6 horizontal   \" ><div class=\"module module-entry-share\" id=\"dfd_share_69f16811d62e8\"><ul class=\"module-entry-share-links-list rrssb-buttons\" data-directory=\"https:\/\/solarchitecture.ch\/wp-content\/themes\/dfd-ronneby\"><li class=\"rrssb-facebook\"><a class=\"module-entry-share-link-facebook feature-title\" data-title=\"Solarchitecture\" data-url=\"https:\/\/solarchitecture.ch\" data-media=\"\" href=\"https:\/\/www.facebook.com\/sharer\/sharer.php?u=https:\/\/solarchitecture.ch\"  style=\"border-radius: 1px; font-size: 14px; \"><span class=\"dfd-share-icon\" style=\"width: 30px; height: 30px; line-height: 30px;\"><\/span><\/a><\/li><li class=\"rrssb-linkedin\"><a class=\"module-entry-share-link-linkedin feature-title\" data-title=\"Solarchitecture\" data-url=\"https:\/\/solarchitecture.ch\" data-media=\"\" href=\"http:\/\/www.linkedin.com\/shareArticle?mini=true&#038;url=https:\/\/solarchitecture.ch\"  style=\"border-radius: 1px; font-size: 14px; \"><span class=\"dfd-share-icon\" style=\"width: 30px; height: 30px; line-height: 30px;\"><\/span><\/a><\/li><li class=\"rrssb-pinterest\"><a class=\"module-entry-share-link-pinterest feature-title\" data-title=\"Solarchitecture\" data-url=\"https:\/\/solarchitecture.ch\" data-media=\"\" href=\"http:\/\/pinterest.com\/pin\/create\/button\/?url=https:\/\/solarchitecture.ch&#038;image_url=https:\/\/solarchitecture.ch\/wp-content\/uploads\/2021\/06\/prova.jpg\"  style=\"border-radius: 1px; font-size: 14px; \"><span class=\"dfd-share-icon\" style=\"width: 30px; height: 30px; line-height: 30px;\"><\/span><\/a><\/li><\/ul><\/div><\/div>\t\t\t<script type=\"text\/javascript\">\r\n\t\t\t\t(function ($) {\r\n\t\t\t\t\t\"use strict\";\r\n\t\t\t\t\t$(document).ready(function () {\r\n\t\t\t\t\t\tvar $share_container = $('#dfd_share_69f16811d62e8 .module-entry-share-links-list li');\r\n\t\t\t\t\t\tvar parent = $share_container.parent().parent().parent();\r\n\t\t\t\t\t\tif ($share_container.length > 0) {\r\n\t\t\t\t\t\t\tvar scrollbarWidth;\r\n\t\t\t\t\t\t\tvar div = document.createElement('div');\r\n\t\t\t\t\t\t\tdiv.style.overflowY = 'scroll';\r\n\t\t\t\t\t\t\tdiv.style.width = '50px';\r\n\t\t\t\t\t\t\tdiv.style.height = '50px';\r\n\t\t\t\t\t\t\tdiv.style.visibility = 'hidden';\r\n\t\t\t\t\t\t\tdocument.body.appendChild(div);\r\n\t\t\t\t\t\t\tscrollbarWidth = div.offsetWidth - div.clientWidth;\r\n\t\t\t\t\t\t\tdocument.body.removeChild(div);\r\n\t\t\t\t\t\t\tvar setShareWidth = function () {\r\n\t\t\t\t\t\t\t\tif (($(window).width() + scrollbarWidth) >= 800) {\r\n\t\t\t\t\t\t\t\t\tif (parent.hasClass(\"style-6\") || parent.hasClass(\"style-7\") || parent.hasClass(\"vertical\")) {\r\n\t\t\t\t\t\t\t\t\t\t$share_container.width('auto');\r\n\t\t\t\t\t\t\t\t\t} else {\r\n\t\t\t\t\t\t\t\t\t\t$share_container.dfdEqWidth();\r\n\t\t\t\t\t\t\t\t\t}\r\n\t\t\t\t\t\t\t\t} else {\r\n\t\t\t\t\t\t\t\t\tif (parent.hasClass(\"style-6\") || parent.hasClass(\"style-7\") || parent.hasClass(\"vertical\")) {\r\n\t\t\t\t\t\t\t\t\t\t$share_container.width('auto');\r\n\t\t\t\t\t\t\t\t\t} else {\r\n\t\t\t\t\t\t\t\t\t\t$share_container.width('100%');\r\n\t\t\t\t\t\t\t\t\t}\r\n\t\t\t\t\t\t\t\t}\r\n\t\t\t\t\t\t\t};\r\n\t\t\t\t\t\t\tsetShareWidth();\r\n\t\t\t\t\t\t\t$(window).resize(setShareWidth);\r\n\t\t\t\t\t\t}\r\n\t\t\t\t\t});\r\n\t\t\t\t\t\t\t\t\t$('head').append('<style type=\"text\/css\">.dfd-new-share-module.style-6 #dfd_share_69f16811d62e8 ul li a {border-style: solid;border-width: 1px;border-color: #000000;background: #ffffff;color: #000000;}<\/style>');\r\n\t\t\t\t\t\t\t})(jQuery);\r\n\t\t\t<\/script>\r\n\r\n\t\t\t<\/div>[\/vc_column][\/vc_row][vc_row][vc_column][vc_raw_html]PHNjcmlwdCB0eXBlPSJ0ZXh0L2phdmFzY3JpcHQiPg0KICAgIHdpbmRvdy5vbmxvYWQgPSBsb2FkOw0KICAgIGZ1bmN0aW9uIGxvYWQoKSB7DQogICAgICAgIHZhciBsb2dnZWRpbiA9IGRvY3VtZW50LmJvZHkuY2xhc3NMaXN0LmNvbnRhaW5zKCdsb2dnZWQtaW4nKTsNCiAgICAgICAgaWYgKGxvZ2dlZGluID09PSB0cnVlKSB7DQogICAgICAgICAgICB2YXIgeCA9IGRvY3VtZW50LmdldEVsZW1lbnRzQnlDbGFzc05hbWUoInBkZl9wcmludF9lcnJvciIpOw0KICAgICAgICAgICAgdmFyIHkgPSBkb2N1bWVudC5nZXRFbGVtZW50c0J5Q2xhc3NOYW1lKCJwZGZfbG9nZ2VkX2luIik7DQogICAgICAgICAgICBmb3IgKHZhciBpID0gMDsgaSA8IHgubGVuZ3RoOyBpKyspIHsNCiAgICAgICAgICAgICAgICB4W2ldLnN0eWxlLmRpc3BsYXkgPSAibm9uZSI7DQogICAgICAgICAgICAgICAgeVtpXS5zdHlsZS5kaXNwbGF5ID0gImlubGluZS1ibG9jayI7DQogICAgICAgICAgICB9DQogICAgICAgIH0gZWxzZSB7DQogICAgICAgICAgICB2YXIgeCA9IGRvY3VtZW50LmdldEVsZW1lbnRzQnlDbGFzc05hbWUoInBkZl9wcmludF9lcnJvciIpOw0KICAgICAgICAgICAgdmFyIHkgPSBkb2N1bWVudC5nZXRFbGVtZW50c0J5Q2xhc3NOYW1lKCJwZGZfbG9nZ2VkX2luIik7DQogICAgICAgICAgICBmb3IgKHZhciBpID0gMDsgaSA8IHgubGVuZ3RoOyBpKyspIHsNCiAgICAgICAgICAgICAgICB4W2ldLnN0eWxlLmRpc3BsYXkgPSAiaW5saW5lLWJsb2NrIjsNCiAgICAgICAgICAgICAgICB5W2ldLnN0eWxlLmRpc3BsYXkgPSAibm9uZSI7DQogICAgICAgICAgICB9DQogICAgICAgIH0NCiAgICB9DQo8L3NjcmlwdD4=[\/vc_raw_html][\/vc_column][\/vc_row]<\/p>\n<\/div>","protected":false},"excerpt":{"rendered":"<p>[vc_row][vc_column offset=&#8220;vc_hidden-lg vc_hidden-md vc_hidden-sm vc_hidden-xs&#8220;][vc_acf field_group=&#8220;30126&#8243; field_from_30126=&#8220;field_5c079de146ee1&#8243;][\/vc_column][\/vc_row][vc_row][vc_column][\/vc_column][\/vc_row][vc_row][vc_column width=&#8220;3\/4&#8243; dfd_column_responsive_enable=&#8220;dfd-column-responsive-enable&#8220; css=&#8220;.vc_custom_1548941680917{border-right-width: 1px !important;padding-right: 25px !important;padding-left: 25px !important;border-right-color: #000000 !important;border-right-style: solid !important;}&#8220; responsive_styles=&#8220;border_right_mobile:0&#8243;][vc_row_inner css=&#8220;.vc_custom_1548936964895{padding-top: 25px !important;padding-right: 25px !important;padding-bottom: 25px !important;padding-left: 25px !important;background-color:<\/p>\n","protected":false},"author":2021,"featured_media":44710,"comment_status":"closed","ping_status":"closed","sticky":false,"template":"","format":"standard","meta":{"_acf_changed":false,"inline_featured_image":false,"footnotes":""},"categories":[454],"tags":[],"class_list":["post-45251","post","type-post","status-publish","format-standard","has-post-thumbnail","hentry","category-details-de"],"acf":[],"yoast_head":"<!-- This site is optimized with the Yoast SEO plugin v26.7 - https:\/\/yoast.com\/wordpress\/plugins\/seo\/ -->\n<title>Details Die Mobiliar Renovation - Solarchitecture<\/title>\n<meta name=\"robots\" content=\"index, follow, max-snippet:-1, max-image-preview:large, max-video-preview:-1\" \/>\n<link rel=\"canonical\" href=\"https:\/\/solarchitecture.ch\/de\/details-die-mobiliar-renovation\/\" \/>\n<meta property=\"og:locale\" content=\"de_DE\" \/>\n<meta property=\"og:type\" content=\"article\" \/>\n<meta property=\"og:title\" content=\"Details Die Mobiliar Renovation - Solarchitecture\" \/>\n<meta property=\"og:description\" content=\"[vc_row][vc_column offset=&#8220;vc_hidden-lg vc_hidden-md vc_hidden-sm vc_hidden-xs&#8220;][vc_acf field_group=&#8220;30126&#8243; field_from_30126=&#8220;field_5c079de146ee1&#8243;][\/vc_column][\/vc_row][vc_row][vc_column][\/vc_column][\/vc_row][vc_row][vc_column width=&#8220;3\/4&#8243; dfd_column_responsive_enable=&#8220;dfd-column-responsive-enable&#8220; css=&#8220;.vc_custom_1548941680917{border-right-width: 1px !important;padding-right: 25px !important;padding-left: 25px !important;border-right-color: #000000 !important;border-right-style: solid !important;}&#8220; responsive_styles=&#8220;border_right_mobile:0&#8243;][vc_row_inner css=&#8220;.vc_custom_1548936964895{padding-top: 25px !important;padding-right: 25px !important;padding-bottom: 25px !important;padding-left: 25px !important;background-color:\" \/>\n<meta property=\"og:url\" content=\"https:\/\/solarchitecture.ch\/de\/details-die-mobiliar-renovation\/\" \/>\n<meta property=\"og:site_name\" content=\"Solarchitecture\" \/>\n<meta property=\"article:published_time\" content=\"2021-07-14T12:23:57+00:00\" \/>\n<meta property=\"article:modified_time\" content=\"2021-07-14T13:10:11+00:00\" \/>\n<meta property=\"og:image\" content=\"https:\/\/solarchitecture.ch\/wp-content\/uploads\/2021\/06\/prova.jpg\" \/>\n\t<meta property=\"og:image:width\" content=\"1472\" \/>\n\t<meta property=\"og:image:height\" content=\"826\" \/>\n\t<meta property=\"og:image:type\" content=\"image\/jpeg\" \/>\n<meta name=\"author\" content=\"Solar Architecture\" \/>\n<meta name=\"twitter:card\" content=\"summary_large_image\" \/>\n<meta name=\"twitter:label1\" content=\"Verfasst von\" \/>\n\t<meta name=\"twitter:data1\" content=\"Solar Architecture\" \/>\n\t<meta name=\"twitter:label2\" content=\"Gesch\u00e4tzte Lesezeit\" \/>\n\t<meta name=\"twitter:data2\" content=\"7\u00a0Minuten\" \/>\n<script type=\"application\/ld+json\" class=\"yoast-schema-graph\">{\"@context\":\"https:\/\/schema.org\",\"@graph\":[{\"@type\":\"Article\",\"@id\":\"https:\/\/solarchitecture.ch\/de\/details-die-mobiliar-renovation\/#article\",\"isPartOf\":{\"@id\":\"https:\/\/solarchitecture.ch\/de\/details-die-mobiliar-renovation\/\"},\"author\":{\"name\":\"Solar Architecture\",\"@id\":\"https:\/\/solarchitecture.ch\/de\/#\/schema\/person\/9574b0ccd534aeaa599ef02f64445744\"},\"headline\":\"Details Die Mobiliar Renovation\",\"datePublished\":\"2021-07-14T12:23:57+00:00\",\"dateModified\":\"2021-07-14T13:10:11+00:00\",\"mainEntityOfPage\":{\"@id\":\"https:\/\/solarchitecture.ch\/de\/details-die-mobiliar-renovation\/\"},\"wordCount\":1462,\"publisher\":{\"@id\":\"https:\/\/solarchitecture.ch\/de\/#organization\"},\"image\":{\"@id\":\"https:\/\/solarchitecture.ch\/de\/details-die-mobiliar-renovation\/#primaryimage\"},\"thumbnailUrl\":\"https:\/\/solarchitecture.ch\/wp-content\/uploads\/2021\/06\/prova.jpg\",\"articleSection\":[\"Details\"],\"inLanguage\":\"de\"},{\"@type\":\"WebPage\",\"@id\":\"https:\/\/solarchitecture.ch\/de\/details-die-mobiliar-renovation\/\",\"url\":\"https:\/\/solarchitecture.ch\/de\/details-die-mobiliar-renovation\/\",\"name\":\"Details Die Mobiliar Renovation - Solarchitecture\",\"isPartOf\":{\"@id\":\"https:\/\/solarchitecture.ch\/de\/#website\"},\"primaryImageOfPage\":{\"@id\":\"https:\/\/solarchitecture.ch\/de\/details-die-mobiliar-renovation\/#primaryimage\"},\"image\":{\"@id\":\"https:\/\/solarchitecture.ch\/de\/details-die-mobiliar-renovation\/#primaryimage\"},\"thumbnailUrl\":\"https:\/\/solarchitecture.ch\/wp-content\/uploads\/2021\/06\/prova.jpg\",\"datePublished\":\"2021-07-14T12:23:57+00:00\",\"dateModified\":\"2021-07-14T13:10:11+00:00\",\"breadcrumb\":{\"@id\":\"https:\/\/solarchitecture.ch\/de\/details-die-mobiliar-renovation\/#breadcrumb\"},\"inLanguage\":\"de\",\"potentialAction\":[{\"@type\":\"ReadAction\",\"target\":[\"https:\/\/solarchitecture.ch\/de\/details-die-mobiliar-renovation\/\"]}]},{\"@type\":\"ImageObject\",\"inLanguage\":\"de\",\"@id\":\"https:\/\/solarchitecture.ch\/de\/details-die-mobiliar-renovation\/#primaryimage\",\"url\":\"https:\/\/solarchitecture.ch\/wp-content\/uploads\/2021\/06\/prova.jpg\",\"contentUrl\":\"https:\/\/solarchitecture.ch\/wp-content\/uploads\/2021\/06\/prova.jpg\",\"width\":1472,\"height\":826},{\"@type\":\"BreadcrumbList\",\"@id\":\"https:\/\/solarchitecture.ch\/de\/details-die-mobiliar-renovation\/#breadcrumb\",\"itemListElement\":[{\"@type\":\"ListItem\",\"position\":1,\"name\":\"Home\",\"item\":\"https:\/\/solarchitecture.ch\/de\/\"},{\"@type\":\"ListItem\",\"position\":2,\"name\":\"Details Die Mobiliar Renovation\"}]},{\"@type\":\"WebSite\",\"@id\":\"https:\/\/solarchitecture.ch\/de\/#website\",\"url\":\"https:\/\/solarchitecture.ch\/de\/\",\"name\":\"Solarchitecture\",\"description\":\"Building solution\",\"publisher\":{\"@id\":\"https:\/\/solarchitecture.ch\/de\/#organization\"},\"potentialAction\":[{\"@type\":\"SearchAction\",\"target\":{\"@type\":\"EntryPoint\",\"urlTemplate\":\"https:\/\/solarchitecture.ch\/de\/?s={search_term_string}\"},\"query-input\":{\"@type\":\"PropertyValueSpecification\",\"valueRequired\":true,\"valueName\":\"search_term_string\"}}],\"inLanguage\":\"de\"},{\"@type\":\"Organization\",\"@id\":\"https:\/\/solarchitecture.ch\/de\/#organization\",\"name\":\"Solarchitecture\",\"url\":\"https:\/\/solarchitecture.ch\/de\/\",\"logo\":{\"@type\":\"ImageObject\",\"inLanguage\":\"de\",\"@id\":\"https:\/\/solarchitecture.ch\/de\/#\/schema\/logo\/image\/\",\"url\":\"https:\/\/solarchitecture.ch\/wp-content\/uploads\/2022\/07\/solarchitecture_logo.jpg\",\"contentUrl\":\"https:\/\/solarchitecture.ch\/wp-content\/uploads\/2022\/07\/solarchitecture_logo.jpg\",\"width\":312,\"height\":312,\"caption\":\"Solarchitecture\"},\"image\":{\"@id\":\"https:\/\/solarchitecture.ch\/de\/#\/schema\/logo\/image\/\"}},{\"@type\":\"Person\",\"@id\":\"https:\/\/solarchitecture.ch\/de\/#\/schema\/person\/9574b0ccd534aeaa599ef02f64445744\",\"name\":\"Solar Architecture\",\"image\":{\"@type\":\"ImageObject\",\"inLanguage\":\"de\",\"@id\":\"https:\/\/solarchitecture.ch\/de\/#\/schema\/person\/image\/\",\"url\":\"https:\/\/secure.gravatar.com\/avatar\/5248fcb2bab99263f8f157f166bf6916de4582d008a551554fe906e623e4fda0?s=96&d=mm&r=g\",\"contentUrl\":\"https:\/\/secure.gravatar.com\/avatar\/5248fcb2bab99263f8f157f166bf6916de4582d008a551554fe906e623e4fda0?s=96&d=mm&r=g\",\"caption\":\"Solar Architecture\"},\"url\":\"https:\/\/solarchitecture.ch\/de\/author\/solar\/\"}]}<\/script>\n<!-- \/ Yoast SEO plugin. -->","yoast_head_json":{"title":"Details Die Mobiliar Renovation - Solarchitecture","robots":{"index":"index","follow":"follow","max-snippet":"max-snippet:-1","max-image-preview":"max-image-preview:large","max-video-preview":"max-video-preview:-1"},"canonical":"https:\/\/solarchitecture.ch\/de\/details-die-mobiliar-renovation\/","og_locale":"de_DE","og_type":"article","og_title":"Details Die Mobiliar Renovation - Solarchitecture","og_description":"[vc_row][vc_column offset=&#8220;vc_hidden-lg vc_hidden-md vc_hidden-sm vc_hidden-xs&#8220;][vc_acf field_group=&#8220;30126&#8243; field_from_30126=&#8220;field_5c079de146ee1&#8243;][\/vc_column][\/vc_row][vc_row][vc_column][\/vc_column][\/vc_row][vc_row][vc_column width=&#8220;3\/4&#8243; dfd_column_responsive_enable=&#8220;dfd-column-responsive-enable&#8220; css=&#8220;.vc_custom_1548941680917{border-right-width: 1px !important;padding-right: 25px !important;padding-left: 25px !important;border-right-color: #000000 !important;border-right-style: solid !important;}&#8220; responsive_styles=&#8220;border_right_mobile:0&#8243;][vc_row_inner css=&#8220;.vc_custom_1548936964895{padding-top: 25px !important;padding-right: 25px !important;padding-bottom: 25px !important;padding-left: 25px !important;background-color:","og_url":"https:\/\/solarchitecture.ch\/de\/details-die-mobiliar-renovation\/","og_site_name":"Solarchitecture","article_published_time":"2021-07-14T12:23:57+00:00","article_modified_time":"2021-07-14T13:10:11+00:00","og_image":[{"width":1472,"height":826,"url":"https:\/\/solarchitecture.ch\/wp-content\/uploads\/2021\/06\/prova.jpg","type":"image\/jpeg"}],"author":"Solar Architecture","twitter_card":"summary_large_image","twitter_misc":{"Verfasst von":"Solar Architecture","Gesch\u00e4tzte Lesezeit":"7\u00a0Minuten"},"schema":{"@context":"https:\/\/schema.org","@graph":[{"@type":"Article","@id":"https:\/\/solarchitecture.ch\/de\/details-die-mobiliar-renovation\/#article","isPartOf":{"@id":"https:\/\/solarchitecture.ch\/de\/details-die-mobiliar-renovation\/"},"author":{"name":"Solar Architecture","@id":"https:\/\/solarchitecture.ch\/de\/#\/schema\/person\/9574b0ccd534aeaa599ef02f64445744"},"headline":"Details Die Mobiliar Renovation","datePublished":"2021-07-14T12:23:57+00:00","dateModified":"2021-07-14T13:10:11+00:00","mainEntityOfPage":{"@id":"https:\/\/solarchitecture.ch\/de\/details-die-mobiliar-renovation\/"},"wordCount":1462,"publisher":{"@id":"https:\/\/solarchitecture.ch\/de\/#organization"},"image":{"@id":"https:\/\/solarchitecture.ch\/de\/details-die-mobiliar-renovation\/#primaryimage"},"thumbnailUrl":"https:\/\/solarchitecture.ch\/wp-content\/uploads\/2021\/06\/prova.jpg","articleSection":["Details"],"inLanguage":"de"},{"@type":"WebPage","@id":"https:\/\/solarchitecture.ch\/de\/details-die-mobiliar-renovation\/","url":"https:\/\/solarchitecture.ch\/de\/details-die-mobiliar-renovation\/","name":"Details Die Mobiliar Renovation - Solarchitecture","isPartOf":{"@id":"https:\/\/solarchitecture.ch\/de\/#website"},"primaryImageOfPage":{"@id":"https:\/\/solarchitecture.ch\/de\/details-die-mobiliar-renovation\/#primaryimage"},"image":{"@id":"https:\/\/solarchitecture.ch\/de\/details-die-mobiliar-renovation\/#primaryimage"},"thumbnailUrl":"https:\/\/solarchitecture.ch\/wp-content\/uploads\/2021\/06\/prova.jpg","datePublished":"2021-07-14T12:23:57+00:00","dateModified":"2021-07-14T13:10:11+00:00","breadcrumb":{"@id":"https:\/\/solarchitecture.ch\/de\/details-die-mobiliar-renovation\/#breadcrumb"},"inLanguage":"de","potentialAction":[{"@type":"ReadAction","target":["https:\/\/solarchitecture.ch\/de\/details-die-mobiliar-renovation\/"]}]},{"@type":"ImageObject","inLanguage":"de","@id":"https:\/\/solarchitecture.ch\/de\/details-die-mobiliar-renovation\/#primaryimage","url":"https:\/\/solarchitecture.ch\/wp-content\/uploads\/2021\/06\/prova.jpg","contentUrl":"https:\/\/solarchitecture.ch\/wp-content\/uploads\/2021\/06\/prova.jpg","width":1472,"height":826},{"@type":"BreadcrumbList","@id":"https:\/\/solarchitecture.ch\/de\/details-die-mobiliar-renovation\/#breadcrumb","itemListElement":[{"@type":"ListItem","position":1,"name":"Home","item":"https:\/\/solarchitecture.ch\/de\/"},{"@type":"ListItem","position":2,"name":"Details Die Mobiliar Renovation"}]},{"@type":"WebSite","@id":"https:\/\/solarchitecture.ch\/de\/#website","url":"https:\/\/solarchitecture.ch\/de\/","name":"Solarchitecture","description":"Building solution","publisher":{"@id":"https:\/\/solarchitecture.ch\/de\/#organization"},"potentialAction":[{"@type":"SearchAction","target":{"@type":"EntryPoint","urlTemplate":"https:\/\/solarchitecture.ch\/de\/?s={search_term_string}"},"query-input":{"@type":"PropertyValueSpecification","valueRequired":true,"valueName":"search_term_string"}}],"inLanguage":"de"},{"@type":"Organization","@id":"https:\/\/solarchitecture.ch\/de\/#organization","name":"Solarchitecture","url":"https:\/\/solarchitecture.ch\/de\/","logo":{"@type":"ImageObject","inLanguage":"de","@id":"https:\/\/solarchitecture.ch\/de\/#\/schema\/logo\/image\/","url":"https:\/\/solarchitecture.ch\/wp-content\/uploads\/2022\/07\/solarchitecture_logo.jpg","contentUrl":"https:\/\/solarchitecture.ch\/wp-content\/uploads\/2022\/07\/solarchitecture_logo.jpg","width":312,"height":312,"caption":"Solarchitecture"},"image":{"@id":"https:\/\/solarchitecture.ch\/de\/#\/schema\/logo\/image\/"}},{"@type":"Person","@id":"https:\/\/solarchitecture.ch\/de\/#\/schema\/person\/9574b0ccd534aeaa599ef02f64445744","name":"Solar Architecture","image":{"@type":"ImageObject","inLanguage":"de","@id":"https:\/\/solarchitecture.ch\/de\/#\/schema\/person\/image\/","url":"https:\/\/secure.gravatar.com\/avatar\/5248fcb2bab99263f8f157f166bf6916de4582d008a551554fe906e623e4fda0?s=96&d=mm&r=g","contentUrl":"https:\/\/secure.gravatar.com\/avatar\/5248fcb2bab99263f8f157f166bf6916de4582d008a551554fe906e623e4fda0?s=96&d=mm&r=g","caption":"Solar Architecture"},"url":"https:\/\/solarchitecture.ch\/de\/author\/solar\/"}]}},"_links":{"self":[{"href":"https:\/\/solarchitecture.ch\/de\/wp-json\/wp\/v2\/posts\/45251","targetHints":{"allow":["GET"]}}],"collection":[{"href":"https:\/\/solarchitecture.ch\/de\/wp-json\/wp\/v2\/posts"}],"about":[{"href":"https:\/\/solarchitecture.ch\/de\/wp-json\/wp\/v2\/types\/post"}],"author":[{"embeddable":true,"href":"https:\/\/solarchitecture.ch\/de\/wp-json\/wp\/v2\/users\/2021"}],"replies":[{"embeddable":true,"href":"https:\/\/solarchitecture.ch\/de\/wp-json\/wp\/v2\/comments?post=45251"}],"version-history":[{"count":5,"href":"https:\/\/solarchitecture.ch\/de\/wp-json\/wp\/v2\/posts\/45251\/revisions"}],"predecessor-version":[{"id":45306,"href":"https:\/\/solarchitecture.ch\/de\/wp-json\/wp\/v2\/posts\/45251\/revisions\/45306"}],"wp:featuredmedia":[{"embeddable":true,"href":"https:\/\/solarchitecture.ch\/de\/wp-json\/wp\/v2\/media\/44710"}],"wp:attachment":[{"href":"https:\/\/solarchitecture.ch\/de\/wp-json\/wp\/v2\/media?parent=45251"}],"wp:term":[{"taxonomy":"category","embeddable":true,"href":"https:\/\/solarchitecture.ch\/de\/wp-json\/wp\/v2\/categories?post=45251"},{"taxonomy":"post_tag","embeddable":true,"href":"https:\/\/solarchitecture.ch\/de\/wp-json\/wp\/v2\/tags?post=45251"}],"curies":[{"name":"wp","href":"https:\/\/api.w.org\/{rel}","templated":true}]}}