{"id":38679,"date":"2020-05-06T15:12:39","date_gmt":"2020-05-06T13:12:39","guid":{"rendered":"https:\/\/solarchitecture.ch\/ewz-baut-erste-hochalpine-solar-grossanlage\/"},"modified":"2022-09-02T11:25:00","modified_gmt":"2022-09-02T09:25:00","slug":"ewz-baut-erste-hochalpine-solar-grossanlage","status":"publish","type":"post","link":"https:\/\/solarchitecture.ch\/de\/ewz-baut-erste-hochalpine-solar-grossanlage\/","title":{"rendered":"ewz baut erste hochalpine Solar-Grossanlage"},"content":{"rendered":"<div class=\"wpb-content-wrapper\"><p>[vc_row][vc_column offset=&#8220;vc_hidden-lg vc_hidden-md vc_hidden-sm vc_hidden-xs&#8220;][vc_acf field_group=&#8220;30126&#8243; field_from_30126=&#8220;field_5c079de146ee1&#8243;][\/vc_column][\/vc_row][vc_row][vc_column]<div class=\"dfd-spacer-module\"  data-units=\"px\" data-wide_resolution=\"1280\" data-wide_size=\"100\" data-normal_resolution=\"1024\" data-normal_size=\"100\" data-tablet_resolution=\"800\" data-tablet_size=\"50\" data-mobile_resolution=\"480\" data-mobile_size=\"50\" style=\"height: 100px;\"><\/div>[\/vc_column][\/vc_row][vc_row][vc_column width=&#8220;3\/4&#8243; dfd_column_responsive_enable=&#8220;dfd-column-responsive-enable&#8220; css=&#8220;.vc_custom_1548941680917{border-right-width: 1px !important;padding-right: 25px !important;padding-left: 25px !important;border-right-color: #000000 !important;border-right-style: solid !important;}&#8220; responsive_styles=&#8220;border_right_mobile:0&#8243;]<div class=\"dfd-heading-shortcode\"><div class=\"dfd-heading-module-wrap  text-left style_01 cr-animate-gen dfd-heading-69f24c9e84ba1 dfd-enable-resposive-headings\" id=\"dfd-heading-69f24c9e84ba1\" data-animate-type = \"transition.slideLeftIn\" ><div class=\"inline-block\"><div class=\"dfd-heading-module\"><div class=\"widget-title dfd-title block-title\" style=\"font-family:Montserrat; font-weight:700; font-style:normal; font-size: 35px; color: #000000 !important; line-height: 45px; letter-spacing: 0px; \"><strong>ewz baut erste hochalpine Solar-Grossanlage<\/strong><\/div><\/div><\/div><\/div><script type=\"text\/javascript\">\r\n\t\t\t\t\t\t\t\t\t(function($) {\r\n\t\t\t\t\t\t\t\t\t\t$(\"head\").append(\"<style>.dfd-heading-69f24c9e84ba1.dfd-heading-module-wrap .dfd-heading-module .dfd-heading-delimiter {margin-top:10px;margin-bottom:10px;}@media (max-width: 1279px) and (min-width: 1024px){.dfd-heading-69f24c9e84ba1 .dfd-title{font-size: 40px !important;letter-spacing: 0px !important;line-height: 45px !important;}}@media (max-width: 1023px) and (min-width: 800px){.dfd-heading-69f24c9e84ba1 .dfd-title{font-size: 35px !important;letter-spacing: 0px !important;line-height: 40px !important;}}@media (max-width: 799px){.dfd-heading-69f24c9e84ba1 .dfd-title{font-size: 30px !important;letter-spacing: 0px !important;line-height: 35px !important;}}<\/style>\");\r\n\t\t\t\t\t\t\t\t\t})(jQuery);\r\n\t\t\t\t\t\t\t\t<\/script><\/div>[vc_column_text css=&#8220;.vc_custom_1588769679195{padding-bottom: 30px !important;}&#8220;]Mai 05.2020[\/vc_column_text][vc_single_image image=&#8220;38525&#8243; img_size=&#8220;full&#8220; img_link_target=&#8220;_blank&#8220; onclick=&#8220;custom_link&#8220;][vc_column_text css=&#8220;.vc_custom_1594463998035{padding-top: 10px !important;padding-bottom: 10px !important;}&#8220;]<\/p>\n<h3 style=\"text-align: left;\">Die \u00fcber 1&#8217;200 PV-Module werden auf der S\u00fcdseite der 600 Meter langen ewz-Staumauer Albigna montiert. (Bildmontage: ewz)<\/h3>\n<p>[\/vc_column_text][vc_column_text css=&#8220;.vc_custom_1594464130426{padding-top: 25px !important;}&#8220;]<em>Mit \u00fcber 1&#8217;200 Photovoltaik (PV)-Modulen realisiert ewz auf der Staumauer Albigna im Bergell die erste PV-Anlage im hochalpinen Gebiet auf rund 2&#8217;100 Metern \u00fcber Meer. Im Mai 2018 wurde mit einigen wenigen PV-Panels ein Pilotprojekt gestartet. Die Resultate waren positiv und die Produktion h\u00f6her als erwartet. Nun wird die Staumauer auf der nach S\u00fcden ausgerichteten Wasserseite mit PV-Modulen ausgestattet. Mit diesem Projekt leistet ewz aktiv einen Beitrag zur Energiewende und zum Umwelt- und Klimaschutz.<\/em><\/p>\n<p>&nbsp;<\/p>\n<p>Mit den \u00fcber 1200 PV-Modulen mit einer Gesamtleistung von 410 Kilowatt Peak (kWp) k\u00f6nnen pro Jahr rund 500 Megawattstunden Naturstrom produziert werden. Dies entspricht dem j\u00e4hrlichen Strombedarf von ca. 210 Stadtz\u00fcrcher Haushalten*. Im Vergleich zu Anlagen im Mittelland erm\u00f6glichen hochalpine PV-Anlagen bessere Ertragswerte. Grund daf\u00fcr sind die intensivere Sonneneinstrahlung in diesen H\u00f6henlagen sowie die reflektierende Schneedecke. Des Weiteren steigt die Effizienz von PV-Anlagen mit sinkenden Aussen- und somit Modultemperaturen. Rund die H\u00e4lfte der Stromproduktion der PV-Anlage wird im Winter anfallen. Die Anlage tr\u00e4gt somit zur Versorgungssicherheit im Winter bei.<\/p>\n<p>&nbsp;<\/p>\n<p><strong>Baustart im Sommer<\/strong><\/p>\n<p>\u00abIch bin sehr stolz, dass die Idee und die Realisierung der Pilotanlage von unseren Bergeller Mitarbeitenden kam. Dieses Projekt zeigt einmal mehr die Innovationskraft von ewz und leistet aktiv einen Beitrag zum Umwelt- und Klimaschutz\u00bb, sagt ewz-Direktor ad interim Benedikt Loepfe. Am 07. April 2020 bewilligte die B\u00fcndner Gemeinde Bregaglia die Solar-Anlage. Baustart ist im Juli 2020 geplant.<\/p>\n<p>&nbsp;<\/p>\n<p><strong>Synergien nutzen<\/strong><\/p>\n<p>Beim Bau und Betrieb der Anlage k\u00f6nnen verschiedene Synergien genutzt werden. Der Netzanschluss bei der Staumauer Albigna ist bereits vorhanden. Die Installationsarbeiten werden gr\u00f6sstenteils durch ewz-Mitarbeitende aus dem Bergell ausgef\u00fchrt, die schon das Pilotprojekt initiiert haben. Die ganzj\u00e4hrige Verf\u00fcgbarkeit von eigenem Personal vereinfacht zudem allf\u00e4llige Wartungsarbeiten.<\/p>\n<p>&nbsp;<\/p>\n<h3>*Durchschnittlicher Jahresverbrauch aller Z\u00fcrcher Haushalte: Rund 2&#8217;400 Kilowattstunden pro Jahr.<\/h3>\n<p>[\/vc_column_text]<div class=\"dfd-spacer-module\"  data-units=\"px\" data-wide_resolution=\"1280\" data-wide_size=\"80\" data-normal_resolution=\"1024\" data-normal_size=\"80\" data-tablet_resolution=\"800\" data-tablet_size=\"80\" data-mobile_resolution=\"480\" data-mobile_size=\"60\" style=\"height: 80px;\"><\/div>[\/vc_column][vc_column width=&#8220;1\/4&#8243; dfd_column_responsive_enable=&#8220;dfd-column-responsive-enable&#8220; css=&#8220;.vc_custom_1548941751542{padding-right: 25px !important;padding-left: 25px !important;}&#8220; responsive_styles=&#8220;padding_top_mobile:80&#8243;]<div class=\"dfd-heading-shortcode\"><div class=\"dfd-heading-module-wrap  text-left style_01 dfd-heading-69f24c9e84d76 dfd-enable-resposive-headings\" id=\"dfd-heading-69f24c9e84d76\" ><div class=\"inline-block\"><div class=\"dfd-heading-module\"><div class=\"widget-title dfd-title block-title\" style=\"font-size: 25px; font-family: MontserratBold; color: #000000 !important; line-height: 32px; letter-spacing: 0px; \">Siehe auch<\/div><\/div><\/div><\/div><script type=\"text\/javascript\">\r\n\t\t\t\t\t\t\t\t\t(function($) {\r\n\t\t\t\t\t\t\t\t\t\t$(\"head\").append(\"<style>.dfd-heading-69f24c9e84d76 .dfd-heading-module .widget-title {margin-bottom:15px;}.dfd-heading-69f24c9e84d76.dfd-heading-module-wrap .dfd-heading-module .dfd-heading-delimiter {margin-top:10px;margin-bottom:10px;}<\/style>\");\r\n\t\t\t\t\t\t\t\t\t})(jQuery);\r\n\t\t\t\t\t\t\t\t<\/script><\/div>[vc_row_inner][vc_column_inner css=&#8220;.vc_custom_1583843692171{padding-top: 25px !important;}&#8220; col_inner_shadow=&#8220;box_shadow_enable:disable|shadow_horizontal:0|shadow_vertical:15|shadow_blur:50|shadow_spread:0|box_shadow_color:rgba(0%2C0%2C0%2C0.35)&#8220; col_inner_shadow_hover=&#8220;box_shadow_enable:disable|shadow_horizontal:0|shadow_vertical:15|shadow_blur:50|shadow_spread:0|box_shadow_color:rgba(0%2C0%2C0%2C0.35)&#8220;]<div id=\"idinfobox69f24c9e84e7c\" class=\"dfd-info-box clearfix style-01 layout-04  idinfobox69f24c9e84e7c cr-animate-gen\" data-animate-item=\".dfd-animate-container\" data-animate-type = \"transition.slideUpIn\" ><div class=\"dfd-animate-container\"><div class=\"icon-wrapper\"><div class=\"module-icon\" style=\"border-radius:px;font-size:65px;\"><div class=\"hover-layer\" ><\/div><img decoding=\"async\" src=\"https:\/\/solarchitecture.ch\/wp-content\/uploads\/2020\/05\/ewz-logo-130x130.jpg\" alt=\"Image icon\" style=\"width: 65px;opacity: 1;\" \/><\/div><\/div><div class=\"content-wrap ovh\"><div class=\"info-box-title feature-title\" style=\"font-size: 14px; font-family: MontserratBold; color: #000000 !important; line-height: 20px; \">ewz website<\/div><div class=\"info-box-subtitle subtitle\" style=\"font-size: 14px; font-family: MontserratRegular; color: #000000 !important; line-height: 20px; font-style:italic; \">Besuchen Sie die Seite<\/div><div class=\"description\" style=\"\"><\/div><\/div><a href=\"https:\/\/www.ewz.ch\/de\/ueber-ewz\/newsroom\/medienmittteilungen\/Erste_Solar-Anlage_auf_2100_Metern.html\"  target=\"_blank\" class=\"full-box-link\"><\/a><\/div><\/div>[\/vc_column_inner][\/vc_row_inner][vc_row_inner][vc_column_inner css=&#8220;.vc_custom_1583843698459{padding-top: 25px !important;}&#8220; col_inner_shadow=&#8220;box_shadow_enable:disable|shadow_horizontal:0|shadow_vertical:15|shadow_blur:50|shadow_spread:0|box_shadow_color:rgba(0%2C0%2C0%2C0.35)&#8220; col_inner_shadow_hover=&#8220;box_shadow_enable:disable|shadow_horizontal:0|shadow_vertical:15|shadow_blur:50|shadow_spread:0|box_shadow_color:rgba(0%2C0%2C0%2C0.35)&#8220;][\/vc_column_inner][\/vc_row_inner]<div class=\"dfd-spacer-module\"  data-units=\"px\" data-wide_resolution=\"1280\" data-wide_size=\"80\" data-normal_resolution=\"1024\" data-normal_size=\"80\" data-tablet_resolution=\"800\" data-tablet_size=\"80\" data-mobile_resolution=\"480\" data-mobile_size=\"80\" style=\"height: 80px;\"><\/div><div class=\"dfd-shar-module-cover\"><div class=\"dfd-new-share-module  text-left style-6 horizontal   \" ><div class=\"module module-entry-share\" id=\"dfd_share_69f24c9e8556c\"><ul class=\"module-entry-share-links-list rrssb-buttons\" data-directory=\"https:\/\/solarchitecture.ch\/wp-content\/themes\/dfd-ronneby\"><li class=\"rrssb-facebook\"><a class=\"module-entry-share-link-facebook feature-title\" data-title=\"Solarchitecture\" data-url=\"https:\/\/solarchitecture.ch\" data-media=\"\" href=\"https:\/\/www.facebook.com\/sharer\/sharer.php?u=https:\/\/solarchitecture.ch\"  style=\"border-radius: 1px; font-size: 14px; \"><span class=\"dfd-share-icon\" style=\"width: 30px; height: 30px; line-height: 30px;\"><\/span><\/a><\/li><li class=\"rrssb-linkedin\"><a class=\"module-entry-share-link-linkedin feature-title\" data-title=\"Solarchitecture\" data-url=\"https:\/\/solarchitecture.ch\" data-media=\"\" href=\"http:\/\/www.linkedin.com\/shareArticle?mini=true&#038;url=https:\/\/solarchitecture.ch\"  style=\"border-radius: 1px; font-size: 14px; \"><span class=\"dfd-share-icon\" style=\"width: 30px; height: 30px; line-height: 30px;\"><\/span><\/a><\/li><li class=\"rrssb-pinterest\"><a class=\"module-entry-share-link-pinterest feature-title\" data-title=\"Solarchitecture\" data-url=\"https:\/\/solarchitecture.ch\" data-media=\"\" href=\"http:\/\/pinterest.com\/pin\/create\/button\/?url=https:\/\/solarchitecture.ch&#038;image_url=https:\/\/solarchitecture.ch\/wp-content\/uploads\/2020\/05\/main-picture_EWZ.png\"  style=\"border-radius: 1px; font-size: 14px; \"><span class=\"dfd-share-icon\" style=\"width: 30px; height: 30px; line-height: 30px;\"><\/span><\/a><\/li><\/ul><\/div><\/div>\t\t\t<script type=\"text\/javascript\">\r\n\t\t\t\t(function ($) {\r\n\t\t\t\t\t\"use strict\";\r\n\t\t\t\t\t$(document).ready(function () {\r\n\t\t\t\t\t\tvar $share_container = $('#dfd_share_69f24c9e8556c .module-entry-share-links-list li');\r\n\t\t\t\t\t\tvar parent = $share_container.parent().parent().parent();\r\n\t\t\t\t\t\tif ($share_container.length > 0) {\r\n\t\t\t\t\t\t\tvar scrollbarWidth;\r\n\t\t\t\t\t\t\tvar div = document.createElement('div');\r\n\t\t\t\t\t\t\tdiv.style.overflowY = 'scroll';\r\n\t\t\t\t\t\t\tdiv.style.width = '50px';\r\n\t\t\t\t\t\t\tdiv.style.height = '50px';\r\n\t\t\t\t\t\t\tdiv.style.visibility = 'hidden';\r\n\t\t\t\t\t\t\tdocument.body.appendChild(div);\r\n\t\t\t\t\t\t\tscrollbarWidth = div.offsetWidth - div.clientWidth;\r\n\t\t\t\t\t\t\tdocument.body.removeChild(div);\r\n\t\t\t\t\t\t\tvar setShareWidth = function () {\r\n\t\t\t\t\t\t\t\tif (($(window).width() + scrollbarWidth) >= 800) {\r\n\t\t\t\t\t\t\t\t\tif (parent.hasClass(\"style-6\") || parent.hasClass(\"style-7\") || parent.hasClass(\"vertical\")) {\r\n\t\t\t\t\t\t\t\t\t\t$share_container.width('auto');\r\n\t\t\t\t\t\t\t\t\t} else {\r\n\t\t\t\t\t\t\t\t\t\t$share_container.dfdEqWidth();\r\n\t\t\t\t\t\t\t\t\t}\r\n\t\t\t\t\t\t\t\t} else {\r\n\t\t\t\t\t\t\t\t\tif (parent.hasClass(\"style-6\") || parent.hasClass(\"style-7\") || parent.hasClass(\"vertical\")) {\r\n\t\t\t\t\t\t\t\t\t\t$share_container.width('auto');\r\n\t\t\t\t\t\t\t\t\t} else {\r\n\t\t\t\t\t\t\t\t\t\t$share_container.width('100%');\r\n\t\t\t\t\t\t\t\t\t}\r\n\t\t\t\t\t\t\t\t}\r\n\t\t\t\t\t\t\t};\r\n\t\t\t\t\t\t\tsetShareWidth();\r\n\t\t\t\t\t\t\t$(window).resize(setShareWidth);\r\n\t\t\t\t\t\t}\r\n\t\t\t\t\t});\r\n\t\t\t\t\t\t\t\t\t$('head').append('<style type=\"text\/css\">.dfd-new-share-module.style-6 #dfd_share_69f24c9e8556c ul li a {border-style: solid;border-width: 1px;border-color: #000000;background: #ffffff;color: #000000;}<\/style>');\r\n\t\t\t\t\t\t\t})(jQuery);\r\n\t\t\t<\/script>\r\n\r\n\t\t\t<\/div>[\/vc_column][\/vc_row][vc_row][vc_column]<div class=\"dfd-spacer-module\"  data-units=\"px\" data-wide_resolution=\"1280\" data-wide_size=\"100\" data-normal_resolution=\"1024\" data-normal_size=\"100\" data-tablet_resolution=\"800\" data-tablet_size=\"100\" data-mobile_resolution=\"480\" data-mobile_size=\"100\" style=\"height: 100px;\"><\/div>[\/vc_column][\/vc_row]<\/p>\n<\/div>","protected":false},"excerpt":{"rendered":"<p>[vc_row][vc_column offset=&#8220;vc_hidden-lg vc_hidden-md vc_hidden-sm vc_hidden-xs&#8220;][vc_acf field_group=&#8220;30126&#8243; field_from_30126=&#8220;field_5c079de146ee1&#8243;][\/vc_column][\/vc_row][vc_row][vc_column][\/vc_column][\/vc_row][vc_row][vc_column width=&#8220;3\/4&#8243; dfd_column_responsive_enable=&#8220;dfd-column-responsive-enable&#8220; css=&#8220;.vc_custom_1548941680917{border-right-width: 1px !important;padding-right: 25px !important;padding-left: 25px !important;border-right-color: #000000 !important;border-right-style: solid !important;}&#8220; responsive_styles=&#8220;border_right_mobile:0&#8243;][vc_column_text css=&#8220;.vc_custom_1588769679195{padding-bottom: 30px !important;}&#8220;]Mai 05.2020[\/vc_column_text][vc_single_image image=&#8220;38525&#8243; img_size=&#8220;full&#8220; img_link_target=&#8220;_blank&#8220; onclick=&#8220;custom_link&#8220;][vc_column_text css=&#8220;.vc_custom_1594463998035{padding-top:<\/p>\n","protected":false},"author":2021,"featured_media":38525,"comment_status":"closed","ping_status":"closed","sticky":false,"template":"","format":"standard","meta":{"_acf_changed":false,"inline_featured_image":false,"footnotes":""},"categories":[457,1],"tags":[],"class_list":["post-38679","post","type-post","status-publish","format-standard","has-post-thumbnail","hentry","category-news-de","category-uncategorized"],"acf":[],"yoast_head":"<!-- This site is optimized with the Yoast SEO plugin v26.7 - https:\/\/yoast.com\/wordpress\/plugins\/seo\/ -->\n<title>ewz baut erste hochalpine Solar-Grossanlage - Solarchitecture<\/title>\n<meta name=\"robots\" content=\"index, follow, max-snippet:-1, max-image-preview:large, max-video-preview:-1\" \/>\n<link rel=\"canonical\" href=\"https:\/\/solarchitecture.ch\/de\/ewz-baut-erste-hochalpine-solar-grossanlage\/\" \/>\n<meta property=\"og:locale\" content=\"de_DE\" \/>\n<meta property=\"og:type\" content=\"article\" \/>\n<meta property=\"og:title\" content=\"ewz baut erste hochalpine Solar-Grossanlage - Solarchitecture\" \/>\n<meta property=\"og:description\" content=\"[vc_row][vc_column offset=&#8220;vc_hidden-lg vc_hidden-md vc_hidden-sm vc_hidden-xs&#8220;][vc_acf field_group=&#8220;30126&#8243; field_from_30126=&#8220;field_5c079de146ee1&#8243;][\/vc_column][\/vc_row][vc_row][vc_column][\/vc_column][\/vc_row][vc_row][vc_column width=&#8220;3\/4&#8243; dfd_column_responsive_enable=&#8220;dfd-column-responsive-enable&#8220; css=&#8220;.vc_custom_1548941680917{border-right-width: 1px !important;padding-right: 25px !important;padding-left: 25px !important;border-right-color: #000000 !important;border-right-style: solid !important;}&#8220; responsive_styles=&#8220;border_right_mobile:0&#8243;][vc_column_text css=&#8220;.vc_custom_1588769679195{padding-bottom: 30px !important;}&#8220;]Mai 05.2020[\/vc_column_text][vc_single_image image=&#8220;38525&#8243; img_size=&#8220;full&#8220; img_link_target=&#8220;_blank&#8220; onclick=&#8220;custom_link&#8220;][vc_column_text css=&#8220;.vc_custom_1594463998035{padding-top:\" \/>\n<meta property=\"og:url\" content=\"https:\/\/solarchitecture.ch\/de\/ewz-baut-erste-hochalpine-solar-grossanlage\/\" \/>\n<meta property=\"og:site_name\" content=\"Solarchitecture\" \/>\n<meta property=\"article:published_time\" content=\"2020-05-06T13:12:39+00:00\" \/>\n<meta property=\"article:modified_time\" content=\"2022-09-02T09:25:00+00:00\" \/>\n<meta property=\"og:image\" content=\"https:\/\/solarchitecture.ch\/wp-content\/uploads\/2020\/05\/main-picture_EWZ.png\" \/>\n\t<meta property=\"og:image:width\" content=\"597\" \/>\n\t<meta property=\"og:image:height\" content=\"398\" \/>\n\t<meta property=\"og:image:type\" content=\"image\/png\" \/>\n<meta name=\"author\" content=\"Solar Architecture\" \/>\n<meta name=\"twitter:card\" content=\"summary_large_image\" \/>\n<meta name=\"twitter:label1\" content=\"Verfasst von\" \/>\n\t<meta name=\"twitter:data1\" content=\"Solar Architecture\" \/>\n\t<meta name=\"twitter:label2\" content=\"Gesch\u00e4tzte Lesezeit\" \/>\n\t<meta name=\"twitter:data2\" content=\"5\u00a0Minuten\" \/>\n<script type=\"application\/ld+json\" class=\"yoast-schema-graph\">{\"@context\":\"https:\/\/schema.org\",\"@graph\":[{\"@type\":\"Article\",\"@id\":\"https:\/\/solarchitecture.ch\/de\/ewz-baut-erste-hochalpine-solar-grossanlage\/#article\",\"isPartOf\":{\"@id\":\"https:\/\/solarchitecture.ch\/de\/ewz-baut-erste-hochalpine-solar-grossanlage\/\"},\"author\":{\"name\":\"Solar Architecture\",\"@id\":\"https:\/\/solarchitecture.ch\/de\/#\/schema\/person\/9574b0ccd534aeaa599ef02f64445744\"},\"headline\":\"ewz baut erste hochalpine Solar-Grossanlage\",\"datePublished\":\"2020-05-06T13:12:39+00:00\",\"dateModified\":\"2022-09-02T09:25:00+00:00\",\"mainEntityOfPage\":{\"@id\":\"https:\/\/solarchitecture.ch\/de\/ewz-baut-erste-hochalpine-solar-grossanlage\/\"},\"wordCount\":973,\"publisher\":{\"@id\":\"https:\/\/solarchitecture.ch\/de\/#organization\"},\"image\":{\"@id\":\"https:\/\/solarchitecture.ch\/de\/ewz-baut-erste-hochalpine-solar-grossanlage\/#primaryimage\"},\"thumbnailUrl\":\"https:\/\/solarchitecture.ch\/wp-content\/uploads\/2020\/05\/main-picture_EWZ.png\",\"articleSection\":[\"News\",\"Uncategorized\"],\"inLanguage\":\"de\"},{\"@type\":\"WebPage\",\"@id\":\"https:\/\/solarchitecture.ch\/de\/ewz-baut-erste-hochalpine-solar-grossanlage\/\",\"url\":\"https:\/\/solarchitecture.ch\/de\/ewz-baut-erste-hochalpine-solar-grossanlage\/\",\"name\":\"ewz baut erste hochalpine Solar-Grossanlage - Solarchitecture\",\"isPartOf\":{\"@id\":\"https:\/\/solarchitecture.ch\/de\/#website\"},\"primaryImageOfPage\":{\"@id\":\"https:\/\/solarchitecture.ch\/de\/ewz-baut-erste-hochalpine-solar-grossanlage\/#primaryimage\"},\"image\":{\"@id\":\"https:\/\/solarchitecture.ch\/de\/ewz-baut-erste-hochalpine-solar-grossanlage\/#primaryimage\"},\"thumbnailUrl\":\"https:\/\/solarchitecture.ch\/wp-content\/uploads\/2020\/05\/main-picture_EWZ.png\",\"datePublished\":\"2020-05-06T13:12:39+00:00\",\"dateModified\":\"2022-09-02T09:25:00+00:00\",\"breadcrumb\":{\"@id\":\"https:\/\/solarchitecture.ch\/de\/ewz-baut-erste-hochalpine-solar-grossanlage\/#breadcrumb\"},\"inLanguage\":\"de\",\"potentialAction\":[{\"@type\":\"ReadAction\",\"target\":[\"https:\/\/solarchitecture.ch\/de\/ewz-baut-erste-hochalpine-solar-grossanlage\/\"]}]},{\"@type\":\"ImageObject\",\"inLanguage\":\"de\",\"@id\":\"https:\/\/solarchitecture.ch\/de\/ewz-baut-erste-hochalpine-solar-grossanlage\/#primaryimage\",\"url\":\"https:\/\/solarchitecture.ch\/wp-content\/uploads\/2020\/05\/main-picture_EWZ.png\",\"contentUrl\":\"https:\/\/solarchitecture.ch\/wp-content\/uploads\/2020\/05\/main-picture_EWZ.png\",\"width\":597,\"height\":398},{\"@type\":\"BreadcrumbList\",\"@id\":\"https:\/\/solarchitecture.ch\/de\/ewz-baut-erste-hochalpine-solar-grossanlage\/#breadcrumb\",\"itemListElement\":[{\"@type\":\"ListItem\",\"position\":1,\"name\":\"Home\",\"item\":\"https:\/\/solarchitecture.ch\/de\/\"},{\"@type\":\"ListItem\",\"position\":2,\"name\":\"ewz baut erste hochalpine Solar-Grossanlage\"}]},{\"@type\":\"WebSite\",\"@id\":\"https:\/\/solarchitecture.ch\/de\/#website\",\"url\":\"https:\/\/solarchitecture.ch\/de\/\",\"name\":\"Solarchitecture\",\"description\":\"Building solution\",\"publisher\":{\"@id\":\"https:\/\/solarchitecture.ch\/de\/#organization\"},\"potentialAction\":[{\"@type\":\"SearchAction\",\"target\":{\"@type\":\"EntryPoint\",\"urlTemplate\":\"https:\/\/solarchitecture.ch\/de\/?s={search_term_string}\"},\"query-input\":{\"@type\":\"PropertyValueSpecification\",\"valueRequired\":true,\"valueName\":\"search_term_string\"}}],\"inLanguage\":\"de\"},{\"@type\":\"Organization\",\"@id\":\"https:\/\/solarchitecture.ch\/de\/#organization\",\"name\":\"Solarchitecture\",\"url\":\"https:\/\/solarchitecture.ch\/de\/\",\"logo\":{\"@type\":\"ImageObject\",\"inLanguage\":\"de\",\"@id\":\"https:\/\/solarchitecture.ch\/de\/#\/schema\/logo\/image\/\",\"url\":\"https:\/\/solarchitecture.ch\/wp-content\/uploads\/2022\/07\/solarchitecture_logo.jpg\",\"contentUrl\":\"https:\/\/solarchitecture.ch\/wp-content\/uploads\/2022\/07\/solarchitecture_logo.jpg\",\"width\":312,\"height\":312,\"caption\":\"Solarchitecture\"},\"image\":{\"@id\":\"https:\/\/solarchitecture.ch\/de\/#\/schema\/logo\/image\/\"}},{\"@type\":\"Person\",\"@id\":\"https:\/\/solarchitecture.ch\/de\/#\/schema\/person\/9574b0ccd534aeaa599ef02f64445744\",\"name\":\"Solar Architecture\",\"image\":{\"@type\":\"ImageObject\",\"inLanguage\":\"de\",\"@id\":\"https:\/\/solarchitecture.ch\/de\/#\/schema\/person\/image\/\",\"url\":\"https:\/\/secure.gravatar.com\/avatar\/5248fcb2bab99263f8f157f166bf6916de4582d008a551554fe906e623e4fda0?s=96&d=mm&r=g\",\"contentUrl\":\"https:\/\/secure.gravatar.com\/avatar\/5248fcb2bab99263f8f157f166bf6916de4582d008a551554fe906e623e4fda0?s=96&d=mm&r=g\",\"caption\":\"Solar Architecture\"},\"url\":\"https:\/\/solarchitecture.ch\/de\/author\/solar\/\"}]}<\/script>\n<!-- \/ Yoast SEO plugin. -->","yoast_head_json":{"title":"ewz baut erste hochalpine Solar-Grossanlage - Solarchitecture","robots":{"index":"index","follow":"follow","max-snippet":"max-snippet:-1","max-image-preview":"max-image-preview:large","max-video-preview":"max-video-preview:-1"},"canonical":"https:\/\/solarchitecture.ch\/de\/ewz-baut-erste-hochalpine-solar-grossanlage\/","og_locale":"de_DE","og_type":"article","og_title":"ewz baut erste hochalpine Solar-Grossanlage - Solarchitecture","og_description":"[vc_row][vc_column offset=&#8220;vc_hidden-lg vc_hidden-md vc_hidden-sm vc_hidden-xs&#8220;][vc_acf field_group=&#8220;30126&#8243; field_from_30126=&#8220;field_5c079de146ee1&#8243;][\/vc_column][\/vc_row][vc_row][vc_column][\/vc_column][\/vc_row][vc_row][vc_column width=&#8220;3\/4&#8243; dfd_column_responsive_enable=&#8220;dfd-column-responsive-enable&#8220; css=&#8220;.vc_custom_1548941680917{border-right-width: 1px !important;padding-right: 25px !important;padding-left: 25px !important;border-right-color: #000000 !important;border-right-style: solid !important;}&#8220; responsive_styles=&#8220;border_right_mobile:0&#8243;][vc_column_text css=&#8220;.vc_custom_1588769679195{padding-bottom: 30px !important;}&#8220;]Mai 05.2020[\/vc_column_text][vc_single_image image=&#8220;38525&#8243; img_size=&#8220;full&#8220; img_link_target=&#8220;_blank&#8220; onclick=&#8220;custom_link&#8220;][vc_column_text css=&#8220;.vc_custom_1594463998035{padding-top:","og_url":"https:\/\/solarchitecture.ch\/de\/ewz-baut-erste-hochalpine-solar-grossanlage\/","og_site_name":"Solarchitecture","article_published_time":"2020-05-06T13:12:39+00:00","article_modified_time":"2022-09-02T09:25:00+00:00","og_image":[{"width":597,"height":398,"url":"https:\/\/solarchitecture.ch\/wp-content\/uploads\/2020\/05\/main-picture_EWZ.png","type":"image\/png"}],"author":"Solar Architecture","twitter_card":"summary_large_image","twitter_misc":{"Verfasst von":"Solar Architecture","Gesch\u00e4tzte Lesezeit":"5\u00a0Minuten"},"schema":{"@context":"https:\/\/schema.org","@graph":[{"@type":"Article","@id":"https:\/\/solarchitecture.ch\/de\/ewz-baut-erste-hochalpine-solar-grossanlage\/#article","isPartOf":{"@id":"https:\/\/solarchitecture.ch\/de\/ewz-baut-erste-hochalpine-solar-grossanlage\/"},"author":{"name":"Solar Architecture","@id":"https:\/\/solarchitecture.ch\/de\/#\/schema\/person\/9574b0ccd534aeaa599ef02f64445744"},"headline":"ewz baut erste hochalpine Solar-Grossanlage","datePublished":"2020-05-06T13:12:39+00:00","dateModified":"2022-09-02T09:25:00+00:00","mainEntityOfPage":{"@id":"https:\/\/solarchitecture.ch\/de\/ewz-baut-erste-hochalpine-solar-grossanlage\/"},"wordCount":973,"publisher":{"@id":"https:\/\/solarchitecture.ch\/de\/#organization"},"image":{"@id":"https:\/\/solarchitecture.ch\/de\/ewz-baut-erste-hochalpine-solar-grossanlage\/#primaryimage"},"thumbnailUrl":"https:\/\/solarchitecture.ch\/wp-content\/uploads\/2020\/05\/main-picture_EWZ.png","articleSection":["News","Uncategorized"],"inLanguage":"de"},{"@type":"WebPage","@id":"https:\/\/solarchitecture.ch\/de\/ewz-baut-erste-hochalpine-solar-grossanlage\/","url":"https:\/\/solarchitecture.ch\/de\/ewz-baut-erste-hochalpine-solar-grossanlage\/","name":"ewz baut erste hochalpine Solar-Grossanlage - Solarchitecture","isPartOf":{"@id":"https:\/\/solarchitecture.ch\/de\/#website"},"primaryImageOfPage":{"@id":"https:\/\/solarchitecture.ch\/de\/ewz-baut-erste-hochalpine-solar-grossanlage\/#primaryimage"},"image":{"@id":"https:\/\/solarchitecture.ch\/de\/ewz-baut-erste-hochalpine-solar-grossanlage\/#primaryimage"},"thumbnailUrl":"https:\/\/solarchitecture.ch\/wp-content\/uploads\/2020\/05\/main-picture_EWZ.png","datePublished":"2020-05-06T13:12:39+00:00","dateModified":"2022-09-02T09:25:00+00:00","breadcrumb":{"@id":"https:\/\/solarchitecture.ch\/de\/ewz-baut-erste-hochalpine-solar-grossanlage\/#breadcrumb"},"inLanguage":"de","potentialAction":[{"@type":"ReadAction","target":["https:\/\/solarchitecture.ch\/de\/ewz-baut-erste-hochalpine-solar-grossanlage\/"]}]},{"@type":"ImageObject","inLanguage":"de","@id":"https:\/\/solarchitecture.ch\/de\/ewz-baut-erste-hochalpine-solar-grossanlage\/#primaryimage","url":"https:\/\/solarchitecture.ch\/wp-content\/uploads\/2020\/05\/main-picture_EWZ.png","contentUrl":"https:\/\/solarchitecture.ch\/wp-content\/uploads\/2020\/05\/main-picture_EWZ.png","width":597,"height":398},{"@type":"BreadcrumbList","@id":"https:\/\/solarchitecture.ch\/de\/ewz-baut-erste-hochalpine-solar-grossanlage\/#breadcrumb","itemListElement":[{"@type":"ListItem","position":1,"name":"Home","item":"https:\/\/solarchitecture.ch\/de\/"},{"@type":"ListItem","position":2,"name":"ewz baut erste hochalpine Solar-Grossanlage"}]},{"@type":"WebSite","@id":"https:\/\/solarchitecture.ch\/de\/#website","url":"https:\/\/solarchitecture.ch\/de\/","name":"Solarchitecture","description":"Building solution","publisher":{"@id":"https:\/\/solarchitecture.ch\/de\/#organization"},"potentialAction":[{"@type":"SearchAction","target":{"@type":"EntryPoint","urlTemplate":"https:\/\/solarchitecture.ch\/de\/?s={search_term_string}"},"query-input":{"@type":"PropertyValueSpecification","valueRequired":true,"valueName":"search_term_string"}}],"inLanguage":"de"},{"@type":"Organization","@id":"https:\/\/solarchitecture.ch\/de\/#organization","name":"Solarchitecture","url":"https:\/\/solarchitecture.ch\/de\/","logo":{"@type":"ImageObject","inLanguage":"de","@id":"https:\/\/solarchitecture.ch\/de\/#\/schema\/logo\/image\/","url":"https:\/\/solarchitecture.ch\/wp-content\/uploads\/2022\/07\/solarchitecture_logo.jpg","contentUrl":"https:\/\/solarchitecture.ch\/wp-content\/uploads\/2022\/07\/solarchitecture_logo.jpg","width":312,"height":312,"caption":"Solarchitecture"},"image":{"@id":"https:\/\/solarchitecture.ch\/de\/#\/schema\/logo\/image\/"}},{"@type":"Person","@id":"https:\/\/solarchitecture.ch\/de\/#\/schema\/person\/9574b0ccd534aeaa599ef02f64445744","name":"Solar Architecture","image":{"@type":"ImageObject","inLanguage":"de","@id":"https:\/\/solarchitecture.ch\/de\/#\/schema\/person\/image\/","url":"https:\/\/secure.gravatar.com\/avatar\/5248fcb2bab99263f8f157f166bf6916de4582d008a551554fe906e623e4fda0?s=96&d=mm&r=g","contentUrl":"https:\/\/secure.gravatar.com\/avatar\/5248fcb2bab99263f8f157f166bf6916de4582d008a551554fe906e623e4fda0?s=96&d=mm&r=g","caption":"Solar Architecture"},"url":"https:\/\/solarchitecture.ch\/de\/author\/solar\/"}]}},"_links":{"self":[{"href":"https:\/\/solarchitecture.ch\/de\/wp-json\/wp\/v2\/posts\/38679","targetHints":{"allow":["GET"]}}],"collection":[{"href":"https:\/\/solarchitecture.ch\/de\/wp-json\/wp\/v2\/posts"}],"about":[{"href":"https:\/\/solarchitecture.ch\/de\/wp-json\/wp\/v2\/types\/post"}],"author":[{"embeddable":true,"href":"https:\/\/solarchitecture.ch\/de\/wp-json\/wp\/v2\/users\/2021"}],"replies":[{"embeddable":true,"href":"https:\/\/solarchitecture.ch\/de\/wp-json\/wp\/v2\/comments?post=38679"}],"version-history":[{"count":20,"href":"https:\/\/solarchitecture.ch\/de\/wp-json\/wp\/v2\/posts\/38679\/revisions"}],"predecessor-version":[{"id":51302,"href":"https:\/\/solarchitecture.ch\/de\/wp-json\/wp\/v2\/posts\/38679\/revisions\/51302"}],"wp:featuredmedia":[{"embeddable":true,"href":"https:\/\/solarchitecture.ch\/de\/wp-json\/wp\/v2\/media\/38525"}],"wp:attachment":[{"href":"https:\/\/solarchitecture.ch\/de\/wp-json\/wp\/v2\/media?parent=38679"}],"wp:term":[{"taxonomy":"category","embeddable":true,"href":"https:\/\/solarchitecture.ch\/de\/wp-json\/wp\/v2\/categories?post=38679"},{"taxonomy":"post_tag","embeddable":true,"href":"https:\/\/solarchitecture.ch\/de\/wp-json\/wp\/v2\/tags?post=38679"}],"curies":[{"name":"wp","href":"https:\/\/api.w.org\/{rel}","templated":true}]}}